{"id":16557,"date":"2021-03-26T23:40:29","date_gmt":"2021-03-26T23:40:29","guid":{"rendered":"https:\/\/visionciudadana.com.mx\/chio\/2021\/03\/26\/pondra-la-uas-a-disposicion-mas-de-38-mil-fichas-a-partir-del-lunes-29-de-marzo\/"},"modified":"2025-06-25T00:16:46","modified_gmt":"2025-06-25T00:16:46","slug":"pondra-la-uas-a-disposicion-mas-de-38-mil-fichas-a-partir-del-lunes-29-de-marzo","status":"publish","type":"post","link":"https:\/\/visionciudadana.com.mx\/oficial\/2021\/03\/26\/pondra-la-uas-a-disposicion-mas-de-38-mil-fichas-a-partir-del-lunes-29-de-marzo\/","title":{"rendered":"Pondr\u00e1 la UAS a disposici\u00f3n m\u00e1s de 38 mil fichas a partir del lunes 29 de marzo"},"content":{"rendered":"<p style=\"text-align: justify;\"><span style=\"font-size: 14pt; font-family: arial, helvetica, sans-serif;\"><b><span lang=\"ES\"><img fetchpriority=\"high\" decoding=\"async\" src=\"images\/Marzo21\/pondr\u00e1_la_uas.PNG\" alt=\"pondr\u00e1 la uas\" width=\"410\" height=\"227\" style=\"display: block; margin-left: auto; margin-right: auto;\" \/><\/span><\/b><\/span><\/p>\n<p>&nbsp;<\/p>\n<p class=\"x_MsoNormal\" style=\"text-align: justify;\" align=\"right\"><span style=\"font-size: 14pt; font-family: arial, helvetica, sans-serif;\"><b><span lang=\"ES\">P<\/span><\/b><\/span><span lang=\"ES\" style=\"font-size: 14pt; font-family: arial, helvetica, sans-serif;\">or tercera ocasi\u00f3n, la Universidad Aut\u00f3noma de Sinaloa (UAS), a trav\u00e9s de su Comisi\u00f3n Institucional de Admisi\u00f3n ofertar\u00e1 m\u00e1s fichas, entre nuevas y reofertadas, para los aspirantes a ingresar a los niveles medio superior y superior en el Ciclo Escolar 2021-2022, y para ello se abrir\u00e1 el portal universitario el pr\u00f3ximo lunes 29 de marzo en punto de las 8 horas, inform\u00f3 el Rector, doctor Juan Eulogio Guerra Liera.<\/span><\/p>\n<p class=\"x_MsoNormal\" style=\"text-align: justify;\"><span lang=\"ES\" style=\"font-size: 14pt; font-family: arial, helvetica, sans-serif;\"><\/span><\/p>\n<p class=\"x_MsoNormal\" style=\"text-align: justify;\"><span style=\"font-size: 14pt; font-family: arial, helvetica, sans-serif;\"><span lang=\"ES\">En una transmisi\u00f3n especial por Radio UAS, Guerra Liera se\u00f1al\u00f3 que con esta ampliaci\u00f3n que incluye 300 fichas para la carrera de Medicina General,&nbsp;<\/span>el cierre del proceso de preinscripci\u00f3n se difiere, y en lugar de cerrar hoy 26 de marzo, seguir\u00e1 abierto hasta el 15 de abril para adquirir una ficha y realizar el pago, mientras que el \u00faltimo d\u00eda para registrarse en CENEVAL, en el caso del nivel superior, es el viernes 16 de abril.<\/span><\/p>\n<p class=\"x_MsoNormal\" style=\"text-align: justify;\"><span lang=\"ES\" style=\"font-size: 14pt; font-family: arial, helvetica, sans-serif;\"><\/span><\/p>\n<p class=\"x_MsoNormal\" style=\"text-align: justify;\"><span style=\"font-size: 14pt; font-family: arial, helvetica, sans-serif;\">\u201cLa nota de hoy es que hay una nueva oferta de fichas, estas son en el nivel medio superior se van a ofrecer 15 mil 875 fichas, (de ellas) mil 10 nuevas fichas y 14 mil 865 reofertadas, es decir, que se detect\u00f3 que hab\u00eda fichas que se hab\u00edan asumido y no le dieron movilidad, esto hace sospechar a la Comisi\u00f3n Institucional de Admisi\u00f3n que no hay inter\u00e9s o esas fichas quedaron ah\u00ed estancadas\u201d, precis\u00f3 el Rector.<\/span><\/p>\n<p>&nbsp;<\/p>\n<p class=\"x_MsoNormal\" style=\"text-align: justify;\"><span style=\"font-size: 14pt; font-family: arial, helvetica, sans-serif;\">\u201cEn el nivel superior se ofrecer\u00e1n 22 mil 760 fichas adicionales, mil 780 nuevas, y 20 mil 980 reofertadas, estamos hablando en total de 38 mil 635 fichas que, sumadas a las 77 mil 860 iniciales, m\u00e1s la ampliaci\u00f3n de 18 mil 515 ha sido una oferta global de 135 mil 10&nbsp;fichas, o sea, una cifra nunca alcanzada y que muestra la preocupaci\u00f3n de la Universidad de abrir el espacio a quienes intentan estudiar en ella\u201d, expres\u00f3.<\/span><\/p>\n<p>&nbsp;<\/p>\n<p class=\"x_MsoNormal\" style=\"text-align: justify;\"><span style=\"font-size: 14pt; font-family: arial, helvetica, sans-serif;\">El dirigente universitario reiter\u00f3 la importancia de que los aspirantes a una licenciatura realicen el registro ante CENEVAL antes del 16 de abril pues sin su folio<i>&nbsp;<\/i>no podr\u00e1n presentar el examen en el nivel superior ya que este Registro CENEVAL es lo que les permitir\u00e1 que se programe su examen, de lo contrario no les llegar\u00e1n las indicaciones para el examen en l\u00ednea, desde casa, los d\u00edas jueves 20 y viernes 21 de mayo.<\/span><\/p>\n<p class=\"x_MsoNormal\" style=\"text-align: justify;\"><span style=\"font-size: 14pt; font-family: arial, helvetica, sans-serif;\"><b>&nbsp;<\/b><\/span><\/p>\n<p class=\"x_MsoNormal\" style=\"text-align: justify;\"><span style=\"font-size: 14pt; font-family: arial, helvetica, sans-serif;\">Como un ejemplo de esta tercera ampliaci\u00f3n de fichas cit\u00f3 que en la Preparatoria Central Diurna se dar\u00e1n 100 fichas, en la Guasave Diurna 100, en la Emiliano Zapata 100, en la Flores Mag\u00f3n 50, en la Salvador Allende 80, por citar algunas para dar un total de mil 10 fichas m\u00e1s.<\/span><\/p>\n<p>&nbsp;<\/p>\n<p class=\"x_MsoNormal\" style=\"text-align: justify;\"><span style=\"font-size: 14pt; font-family: arial, helvetica, sans-serif;\">\u201cEn el \u00e1rea de la Salud, que es una de las m\u00e1s exigidas, tenemos en optometr\u00eda 10 fichas, en terapia 50, podolog\u00eda 50, Imagenolog\u00eda 50, gericultura 50; Medicina General que es la m\u00e1s demandada 300 fichas, esto va a permitir que los j\u00f3venes que no pudieron en el primer y segundo momento, tener la posibilidad\u201d, manifest\u00f3.<\/span><\/p>\n<p class=\"x_MsoNormal\" style=\"text-align: justify;\"><span style=\"font-size: 14pt; font-family: arial, helvetica, sans-serif;\"><b>&nbsp;<\/b><\/span><\/p>\n<p class=\"x_MsoNormal\" style=\"text-align: justify;\"><span style=\"font-size: 14pt; font-family: arial, helvetica, sans-serif;\">En cuanto al comportamiento del proceso de preinscripci\u00f3n, dio a conocer que en un corte a las 8 horas de este viernes 26 de manera global se tiene que la oferta inicial fue de 77 mil 860 fichas en todo el estado, se dio una ampliaci\u00f3n de 18 mil 515 fichas para dar una oferta total de 96 mil 375 fichas, de las cuales fueron tomadas 56 mil 921 y de estas fueron pagadas 41 mil 802 fichas y se han registrado en CENEVAL 16 mil 794.<\/span><\/p>\n<p>&nbsp;<\/p>\n<p class=\"x_MsoNormal\" style=\"text-align: justify;\"><span style=\"font-size: 14pt; font-family: arial, helvetica, sans-serif;\">Por \u00faltimo, el Rector hizo el llamado a los padres de familia y a los aspirantes a que no se dejen sorprender por gente que les ofrezca la venta de fichas.<\/span><\/p>\n<p style=\"text-align: justify;\">&nbsp;<\/p>\n<p style=\"text-align: justify;\">&nbsp;<\/p>\n<p style=\"text-align: justify;\"><span style=\"font-size: 14pt; font-family: arial, helvetica, sans-serif;\">REDACCI\u00d3N\/VISI\u00d3N CIUDADANA.<\/span><\/p>\n","protected":false},"excerpt":{"rendered":"<p>&nbsp; Por tercera ocasi\u00f3n, la Universidad Aut\u00f3noma de Sinaloa (UAS), a trav\u00e9s de su Comisi\u00f3n Institucional de Admisi\u00f3n ofertar\u00e1 m\u00e1s fichas, entre nuevas y reofertadas, para los aspirantes a ingresar a los niveles medio superior y superior en el Ciclo Escolar 2021-2022, y para ello se abrir\u00e1 el portal universitario el pr\u00f3ximo lunes 29 de [&hellip;]<\/p>\n","protected":false},"author":1,"featured_media":38,"comment_status":"closed","ping_status":"closed","sticky":false,"template":"","format":"standard","meta":{"footnotes":""},"categories":[24],"tags":[],"ppma_author":[31],"class_list":["post-16557","post","type-post","status-publish","format-standard","has-post-thumbnail","hentry","category-relevantes"],"aioseo_notices":[],"authors":[{"term_id":31,"user_id":1,"is_guest":0,"slug":"ivan3vino","display_name":"Iv\u00e1n Trevi\u00f1o","avatar_url":{"url":"https:\/\/visionciudadana.com.mx\/oficial\/wp-content\/uploads\/2025\/09\/columna-ivan-Trevino.png","url2x":"https:\/\/visionciudadana.com.mx\/oficial\/wp-content\/uploads\/2025\/09\/columna-ivan-Trevino.png"},"0":null,"1":"","2":"","3":"","4":"","5":"","6":"","7":"","8":""}],"_links":{"self":[{"href":"https:\/\/visionciudadana.com.mx\/oficial\/wp-json\/wp\/v2\/posts\/16557","targetHints":{"allow":["GET"]}}],"collection":[{"href":"https:\/\/visionciudadana.com.mx\/oficial\/wp-json\/wp\/v2\/posts"}],"about":[{"href":"https:\/\/visionciudadana.com.mx\/oficial\/wp-json\/wp\/v2\/types\/post"}],"author":[{"embeddable":true,"href":"https:\/\/visionciudadana.com.mx\/oficial\/wp-json\/wp\/v2\/users\/1"}],"replies":[{"embeddable":true,"href":"https:\/\/visionciudadana.com.mx\/oficial\/wp-json\/wp\/v2\/comments?post=16557"}],"version-history":[{"count":1,"href":"https:\/\/visionciudadana.com.mx\/oficial\/wp-json\/wp\/v2\/posts\/16557\/revisions"}],"predecessor-version":[{"id":31269,"href":"https:\/\/visionciudadana.com.mx\/oficial\/wp-json\/wp\/v2\/posts\/16557\/revisions\/31269"}],"wp:featuredmedia":[{"embeddable":true,"href":"https:\/\/visionciudadana.com.mx\/oficial\/wp-json\/wp\/v2\/posts\/38"}],"wp:attachment":[{"href":"https:\/\/visionciudadana.com.mx\/oficial\/wp-json\/wp\/v2\/media?parent=16557"}],"wp:term":[{"taxonomy":"category","embeddable":true,"href":"https:\/\/visionciudadana.com.mx\/oficial\/wp-json\/wp\/v2\/categories?post=16557"},{"taxonomy":"post_tag","embeddable":true,"href":"https:\/\/visionciudadana.com.mx\/oficial\/wp-json\/wp\/v2\/tags?post=16557"},{"taxonomy":"author","embeddable":true,"href":"https:\/\/visionciudadana.com.mx\/oficial\/wp-json\/wp\/v2\/ppma_author?post=16557"}],"curies":[{"name":"wp","href":"https:\/\/api.w.org\/{rel}","templated":true}]}}