{"id":16556,"date":"2021-03-26T23:32:36","date_gmt":"2021-03-26T23:32:36","guid":{"rendered":"https:\/\/visionciudadana.com.mx\/chio\/2021\/03\/26\/vamos-por-un-gobierno-de-ciudadanos-para-ciudadanos-por-un-sinaloa-mas-grande-sergio-torres\/"},"modified":"2025-06-25T00:16:46","modified_gmt":"2025-06-25T00:16:46","slug":"vamos-por-un-gobierno-de-ciudadanos-para-ciudadanos-por-un-sinaloa-mas-grande-sergio-torres","status":"publish","type":"post","link":"https:\/\/visionciudadana.com.mx\/oficial\/2021\/03\/26\/vamos-por-un-gobierno-de-ciudadanos-para-ciudadanos-por-un-sinaloa-mas-grande-sergio-torres\/","title":{"rendered":"Vamos por un gobierno de ciudadanos para ciudadanos, por un Sinaloa m\u00e1s grande: Sergio Torres"},"content":{"rendered":"<p style=\"text-align: justify;\">&nbsp;<\/p>\n<p style=\"text-align: justify;\"><img fetchpriority=\"high\" decoding=\"async\" src=\"images\/Marzo21\/CHECH.jpg\" alt=\"CHECH\" width=\"780\" height=\"420\" style=\"display: block; margin-left: auto; margin-right: auto;\" \/><\/p>\n<p style=\"text-align: justify;\"><span style=\"font-size: 14pt; font-family: arial, helvetica, sans-serif;\">Somos de los que no andamos a medias tintas, vamos con todo, con un gran equipo, con los mejores candidatos y candidatas; a jugar limpio y con respeto a las leyes e instituciones electorales, vamos a ganar para gobernar Sinaloa y hacerlo m\u00e1s grande.<\/span><\/p>\n<p style=\"text-align: justify;\">\n<p><span style=\"font-size: 14pt; font-family: arial, helvetica, sans-serif;\">Sergio Torres, candidato de Movimiento Ciudadano al gobierno del estado, manifest\u00f3 lo anterior al ser registrado oficialmente ante el Instituto Electoral del Estado de Sinaloa, y se\u00f1al\u00f3 que har\u00e1 un gobierno de ciudadanos para ciudadanos.<\/span><\/p>\n<p style=\"text-align: justify;\">\n<p><span style=\"font-size: 14pt; font-family: arial, helvetica, sans-serif;\">Agreg\u00f3 que ser\u00e1 gobernador para rescatar los presupuestos que de manera injusta les fueron arrebatados a agricultores y pescadores; y los m\u00e1s de 5 mil millones de presupuesto estatal que el gobierno federal le quit\u00f3 a la gente de Sinaloa, para atender todos los problemas que aquejan a los sinaloenses, principalmente lo referente a salud, seguridad y la falta de empleos.<\/span><\/p>\n<p style=\"text-align: justify;\"><span style=\"font-size: 14pt; font-family: arial, helvetica, sans-serif;\">Vamos, asegur\u00f3 el candidato, a sacar del gobierno a una clase pol\u00edtica anquilosada, que acapara para ellos, sus familiares y compadres todas las oportunidades y espacios pol\u00edticos y de empleo.<\/span><\/p>\n<p style=\"text-align: justify;\">\n<p><span style=\"font-size: 14pt; font-family: arial, helvetica, sans-serif;\">Ratific\u00f3 Sergio Torres: vamos a regresar la grandeza a Sinaloa, a ganarnos de frente y con esfuerzo la confianza de la gente, tenemos para ello los mejores candidatos y candidatas en todo el estado.<\/span><\/p>\n<p style=\"text-align: justify;\">&nbsp;<\/p>\n<p style=\"text-align: justify;\"><span style=\"font-size: 14pt; font-family: arial, helvetica, sans-serif;\">REDACCI\u00d3N\/VISI\u00d3N CIUDADANA.<\/span><\/p>\n","protected":false},"excerpt":{"rendered":"<p>&nbsp; Somos de los que no andamos a medias tintas, vamos con todo, con un gran equipo, con los mejores candidatos y candidatas; a jugar limpio y con respeto a las leyes e instituciones electorales, vamos a ganar para gobernar Sinaloa y hacerlo m\u00e1s grande. Sergio Torres, candidato de Movimiento Ciudadano al gobierno del estado, [&hellip;]<\/p>\n","protected":false},"author":1,"featured_media":36,"comment_status":"closed","ping_status":"closed","sticky":false,"template":"","format":"standard","meta":{"footnotes":""},"categories":[24],"tags":[],"ppma_author":[31],"class_list":["post-16556","post","type-post","status-publish","format-standard","has-post-thumbnail","hentry","category-relevantes"],"aioseo_notices":[],"authors":[{"term_id":31,"user_id":1,"is_guest":0,"slug":"ivan3vino","display_name":"Iv\u00e1n Trevi\u00f1o","avatar_url":{"url":"https:\/\/visionciudadana.com.mx\/oficial\/wp-content\/uploads\/2025\/09\/columna-ivan-Trevino.png","url2x":"https:\/\/visionciudadana.com.mx\/oficial\/wp-content\/uploads\/2025\/09\/columna-ivan-Trevino.png"},"0":null,"1":"","2":"","3":"","4":"","5":"","6":"","7":"","8":""}],"_links":{"self":[{"href":"https:\/\/visionciudadana.com.mx\/oficial\/wp-json\/wp\/v2\/posts\/16556","targetHints":{"allow":["GET"]}}],"collection":[{"href":"https:\/\/visionciudadana.com.mx\/oficial\/wp-json\/wp\/v2\/posts"}],"about":[{"href":"https:\/\/visionciudadana.com.mx\/oficial\/wp-json\/wp\/v2\/types\/post"}],"author":[{"embeddable":true,"href":"https:\/\/visionciudadana.com.mx\/oficial\/wp-json\/wp\/v2\/users\/1"}],"replies":[{"embeddable":true,"href":"https:\/\/visionciudadana.com.mx\/oficial\/wp-json\/wp\/v2\/comments?post=16556"}],"version-history":[{"count":1,"href":"https:\/\/visionciudadana.com.mx\/oficial\/wp-json\/wp\/v2\/posts\/16556\/revisions"}],"predecessor-version":[{"id":31270,"href":"https:\/\/visionciudadana.com.mx\/oficial\/wp-json\/wp\/v2\/posts\/16556\/revisions\/31270"}],"wp:featuredmedia":[{"embeddable":true,"href":"https:\/\/visionciudadana.com.mx\/oficial\/wp-json\/wp\/v2\/posts\/36"}],"wp:attachment":[{"href":"https:\/\/visionciudadana.com.mx\/oficial\/wp-json\/wp\/v2\/media?parent=16556"}],"wp:term":[{"taxonomy":"category","embeddable":true,"href":"https:\/\/visionciudadana.com.mx\/oficial\/wp-json\/wp\/v2\/categories?post=16556"},{"taxonomy":"post_tag","embeddable":true,"href":"https:\/\/visionciudadana.com.mx\/oficial\/wp-json\/wp\/v2\/tags?post=16556"},{"taxonomy":"author","embeddable":true,"href":"https:\/\/visionciudadana.com.mx\/oficial\/wp-json\/wp\/v2\/ppma_author?post=16556"}],"curies":[{"name":"wp","href":"https:\/\/api.w.org\/{rel}","templated":true}]}}