{"id":16555,"date":"2021-03-26T23:23:47","date_gmt":"2021-03-26T23:23:47","guid":{"rendered":"https:\/\/visionciudadana.com.mx\/chio\/2021\/03\/26\/organiza-el-pas-reunion-de-trabajo-en-seis-municipios\/"},"modified":"2025-06-25T00:16:46","modified_gmt":"2025-06-25T00:16:46","slug":"organiza-el-pas-reunion-de-trabajo-en-seis-municipios","status":"publish","type":"post","link":"https:\/\/visionciudadana.com.mx\/oficial\/2021\/03\/26\/organiza-el-pas-reunion-de-trabajo-en-seis-municipios\/","title":{"rendered":"Organiza el PAS reuni\u00f3n de trabajo en seis municipios"},"content":{"rendered":"<div><img fetchpriority=\"high\" decoding=\"async\" src=\"images\/Marzo21\/recorrido_pas.jpg\" alt=\"recorrido pas\" width=\"780\" height=\"420\" style=\"display: block; margin-left: auto; margin-right: auto;\" \/><\/div>\n<div style=\"text-align: justify;\"><span style=\"font-size: 14pt; font-family: arial, helvetica, sans-serif;\">\u201cA nivel del estado esta es la cuarta reuni\u00f3n de esta naturaleza, nos estamos reuniendo aqu\u00ed los presidentes de los CDM de Angostura, Badiraguato, Navolato, Elota, Cosal\u00e1 y San Ignacio, m\u00e1s los 39 candidatos del PAS a diferentes posiciones p\u00fablicas de estas localidades que se votar\u00e1n el 6 de junio de este a\u00f1o, me refiero a presidentes municipales, s\u00edndicos procuradores y regidores\u201d, expres\u00f3 H\u00e9ctor Melesio Cu\u00e9n Ojeda.<\/span><\/div>\n<div style=\"text-align: justify;\">\n<p><span style=\"font-size: 14pt; font-family: arial, helvetica, sans-serif;\">El objetivo es muy claro, entender el compromiso que asumimos con el partido de MORENA al acordar candidaturas comunes para gobernador del estado en la persona del Dr. Rub\u00e9n Rocha Moya, los 24 distritos electorales y en 15 presidencias municipales.<\/span><\/div>\n<div style=\"text-align: justify;\">\n<p><span style=\"font-size: 14pt; font-family: arial, helvetica, sans-serif;\">Es un compromiso que tiene como fin principal llevar al Dr. Rocha Moya a la gubernatura de Sinaloa, pero tambi\u00e9n que mucha gente del PAS alcance posiciones en toda la entidad para aspirar a participar en un gobierno incluyente.<\/span><\/div>\n<div style=\"text-align: justify;\">\n<p><span style=\"font-size: 14pt; font-family: arial, helvetica, sans-serif;\">\u201cCon trabajo organizado y responsable cumpliremos nuestras metas, no vamos a confiarnos y que nos pase lo que en anteriores procesos electorales nos ocurri\u00f3, donde la apat\u00eda, la falta de compromiso y la simulaci\u00f3n ocasionaron que tuvi\u00e9ramos resultados nada gratos. Hoy, todo vamos a revisar, todo vamos a fiscalizar, todo vamos a evaluar\u201d, afirm\u00f3 Cu\u00e9n Ojeda.<\/span><\/div>\n<div style=\"text-align: justify;\">\n<p><span style=\"font-size: 14pt; font-family: arial, helvetica, sans-serif;\">El PAS ya demostr\u00f3 que tiene fuerza y estructura, por ello nuestra participaci\u00f3n ser\u00e1 digna y competente.<\/span><\/div>\n<div style=\"text-align: justify;\">\n<p><span style=\"font-size: 14pt; font-family: arial, helvetica, sans-serif;\">Los resultados que vamos a obtener ser\u00e1n muy buenos para nuestro partido lo cual permitir\u00e1 para muchos de los aqu\u00ed presentes continuar con sus aspiraciones pol\u00edticas.<\/span><\/div>\n<div style=\"text-align: justify;\">\n<p><span style=\"font-size: 14pt; font-family: arial, helvetica, sans-serif;\">En los pr\u00f3ximos d\u00edas les presentaremos la estrategia electoral a seguir, as\u00ed como la identidad gr\u00e1fica ya definida, que por cierto ayer se les present\u00f3 a los compa\u00f1eros de MORENA y tuvieron una muy buena opini\u00f3n de lo presentado.<\/span><\/div>\n<div style=\"text-align: justify;\">\n<p><span style=\"font-size: 14pt; font-family: arial, helvetica, sans-serif;\">El pr\u00f3ximo lunes tendremos una jornada de capacitaci\u00f3n con todos los candidatos del PAS a nivel estatal donde expondremos los siguientes temas: (1) Taller de discurso y narrativa; (2) \u00bfY ahora qu\u00e9 hago? (3) Ya tengo redes sociales, y ahora que publico, y (4) El ABC del Congreso y los Ayuntamientos.<\/span><\/div>\n<div style=\"text-align: justify;\">&nbsp;<\/div>\n<div style=\"text-align: justify;\">&nbsp;<\/div>\n<div style=\"text-align: justify;\"><span style=\"font-size: 14pt; font-family: arial, helvetica, sans-serif;\">REDACCI\u00d3N\/VISI\u00d3N CIUDADANA.<\/span><\/div>\n","protected":false},"excerpt":{"rendered":"<p>\u201cA nivel del estado esta es la cuarta reuni\u00f3n de esta naturaleza, nos estamos reuniendo aqu\u00ed los presidentes de los CDM de Angostura, Badiraguato, Navolato, Elota, Cosal\u00e1 y San Ignacio, m\u00e1s los 39 candidatos del PAS a diferentes posiciones p\u00fablicas de estas localidades que se votar\u00e1n el 6 de junio de este a\u00f1o, me refiero [&hellip;]<\/p>\n","protected":false},"author":1,"featured_media":34,"comment_status":"closed","ping_status":"closed","sticky":false,"template":"","format":"standard","meta":{"footnotes":""},"categories":[24],"tags":[],"ppma_author":[31],"class_list":["post-16555","post","type-post","status-publish","format-standard","has-post-thumbnail","hentry","category-relevantes"],"aioseo_notices":[],"authors":[{"term_id":31,"user_id":1,"is_guest":0,"slug":"ivan3vino","display_name":"Iv\u00e1n Trevi\u00f1o","avatar_url":{"url":"https:\/\/visionciudadana.com.mx\/oficial\/wp-content\/uploads\/2025\/09\/columna-ivan-Trevino.png","url2x":"https:\/\/visionciudadana.com.mx\/oficial\/wp-content\/uploads\/2025\/09\/columna-ivan-Trevino.png"},"0":null,"1":"","2":"","3":"","4":"","5":"","6":"","7":"","8":""}],"_links":{"self":[{"href":"https:\/\/visionciudadana.com.mx\/oficial\/wp-json\/wp\/v2\/posts\/16555","targetHints":{"allow":["GET"]}}],"collection":[{"href":"https:\/\/visionciudadana.com.mx\/oficial\/wp-json\/wp\/v2\/posts"}],"about":[{"href":"https:\/\/visionciudadana.com.mx\/oficial\/wp-json\/wp\/v2\/types\/post"}],"author":[{"embeddable":true,"href":"https:\/\/visionciudadana.com.mx\/oficial\/wp-json\/wp\/v2\/users\/1"}],"replies":[{"embeddable":true,"href":"https:\/\/visionciudadana.com.mx\/oficial\/wp-json\/wp\/v2\/comments?post=16555"}],"version-history":[{"count":1,"href":"https:\/\/visionciudadana.com.mx\/oficial\/wp-json\/wp\/v2\/posts\/16555\/revisions"}],"predecessor-version":[{"id":31271,"href":"https:\/\/visionciudadana.com.mx\/oficial\/wp-json\/wp\/v2\/posts\/16555\/revisions\/31271"}],"wp:featuredmedia":[{"embeddable":true,"href":"https:\/\/visionciudadana.com.mx\/oficial\/wp-json\/wp\/v2\/posts\/34"}],"wp:attachment":[{"href":"https:\/\/visionciudadana.com.mx\/oficial\/wp-json\/wp\/v2\/media?parent=16555"}],"wp:term":[{"taxonomy":"category","embeddable":true,"href":"https:\/\/visionciudadana.com.mx\/oficial\/wp-json\/wp\/v2\/categories?post=16555"},{"taxonomy":"post_tag","embeddable":true,"href":"https:\/\/visionciudadana.com.mx\/oficial\/wp-json\/wp\/v2\/tags?post=16555"},{"taxonomy":"author","embeddable":true,"href":"https:\/\/visionciudadana.com.mx\/oficial\/wp-json\/wp\/v2\/ppma_author?post=16555"}],"curies":[{"name":"wp","href":"https:\/\/api.w.org\/{rel}","templated":true}]}}