{"id":16554,"date":"2021-03-26T21:50:55","date_gmt":"2021-03-26T21:50:55","guid":{"rendered":"https:\/\/visionciudadana.com.mx\/chio\/2021\/03\/26\/dif-sinaloa-rehabilitara-33-espacios-de-alimentacion-de-zonas-vulnerables\/"},"modified":"2025-06-25T00:16:46","modified_gmt":"2025-06-25T00:16:46","slug":"dif-sinaloa-rehabilitara-33-espacios-de-alimentacion-de-zonas-vulnerables","status":"publish","type":"post","link":"https:\/\/visionciudadana.com.mx\/oficial\/2021\/03\/26\/dif-sinaloa-rehabilitara-33-espacios-de-alimentacion-de-zonas-vulnerables\/","title":{"rendered":"DIF Sinaloa rehabilitar\u00e1 33 espacios de alimentaci\u00f3n de zonas vulnerables"},"content":{"rendered":"<p><img fetchpriority=\"high\" decoding=\"async\" src=\"images\/Marzo21\/comidas.jpg\" alt=\"comidas\" width=\"780\" height=\"420\" style=\"display: block; margin-left: auto; margin-right: auto;\" \/><\/p>\n<p style=\"text-align: justify;\"><span style=\"font-size: 14pt; font-family: arial, helvetica, sans-serif;\">Considerando el gran beneficio que deja en las comunidades los Espacios de Alimentaci\u00f3n, Encuentro y Desarrollo (EAEyD), la presidenta de DIF Sinaloa, Rosy Fuentes de Ordaz, anunci\u00f3 la rehabilitaci\u00f3n de 33 de ellos, para lo cual se invertir\u00e1n 3.3 MDP.<\/span><\/p>\n<p style=\"text-align: justify;\">&nbsp;<\/p>\n<p style=\"text-align: justify;\"><span style=\"font-size: 14pt; font-family: arial, helvetica, sans-serif;\">Contando con el respaldo del Gobernador del Estado, Quirino Ordaz Coppel, se rehabilitar\u00e1n los espacios de alimentaci\u00f3n con mayor actividad y que requieren de ciertas mejoras de infraestructura en algunos de los municipios de la zona Norte, Centro y Sur.<\/span><\/p>\n<p style=\"text-align: justify;\">&nbsp;<\/p>\n<p style=\"text-align: justify;\"><span style=\"font-size: 14pt; font-family: arial, helvetica, sans-serif;\">En compa\u00f1\u00eda del director general de la instituci\u00f3n, Ulises Medrano, Rosy Fuentes, expres\u00f3 su satisfacci\u00f3n por iniciar con estos trabajos de remodelaci\u00f3n: \u201cEstoy emocionada de ver como en el Tule han aprovechado los programas de DIF, y ahora con este apoyo con el que vamos a remodelar su espacio de alimentaci\u00f3n, segura estoy ser\u00e1 de gran beneficio para ustedes\u201d.<\/span><\/p>\n<p style=\"text-align: justify;\">&nbsp;<\/p>\n<p style=\"text-align: justify;\"><span style=\"font-size: 14pt; font-family: arial, helvetica, sans-serif;\">Destacar que en estos espacios trabajan de manera voluntaria y comprometida m\u00e1s de 4 mil mujeres. En los 313 EAEyD se apoya mensualmente a m\u00e1s de 27 mil personas con raciones de alimentos calientes y se fomenta la capacitaci\u00f3n permanente para el logro de proyectos productivos que coadyuven a la econom\u00eda de las familias.<\/span><\/p>\n<p style=\"text-align: justify;\">&nbsp;<\/p>\n<p style=\"text-align: justify;\"><span style=\"font-size: 14pt; font-family: arial, helvetica, sans-serif;\">Fuentes de Ordaz record\u00f3 que DIF Sinaloa logr\u00f3 la meta de equipar al 100% los 333 Espacios de alimentaci\u00f3n de los 18 municipios, y ahora se van a remodelar 33 de ellos.<\/span><\/p>\n<p style=\"text-align: justify;\">&nbsp;<\/p>\n<p style=\"text-align: justify;\"><span style=\"font-size: 14pt; font-family: arial, helvetica, sans-serif;\">Tambi\u00e9n explic\u00f3 que cada equipamiento tuvo un valor de $60 mil pesos y consta de estufa industrial, refrigerador, tinaco, tanque de gas, contenedores de basura, utensilios de cocina, mesas, sillas.<\/span><\/p>\n<p style=\"text-align: justify;\">&nbsp;<\/p>\n<p style=\"text-align: justify;\"><span style=\"font-size: 14pt; font-family: arial, helvetica, sans-serif;\">Rosy Fuentes aprovech\u00f3 esta visita para recorrer la bloquera instalada en la comunidad, misma que va a beneficiar a 60 familias. De igual manera la granja av\u00edcola, proyecto productivo con el que las familias mejoran su entorno econ\u00f3mico: \u201cPrincipalmente las mujeres se sienten empoderadas porque con su trabajo logran activar la econom\u00eda de su comunidad\u201d.<\/span><\/p>\n<p style=\"text-align: justify;\">&nbsp;<\/p>\n<p style=\"text-align: justify;\"><span style=\"font-size: 14pt; font-family: arial, helvetica, sans-serif;\">En representaci\u00f3n de los beneficiados, la Sra. Mar\u00eda del Carmen R\u00edos, agradeci\u00f3 el apoyo:\u201d Estamos muy agradecidas porque contaremos con un espacio de alimentaci\u00f3n digno, en nombre de todas le damos las gracias por el apoyo y seguiremos trabajando de la mano del gobernador, Quirino Ordaz Coppel\u201d.<\/span><\/p>\n<p style=\"text-align: justify;\">&nbsp;<\/p>\n<p style=\"text-align: justify;\"><span style=\"font-size: 14pt; font-family: arial, helvetica, sans-serif;\">En el evento tambi\u00e9n estuvieron presentes Alfonso Zevada Bio, director de Desarrollo Comunitario; Marcial C\u00e1rdenas, director de Asistencia Alimentaria y Social; Alfonso Favela Campos, s\u00edndico de El Tule y Jes\u00fas Larra\u00f1aga, s\u00edndico de Emiliano Zapata.<\/span><\/p>\n<p style=\"text-align: justify;\">&nbsp;<\/p>\n<p style=\"text-align: justify;\">&nbsp;<\/p>\n<p style=\"text-align: justify;\"><span style=\"font-size: 14pt; font-family: arial, helvetica, sans-serif;\">REDACCI\u00d3N\/VISI\u00d3N CIUDADANA.<\/span><\/p>\n","protected":false},"excerpt":{"rendered":"<p>Considerando el gran beneficio que deja en las comunidades los Espacios de Alimentaci\u00f3n, Encuentro y Desarrollo (EAEyD), la presidenta de DIF Sinaloa, Rosy Fuentes de Ordaz, anunci\u00f3 la rehabilitaci\u00f3n de 33 de ellos, para lo cual se invertir\u00e1n 3.3 MDP. &nbsp; Contando con el respaldo del Gobernador del Estado, Quirino Ordaz Coppel, se rehabilitar\u00e1n los [&hellip;]<\/p>\n","protected":false},"author":1,"featured_media":32,"comment_status":"closed","ping_status":"closed","sticky":false,"template":"","format":"standard","meta":{"footnotes":""},"categories":[24],"tags":[],"ppma_author":[31],"class_list":["post-16554","post","type-post","status-publish","format-standard","has-post-thumbnail","hentry","category-relevantes"],"aioseo_notices":[],"authors":[{"term_id":31,"user_id":1,"is_guest":0,"slug":"ivan3vino","display_name":"Iv\u00e1n Trevi\u00f1o","avatar_url":{"url":"https:\/\/visionciudadana.com.mx\/oficial\/wp-content\/uploads\/2025\/09\/columna-ivan-Trevino.png","url2x":"https:\/\/visionciudadana.com.mx\/oficial\/wp-content\/uploads\/2025\/09\/columna-ivan-Trevino.png"},"0":null,"1":"","2":"","3":"","4":"","5":"","6":"","7":"","8":""}],"_links":{"self":[{"href":"https:\/\/visionciudadana.com.mx\/oficial\/wp-json\/wp\/v2\/posts\/16554","targetHints":{"allow":["GET"]}}],"collection":[{"href":"https:\/\/visionciudadana.com.mx\/oficial\/wp-json\/wp\/v2\/posts"}],"about":[{"href":"https:\/\/visionciudadana.com.mx\/oficial\/wp-json\/wp\/v2\/types\/post"}],"author":[{"embeddable":true,"href":"https:\/\/visionciudadana.com.mx\/oficial\/wp-json\/wp\/v2\/users\/1"}],"replies":[{"embeddable":true,"href":"https:\/\/visionciudadana.com.mx\/oficial\/wp-json\/wp\/v2\/comments?post=16554"}],"version-history":[{"count":1,"href":"https:\/\/visionciudadana.com.mx\/oficial\/wp-json\/wp\/v2\/posts\/16554\/revisions"}],"predecessor-version":[{"id":31272,"href":"https:\/\/visionciudadana.com.mx\/oficial\/wp-json\/wp\/v2\/posts\/16554\/revisions\/31272"}],"wp:featuredmedia":[{"embeddable":true,"href":"https:\/\/visionciudadana.com.mx\/oficial\/wp-json\/wp\/v2\/posts\/32"}],"wp:attachment":[{"href":"https:\/\/visionciudadana.com.mx\/oficial\/wp-json\/wp\/v2\/media?parent=16554"}],"wp:term":[{"taxonomy":"category","embeddable":true,"href":"https:\/\/visionciudadana.com.mx\/oficial\/wp-json\/wp\/v2\/categories?post=16554"},{"taxonomy":"post_tag","embeddable":true,"href":"https:\/\/visionciudadana.com.mx\/oficial\/wp-json\/wp\/v2\/tags?post=16554"},{"taxonomy":"author","embeddable":true,"href":"https:\/\/visionciudadana.com.mx\/oficial\/wp-json\/wp\/v2\/ppma_author?post=16554"}],"curies":[{"name":"wp","href":"https:\/\/api.w.org\/{rel}","templated":true}]}}