{"id":16553,"date":"2021-03-26T21:36:31","date_gmt":"2021-03-26T21:36:31","guid":{"rendered":"https:\/\/visionciudadana.com.mx\/chio\/2021\/03\/26\/jornada-de-deteccion-de-cancer-de-cuello-uterino\/"},"modified":"2025-06-25T00:16:46","modified_gmt":"2025-06-25T00:16:46","slug":"jornada-de-deteccion-de-cancer-de-cuello-uterino","status":"publish","type":"post","link":"https:\/\/visionciudadana.com.mx\/oficial\/2021\/03\/26\/jornada-de-deteccion-de-cancer-de-cuello-uterino\/","title":{"rendered":"Jornada de detecci\u00f3n de c\u00e1ncer de cuello uterino"},"content":{"rendered":"<div><img fetchpriority=\"high\" decoding=\"async\" src=\"images\/Marzo21\/\u00fateroz.PNG\" alt=\"\u00fateroz\" width=\"404\" height=\"243\" style=\"display: block; margin-left: auto; margin-right: auto;\" \/><\/div>\n<div>&nbsp;<\/div>\n<div style=\"text-align: justify;\"><span style=\"font-size: 14pt; font-family: arial, helvetica, sans-serif;\">Secretaria de Salud a trav\u00e9s de la Direcci\u00f3n de Prevenci\u00f3n y Promoci\u00f3n de la salud en conjunto con el programa C\u00e1ncer de la Mujer hoy dan inicio a la jornada de detecci\u00f3n de c\u00e1ncer de cuello uterino y c\u00e1ncer de mama, en conmemoraci\u00f3n del D\u00eda Mundial de Prevenci\u00f3n del C\u00e1ncer de Cuello Uterino que se celebra el 26 de marzo de cada a\u00f1o.<\/span><\/div>\n<div style=\"text-align: justify;\"><span style=\"font-size: 14pt; font-family: arial, helvetica, sans-serif;\"><\/span><\/div>\n<div style=\"text-align: justify;\"><span style=\"font-size: 14pt; font-family: arial, helvetica, sans-serif;\">El lema para este d\u00eda es: \u201cPon Fin al C\u00e1ncer C\u00e9rvico Uterino #HazteTusDetecciones\u201d<\/span><\/div>\n<div style=\"text-align: justify;\">&nbsp;<\/div>\n<div style=\"text-align: justify;\"><span style=\"font-size: 14pt; font-family: arial, helvetica, sans-serif;\"><\/span><\/div>\n<div style=\"text-align: justify;\"><span style=\"font-size: 14pt; font-family: arial, helvetica, sans-serif;\">En el marco de este importante d\u00eda el Dr. Cristhian Aldo Mu\u00f1oz Madrid, director de prevenci\u00f3n y promoci\u00f3n de la salud dio a conocer que se reforzar\u00e1n actividades en las unidades de salud para la atenci\u00f3n oportuna de nuestras mujeres, con el objetivo de concienciar a todas las mujeres de la importancia de prevenir la aparici\u00f3n de esta enfermedad, teniendo en cuenta que, con un diagn\u00f3stico oportuno, se podr\u00edan revertir las cifras, que cada vez cobran m\u00e1s vidas.<\/span><\/div>\n<div style=\"text-align: justify;\">&nbsp;<\/div>\n<div style=\"text-align: justify;\"><span style=\"font-size: 14pt; font-family: arial, helvetica, sans-serif;\"><\/span><\/div>\n<div style=\"text-align: justify;\"><span style=\"font-size: 14pt; font-family: arial, helvetica, sans-serif;\">El director dio a conocer que dentro de las actividades principales se realiza mayor \u00e9nfasis en la promoci\u00f3n y difusi\u00f3n por redes sociales del autocuidado de la salud mediante los estudios de Papanicolaou y Prueba de VPH, adem\u00e1s de invitar a las mujeres sinaloenses a que acudan a su centro de salud m\u00e1s cercano a recibir la atenci\u00f3n totalmente gratuita.Adem\u00e1s inform\u00f3 que se instal\u00f3 este d\u00eda 26 de marzo, la unidad m\u00f3vil de la mujer en las instalaciones de la nueva unidad de gobierno para brindar el tamizaje a todo el personal que labora en las diferentes dependencias, en un horario de 08:00 hrs hasta las 14:30 hrs.<\/span><\/div>\n<div style=\"text-align: justify;\">&nbsp;<\/div>\n<div style=\"text-align: justify;\"><span style=\"font-size: 14pt; font-family: arial, helvetica, sans-serif;\"><\/span><\/div>\n<div style=\"text-align: justify;\"><span style=\"font-size: 14pt; font-family: arial, helvetica, sans-serif;\">En relaci\u00f3n a este padecimiento, coment\u00f3 que se trata de un tipo de tumor que se diagnostica, mayoritariamente, entre mujeres j\u00f3venes de entre 35 a 50 a\u00f1os y la causa principal para desarrollar este tipo de tumor es la infecci\u00f3n por el Virus del Papiloma Humano (VPH), que se transmite por contacto sexual.<\/span><\/div>\n<div style=\"text-align: justify;\">&nbsp;<\/div>\n<div style=\"text-align: justify;\"><span style=\"font-size: 14pt; font-family: arial, helvetica, sans-serif;\"><\/span><\/div>\n<div style=\"text-align: justify;\"><span style=\"font-size: 14pt; font-family: arial, helvetica, sans-serif;\">Enfatiz\u00f3 que otros factores de riesgo a la hora de desarrollar esta enfermedad son el tabaquismo, la inmunosupresi\u00f3n (como en el caso de personas afectadas con el virus del VIH o de tratamientos inmunosupresores), m\u00faltiples parejas sexuales, inicio de vida sexual antes de los 18 a\u00f1os, desnutrici\u00f3n y el m\u00e1s importante nunca haberse practicado el estudio de Papanicolaou.<\/span><\/div>\n<div style=\"text-align: justify;\">&nbsp;<\/div>\n<div style=\"text-align: justify;\"><span style=\"font-size: 14pt; font-family: arial, helvetica, sans-serif;\"><\/span><\/div>\n<div style=\"text-align: justify;\"><span style=\"font-size: 14pt; font-family: arial, helvetica, sans-serif;\">Finaliz\u00f3 recordando que en tiempo de covid deben tomar en cuenta la siguiente frase \u201cyo me quiero y me protejo\u201d.<\/span><\/div>\n<div style=\"text-align: justify;\">&nbsp;<\/div>\n<div style=\"text-align: justify;\">&nbsp;<\/div>\n<div style=\"text-align: justify;\">&nbsp;<\/div>\n<div style=\"text-align: justify;\"><span style=\"font-size: 14pt; font-family: arial, helvetica, sans-serif;\">REDACCI\u00d3N\/VISI\u00d3N CIUDADANA.<\/span><\/div>\n","protected":false},"excerpt":{"rendered":"<p>&nbsp; Secretaria de Salud a trav\u00e9s de la Direcci\u00f3n de Prevenci\u00f3n y Promoci\u00f3n de la salud en conjunto con el programa C\u00e1ncer de la Mujer hoy dan inicio a la jornada de detecci\u00f3n de c\u00e1ncer de cuello uterino y c\u00e1ncer de mama, en conmemoraci\u00f3n del D\u00eda Mundial de Prevenci\u00f3n del C\u00e1ncer de Cuello Uterino que [&hellip;]<\/p>\n","protected":false},"author":1,"featured_media":30,"comment_status":"closed","ping_status":"closed","sticky":false,"template":"","format":"standard","meta":{"footnotes":""},"categories":[24],"tags":[],"ppma_author":[31],"class_list":["post-16553","post","type-post","status-publish","format-standard","has-post-thumbnail","hentry","category-relevantes"],"aioseo_notices":[],"authors":[{"term_id":31,"user_id":1,"is_guest":0,"slug":"ivan3vino","display_name":"Iv\u00e1n Trevi\u00f1o","avatar_url":{"url":"https:\/\/visionciudadana.com.mx\/oficial\/wp-content\/uploads\/2025\/09\/columna-ivan-Trevino.png","url2x":"https:\/\/visionciudadana.com.mx\/oficial\/wp-content\/uploads\/2025\/09\/columna-ivan-Trevino.png"},"0":null,"1":"","2":"","3":"","4":"","5":"","6":"","7":"","8":""}],"_links":{"self":[{"href":"https:\/\/visionciudadana.com.mx\/oficial\/wp-json\/wp\/v2\/posts\/16553","targetHints":{"allow":["GET"]}}],"collection":[{"href":"https:\/\/visionciudadana.com.mx\/oficial\/wp-json\/wp\/v2\/posts"}],"about":[{"href":"https:\/\/visionciudadana.com.mx\/oficial\/wp-json\/wp\/v2\/types\/post"}],"author":[{"embeddable":true,"href":"https:\/\/visionciudadana.com.mx\/oficial\/wp-json\/wp\/v2\/users\/1"}],"replies":[{"embeddable":true,"href":"https:\/\/visionciudadana.com.mx\/oficial\/wp-json\/wp\/v2\/comments?post=16553"}],"version-history":[{"count":1,"href":"https:\/\/visionciudadana.com.mx\/oficial\/wp-json\/wp\/v2\/posts\/16553\/revisions"}],"predecessor-version":[{"id":31273,"href":"https:\/\/visionciudadana.com.mx\/oficial\/wp-json\/wp\/v2\/posts\/16553\/revisions\/31273"}],"wp:featuredmedia":[{"embeddable":true,"href":"https:\/\/visionciudadana.com.mx\/oficial\/wp-json\/wp\/v2\/media\/30"}],"wp:attachment":[{"href":"https:\/\/visionciudadana.com.mx\/oficial\/wp-json\/wp\/v2\/media?parent=16553"}],"wp:term":[{"taxonomy":"category","embeddable":true,"href":"https:\/\/visionciudadana.com.mx\/oficial\/wp-json\/wp\/v2\/categories?post=16553"},{"taxonomy":"post_tag","embeddable":true,"href":"https:\/\/visionciudadana.com.mx\/oficial\/wp-json\/wp\/v2\/tags?post=16553"},{"taxonomy":"author","embeddable":true,"href":"https:\/\/visionciudadana.com.mx\/oficial\/wp-json\/wp\/v2\/ppma_author?post=16553"}],"curies":[{"name":"wp","href":"https:\/\/api.w.org\/{rel}","templated":true}]}}