{"id":16552,"date":"2021-03-26T21:14:32","date_gmt":"2021-03-26T21:14:32","guid":{"rendered":"https:\/\/visionciudadana.com.mx\/chio\/2021\/03\/26\/termina-este-29-de-marzo-convocatoria-para-supervisores-y-capacitadores-asistentes-electorales-locales\/"},"modified":"2025-06-25T00:16:47","modified_gmt":"2025-06-25T00:16:47","slug":"termina-este-29-de-marzo-convocatoria-para-supervisores-y-capacitadores-asistentes-electorales-locales","status":"publish","type":"post","link":"https:\/\/visionciudadana.com.mx\/oficial\/2021\/03\/26\/termina-este-29-de-marzo-convocatoria-para-supervisores-y-capacitadores-asistentes-electorales-locales\/","title":{"rendered":"Termina este 29 de marzo convocatoria para supervisores y capacitadores asistentes electorales locales"},"content":{"rendered":"<p style=\"text-align: justify;\"><img fetchpriority=\"high\" decoding=\"async\" src=\"images\/Marzo21\/termina_este_29.PNG\" alt=\"termina este 29\" width=\"344\" height=\"197\" style=\"display: block; margin-left: auto; margin-right: auto;\" \/><\/p>\n<p style=\"text-align: justify;\"><span style=\"font-size: 14pt; font-family: arial, helvetica, sans-serif;\">El pr\u00f3ximo lunes 29 de marzo culmina el periodo para que la ciudadan\u00eda interesada en trabajar en el proceso electoral 2020-2021 tenga la oportunidad de registrarse en el proceso de selecci\u00f3n para integrarse a los cargos de Supervisor\/a Electoral Local (SE Local) o Capacitador\/a-Asistente Electoral Local (CAE Local).<\/span><\/p>\n<p style=\"text-align: justify;\">&nbsp;<\/p>\n<p style=\"text-align: justify;\"><span style=\"font-size: 14pt; font-family: arial, helvetica, sans-serif;\">Es importante se\u00f1alar que los requisitos de la convocatoria se pueden consultar en el sitio web del Instituto Electoral del Estado de Sinaloa (IEES): www.ieesinaloa.mx, y asimismo, destacar que se tiene la oportunidad de registrarse en l\u00ednea usando correo electr\u00f3nico y clave de elector, en el link: <a href=\"https:\/\/pef2021-reclutaseycae-local.ine.mx.\">https:\/\/pef2021-reclutaseycae-local.ine.mx.<\/a><\/span><\/p>\n<p style=\"text-align: justify;\">&nbsp;<\/p>\n<p style=\"text-align: justify;\"><span style=\"font-size: 14pt; font-family: arial, helvetica, sans-serif;\">O bien, tambi\u00e9n se puede acudir a la oficina del Consejo Distrital y\/o Municipal Electoral del IEES m\u00e1s cercana a tu domicilio; adem\u00e1s de la oficina del IEES, ubicada en Paseo Ni\u00f1os H\u00e9roes No. 352, Ote, Int. 2, Col. Centro, C.P. 80000, Culiac\u00e1n, Sinaloa; o llamar a los tel\u00e9fonos 6677 15 31 82, 6677 15 22 89 o 800 5050 450.<\/span><\/p>\n<p style=\"text-align: justify;\">&nbsp;<\/p>\n<p style=\"text-align: justify;\"><span style=\"font-size: 14pt; font-family: arial, helvetica, sans-serif;\">El periodo de contrataci\u00f3n tanto para Supervisor\/a Electoral Local y Capacitador\/a-Asistente Electoral Local es del 5 de mayo al 13 de junio de 2021, con sueldo mensual bruto para los SE Local, de: $8,295.00 m\u00e1s $1,400.00 de gastos de campo; y para los CAE Local, $6,295.00 m\u00e1s $1,400.00 de gastos de campo.<\/span><\/p>\n<p style=\"text-align: justify;\">&nbsp;<\/p>\n<p style=\"text-align: justify;\"><span style=\"font-size: 14pt; font-family: arial, helvetica, sans-serif;\">Para calificar para estos cargos es indispensable que te guste el trabajo en campo, ya que se tienen que realizar actividades de asistencia electoral antes, durante y despu\u00e9s del d\u00eda de la jornada electoral; por lo que es necesario contar con disponibilidad de tiempo completo y en horarios fuera de lo habitual, incluyendo fines de semana y d\u00edas festivos.<\/span><\/p>\n<p style=\"text-align: justify;\">&nbsp;<\/p>\n<p style=\"text-align: justify;\"><span style=\"font-size: 14pt; font-family: arial, helvetica, sans-serif;\">Entre la documentaci\u00f3n requerida a entregar, est\u00e1n: Acta de nacimiento o, en su caso, carta de naturalizaci\u00f3n; credencial para votar vigente del distrito correspondiente o comprobante de tr\u00e1mite emitido por el INE; comprobante de domicilio con vigencia no mayor de 3 meses (no necesariamente debe aparecer el nombre de la persona interesada); comprobante o constancia de estudios que acredite el nivel educativo (m\u00ednimo secundaria); y RFC y CURP (en caso de contrataci\u00f3n); contar con cuenta de correo electr\u00f3nico v\u00e1lida y vigente.<\/span><\/p>\n<p style=\"text-align: justify;\">&nbsp;<\/p>\n<p style=\"text-align: justify;\"><span style=\"font-size: 14pt; font-family: arial, helvetica, sans-serif;\">Dentro de los requisitos legales se especifica no militar en ning\u00fan partido pol\u00edtico ni haber participado activamente en alguna campa\u00f1a electoral; no haber participado como representante de partido pol\u00edtico con registro vigente, o coalici\u00f3n en alguna elecci\u00f3n celebrada en los \u00faltimos 3 a\u00f1os; en el caso de que ya existan candidatos\/as independientes registrados, no deber\u00e1 ser representante de alguno de ellos\/as en alguna elecci\u00f3n a celebrarse el pr\u00f3ximo 6 de junio de 2021.<\/span><\/p>\n<p style=\"text-align: justify;\">&nbsp;<\/p>\n<p style=\"text-align: justify;\"><span style=\"font-size: 14pt; font-family: arial, helvetica, sans-serif;\">Tambi\u00e9n no ser familiar consangu\u00edneo o por afinidad, hasta el 4\u00b0 grado, de alg\u00fan Vocal de la Junta o integrante del Consejo Distrital o Local del INE o de \u00f3rganos colegiados o de vigilancia y directivos del IEES, ni de representantes de partido pol\u00edtico o de candidatos\/as independientes que ya estuvieran registrados; ser residente en el distrito electoral uninominal en el que deba prestar sus servicios, preferentemente, o ser residente de otro distrito electoral federal de la misma entidad; no tener 60 a\u00f1os de edad o m\u00e1s al d\u00eda de la Jornada Electoral.<\/span><\/p>\n<p style=\"text-align: justify;\">&nbsp;<\/p>\n<p style=\"text-align: justify;\">&nbsp;<\/p>\n<p style=\"text-align: justify;\"><span style=\"font-size: 14pt; font-family: arial, helvetica, sans-serif;\">REDACCI\u00d3N\/VISI\u00d3N CIUDADANA.<\/span><\/p>\n","protected":false},"excerpt":{"rendered":"<p>El pr\u00f3ximo lunes 29 de marzo culmina el periodo para que la ciudadan\u00eda interesada en trabajar en el proceso electoral 2020-2021 tenga la oportunidad de registrarse en el proceso de selecci\u00f3n para integrarse a los cargos de Supervisor\/a Electoral Local (SE Local) o Capacitador\/a-Asistente Electoral Local (CAE Local). &nbsp; Es importante se\u00f1alar que los requisitos [&hellip;]<\/p>\n","protected":false},"author":1,"featured_media":28,"comment_status":"closed","ping_status":"closed","sticky":false,"template":"","format":"standard","meta":{"footnotes":""},"categories":[24],"tags":[],"ppma_author":[31],"class_list":["post-16552","post","type-post","status-publish","format-standard","has-post-thumbnail","hentry","category-relevantes"],"aioseo_notices":[],"authors":[{"term_id":31,"user_id":1,"is_guest":0,"slug":"ivan3vino","display_name":"Iv\u00e1n Trevi\u00f1o","avatar_url":{"url":"https:\/\/visionciudadana.com.mx\/oficial\/wp-content\/uploads\/2025\/09\/columna-ivan-Trevino.png","url2x":"https:\/\/visionciudadana.com.mx\/oficial\/wp-content\/uploads\/2025\/09\/columna-ivan-Trevino.png"},"0":null,"1":"","2":"","3":"","4":"","5":"","6":"","7":"","8":""}],"_links":{"self":[{"href":"https:\/\/visionciudadana.com.mx\/oficial\/wp-json\/wp\/v2\/posts\/16552","targetHints":{"allow":["GET"]}}],"collection":[{"href":"https:\/\/visionciudadana.com.mx\/oficial\/wp-json\/wp\/v2\/posts"}],"about":[{"href":"https:\/\/visionciudadana.com.mx\/oficial\/wp-json\/wp\/v2\/types\/post"}],"author":[{"embeddable":true,"href":"https:\/\/visionciudadana.com.mx\/oficial\/wp-json\/wp\/v2\/users\/1"}],"replies":[{"embeddable":true,"href":"https:\/\/visionciudadana.com.mx\/oficial\/wp-json\/wp\/v2\/comments?post=16552"}],"version-history":[{"count":1,"href":"https:\/\/visionciudadana.com.mx\/oficial\/wp-json\/wp\/v2\/posts\/16552\/revisions"}],"predecessor-version":[{"id":31274,"href":"https:\/\/visionciudadana.com.mx\/oficial\/wp-json\/wp\/v2\/posts\/16552\/revisions\/31274"}],"wp:featuredmedia":[{"embeddable":true,"href":"https:\/\/visionciudadana.com.mx\/oficial\/wp-json\/wp\/v2\/posts\/28"}],"wp:attachment":[{"href":"https:\/\/visionciudadana.com.mx\/oficial\/wp-json\/wp\/v2\/media?parent=16552"}],"wp:term":[{"taxonomy":"category","embeddable":true,"href":"https:\/\/visionciudadana.com.mx\/oficial\/wp-json\/wp\/v2\/categories?post=16552"},{"taxonomy":"post_tag","embeddable":true,"href":"https:\/\/visionciudadana.com.mx\/oficial\/wp-json\/wp\/v2\/tags?post=16552"},{"taxonomy":"author","embeddable":true,"href":"https:\/\/visionciudadana.com.mx\/oficial\/wp-json\/wp\/v2\/ppma_author?post=16552"}],"curies":[{"name":"wp","href":"https:\/\/api.w.org\/{rel}","templated":true}]}}