{"id":16551,"date":"2021-03-26T21:01:29","date_gmt":"2021-03-26T21:01:29","guid":{"rendered":"https:\/\/visionciudadana.com.mx\/chio\/2021\/03\/26\/arriban-mas-de-40-mil-vacunas-covid-para-sinaloa\/"},"modified":"2025-06-25T00:16:47","modified_gmt":"2025-06-25T00:16:47","slug":"arriban-mas-de-40-mil-vacunas-covid-para-sinaloa","status":"publish","type":"post","link":"https:\/\/visionciudadana.com.mx\/oficial\/2021\/03\/26\/arriban-mas-de-40-mil-vacunas-covid-para-sinaloa\/","title":{"rendered":"Arriban m\u00e1s de 40 mil vacunas Covid para Sinaloa"},"content":{"rendered":"<p><img fetchpriority=\"high\" decoding=\"async\" src=\"images\/Marzo21\/40_mil_vacunas.PNG\" alt=\"40 mil vacunas\" width=\"366\" height=\"212\" style=\"display: block; margin-left: auto; margin-right: auto;\" \/><\/p>\n<p class=\"x_MsoNormal\" style=\"text-align: justify;\"><span style=\"font-size: 14pt; font-family: arial, helvetica, sans-serif;\">El Comando Estatal de Vacunaci\u00f3n en Sinaloa informa que se ha recibido un total de 40 200 dosis de nuevas vacunas de los laboratorios Pfizer y Sinovac contra COVID-19, la aplicaci\u00f3n de estas ser\u00e1 para adultos mayores y segundas dosis para personal de salud.<\/span><\/p>\n<p style=\"text-align: justify;\">&nbsp;<\/p>\n<p class=\"x_MsoNormal\" style=\"text-align: justify;\"><span style=\"font-size: 14pt; font-family: arial, helvetica, sans-serif;\">El Dr. Efr\u00e9n Encinas Torres, titular de la Secretar\u00eda de Salud reconoci\u00f3 cada uno de los esfuerzos por parte de las instituciones involucradas en esta actividad para incrementar la protecci\u00f3n de la salud de la poblaci\u00f3n ante la actual pandemia, igualmente, explic\u00f3 que con este arribo las autoridades estatales mantendr\u00e1n la estrecha coordinaci\u00f3n con la federaci\u00f3n para que se logren los mejores resultados.&nbsp;<\/span><\/p>\n<p style=\"text-align: justify;\">&nbsp;<\/p>\n<p class=\"x_MsoNormal\" style=\"text-align: justify;\"><span style=\"font-size: 14pt; font-family: arial, helvetica, sans-serif;\">\u201cEl Gobernador Quirino Ordaz se siente muy contento de que el Gobierno Federal, en este acompa\u00f1amiento con las entidades federativas, Sinaloa particularmente, vaya con un buen ritmo en el avance de este programa, hoy efectivamente recibimos vacunas que permitir\u00e1n la segunda dosis para el personal de salud y desde luego continuar tambi\u00e9n el esquema de adultos mayores, vemos que paulatinamente, gradualmente, hemos seguido avanzando por lo que en un corto lapso de tiempo tendremos mejores resultados\u00bb, expres\u00f3.<\/span><\/p>\n<p style=\"text-align: justify;\">&nbsp;<\/p>\n<p class=\"x_MsoNormal\" style=\"text-align: justify;\"><span style=\"font-size: 14pt; font-family: arial, helvetica, sans-serif;\">El Dr. Luis Rafael L\u00f3pez Oca\u00f1a, delegado del IMSS en Sinaloa, reiter\u00f3 que los esfuerzos se tienen que seguir implementando d\u00eda a d\u00eda, ya que estamos combatiendo una terrible pandemia, que no tiene d\u00eda ni hora.<\/span><\/p>\n<p style=\"text-align: justify;\">&nbsp;<\/p>\n<p class=\"x_MsoNormal\" style=\"text-align: justify;\"><span style=\"font-size: 14pt; font-family: arial, helvetica, sans-serif;\">\u00abHemos visto al estado de Sinaloa como uno de los mejores en organizaci\u00f3n, van a venir m\u00e1s cantidad de vacunas, de tal manera que en el proceso de atenci\u00f3n m\u00e9dica conocemos que este es un proceso continuo, la enfermedad no tiene ni luz ni hora, eso quiere decir que estamos combatiendo una terrible pandemia, con ello tenemos que incrementar esfuerzos, tenemos que seguir trabajando d\u00eda a d\u00eda\u00bb, dijo.<\/span><\/p>\n<p style=\"text-align: justify;\">&nbsp;<\/p>\n<p class=\"x_MsoNormal\" style=\"text-align: justify;\"><span style=\"font-size: 14pt; font-family: arial, helvetica, sans-serif;\">De esta manera, 39 100 vacunas se aplicar\u00e1n a adultos mayores de la zona rural y urbana de Ahome, zona rural de Guasave y Sinaloa municipio, el resto de las vacunas se distribuir\u00e1n en todo el estado para personal de salud que corresponda a segundas dosis.<\/span><\/p>\n<p style=\"text-align: justify;\">&nbsp;<\/p>\n<p class=\"x_MsoNormal\" style=\"text-align: justify;\"><span style=\"font-size: 14pt; font-family: arial, helvetica, sans-serif;\">Como en cada recepci\u00f3n de vacunas, estas fueron supervisadas por el Comando Estatal de Vacunaci\u00f3n, conformado por la Secretar\u00eda de Salud de Sinaloa, Ing. Jos\u00e9 Jaime Montes Salas, delegado Estatal de los Programas para el Desarrollo;&nbsp;Dr. Marcial Silva G\u00f3mez, delegaci\u00f3n del ISSSTE; Dr. Gerardo Alapizco Castro, por parte de la Universidad Aut\u00f3noma de&nbsp;Sinaloa, adem\u00e1s del General Maximiliano Cruz, Comandante de las Fuerzas Armadas en Sinaloa.<\/span><\/p>\n<p style=\"text-align: justify;\">&nbsp;<\/p>\n<p style=\"text-align: justify;\">&nbsp;<\/p>\n<p style=\"text-align: justify;\"><span style=\"font-size: 14pt; font-family: arial, helvetica, sans-serif;\">REDACCI\u00d3N\/VISI\u00d3N CIUDADANA.<\/span><\/p>\n","protected":false},"excerpt":{"rendered":"<p>El Comando Estatal de Vacunaci\u00f3n en Sinaloa informa que se ha recibido un total de 40 200 dosis de nuevas vacunas de los laboratorios Pfizer y Sinovac contra COVID-19, la aplicaci\u00f3n de estas ser\u00e1 para adultos mayores y segundas dosis para personal de salud. &nbsp; El Dr. Efr\u00e9n Encinas Torres, titular de la Secretar\u00eda de [&hellip;]<\/p>\n","protected":false},"author":1,"featured_media":26,"comment_status":"closed","ping_status":"closed","sticky":false,"template":"","format":"standard","meta":{"footnotes":""},"categories":[24],"tags":[],"ppma_author":[31],"class_list":["post-16551","post","type-post","status-publish","format-standard","has-post-thumbnail","hentry","category-relevantes"],"aioseo_notices":[],"authors":[{"term_id":31,"user_id":1,"is_guest":0,"slug":"ivan3vino","display_name":"Iv\u00e1n Trevi\u00f1o","avatar_url":{"url":"https:\/\/visionciudadana.com.mx\/oficial\/wp-content\/uploads\/2025\/09\/columna-ivan-Trevino.png","url2x":"https:\/\/visionciudadana.com.mx\/oficial\/wp-content\/uploads\/2025\/09\/columna-ivan-Trevino.png"},"0":null,"1":"","2":"","3":"","4":"","5":"","6":"","7":"","8":""}],"_links":{"self":[{"href":"https:\/\/visionciudadana.com.mx\/oficial\/wp-json\/wp\/v2\/posts\/16551","targetHints":{"allow":["GET"]}}],"collection":[{"href":"https:\/\/visionciudadana.com.mx\/oficial\/wp-json\/wp\/v2\/posts"}],"about":[{"href":"https:\/\/visionciudadana.com.mx\/oficial\/wp-json\/wp\/v2\/types\/post"}],"author":[{"embeddable":true,"href":"https:\/\/visionciudadana.com.mx\/oficial\/wp-json\/wp\/v2\/users\/1"}],"replies":[{"embeddable":true,"href":"https:\/\/visionciudadana.com.mx\/oficial\/wp-json\/wp\/v2\/comments?post=16551"}],"version-history":[{"count":1,"href":"https:\/\/visionciudadana.com.mx\/oficial\/wp-json\/wp\/v2\/posts\/16551\/revisions"}],"predecessor-version":[{"id":31275,"href":"https:\/\/visionciudadana.com.mx\/oficial\/wp-json\/wp\/v2\/posts\/16551\/revisions\/31275"}],"wp:featuredmedia":[{"embeddable":true,"href":"https:\/\/visionciudadana.com.mx\/oficial\/wp-json\/wp\/v2\/posts\/26"}],"wp:attachment":[{"href":"https:\/\/visionciudadana.com.mx\/oficial\/wp-json\/wp\/v2\/media?parent=16551"}],"wp:term":[{"taxonomy":"category","embeddable":true,"href":"https:\/\/visionciudadana.com.mx\/oficial\/wp-json\/wp\/v2\/categories?post=16551"},{"taxonomy":"post_tag","embeddable":true,"href":"https:\/\/visionciudadana.com.mx\/oficial\/wp-json\/wp\/v2\/tags?post=16551"},{"taxonomy":"author","embeddable":true,"href":"https:\/\/visionciudadana.com.mx\/oficial\/wp-json\/wp\/v2\/ppma_author?post=16551"}],"curies":[{"name":"wp","href":"https:\/\/api.w.org\/{rel}","templated":true}]}}