{"id":16550,"date":"2021-03-26T20:48:07","date_gmt":"2021-03-26T20:48:07","guid":{"rendered":"https:\/\/visionciudadana.com.mx\/chio\/2021\/03\/26\/propone-guera-liera-en-sesion-ordinaria-del-crn-de-anuies-temas-relevantes-para-las-universidades\/"},"modified":"2025-06-25T00:16:47","modified_gmt":"2025-06-25T00:16:47","slug":"propone-guera-liera-en-sesion-ordinaria-del-crn-de-anuies-temas-relevantes-para-las-universidades","status":"publish","type":"post","link":"https:\/\/visionciudadana.com.mx\/oficial\/2021\/03\/26\/propone-guera-liera-en-sesion-ordinaria-del-crn-de-anuies-temas-relevantes-para-las-universidades\/","title":{"rendered":"Propone Guera Liera en sesi\u00f3n ordinaria del CRN de ANUIES, temas relevantes para las universidades"},"content":{"rendered":"<p><img fetchpriority=\"high\" decoding=\"async\" src=\"images\/Marzo21\/propone_GL.PNG\" alt=\"propone GL\" width=\"432\" height=\"227\" style=\"display: block; margin-left: auto; margin-right: auto;\" \/><\/p>\n<p class=\"x_MsoNormal\" style=\"text-align: justify;\" align=\"right\"><span lang=\"ES\" style=\"font-size: 14pt; font-family: arial, helvetica, sans-serif;\">Durante la primera Sesi\u00f3n Ordinaria 2021 del Consejo Regional Noroeste de ANUIES, el Rector de la Universidad Aut\u00f3noma de Sinaloa (UAS), doctor Juan Eulogio Guerra Liera, propuso que se lleve al seno del Consejo Nacional de Rectores dos temas relevantes para las universidades: el traslape de auditor\u00edas y el registro en plataforma de los universitarios docentes y administrativos para tener un estimado del requerimiento de vacunas contra el COVID-19 en las instituciones educativas.<\/span><\/p>\n<p class=\"x_MsoNormal\" style=\"text-align: justify;\"><span lang=\"ES\" style=\"font-size: 14pt; font-family: arial, helvetica, sans-serif;\"><\/span><\/p>\n<p class=\"x_MsoNormal\" style=\"text-align: justify;\"><span style=\"font-size: 14pt; font-family: arial, helvetica, sans-serif;\"><span lang=\"ES\">El pleno del Consejo Regional Noroeste de ANUIES, que preside el maestro&nbsp;<\/span>Luis Alberto Fierro Ram\u00edrez,<b>&nbsp;<\/b>Rector de la Universidad Aut\u00f3noma de Chihuahua (UACH), aprob\u00f3 las propuestas que plante\u00f3 el Rector&nbsp;<span lang=\"ES\">Guerra Liera.<\/span><\/span><\/p>\n<p class=\"x_MsoNormal\" style=\"text-align: justify;\"><span lang=\"ES\" style=\"font-size: 14pt; font-family: arial, helvetica, sans-serif;\"><\/span><\/p>\n<p class=\"x_MsoNormal\" style=\"text-align: justify;\"><span lang=\"ES\" style=\"font-size: 14pt; font-family: arial, helvetica, sans-serif;\">\u201cRecientemente nos lleg\u00f3, a diferentes universidades, cuando ya hay una programaci\u00f3n anual de la Auditor\u00eda Superior de la Federaci\u00f3n que avisa con tiempo y ayuda a prepararnos, de repente se han cruzado al mismo tiempo las auditor\u00edas superiores estatales y se han cruzado los criterios, porque las auditor\u00edas superiores de los estados quieren auditarte los recursos federales y eso le corresponde a la Auditor\u00eda Superior de la Federaci\u00f3n\u201d, expuso Guerra Liera.<\/span><\/p>\n<p class=\"x_MsoNormal\" style=\"text-align: justify;\"><span lang=\"ES\" style=\"font-size: 14pt; font-family: arial, helvetica, sans-serif;\"><\/span><\/p>\n<p class=\"x_MsoNormal\" style=\"text-align: justify;\"><span lang=\"ES\" style=\"font-size: 14pt; font-family: arial, helvetica, sans-serif;\">Explic\u00f3 que este a\u00f1o adem\u00e1s se combina la Funci\u00f3n P\u00fablica lo cual significa que se triplica la revisi\u00f3n, pero adem\u00e1s los criterios y conclusiones pueden variar entre una instancia y otra y los mete en una situaci\u00f3n de desgaste, porque cada vez son mayores y minuciosos los requerimientos que se solicitan.<\/span><\/p>\n<p class=\"x_MsoNormal\" style=\"text-align: justify;\"><span lang=\"ES\" style=\"font-size: 14pt; font-family: arial, helvetica, sans-serif;\"><\/span><\/p>\n<p class=\"x_MsoNormal\" style=\"text-align: justify;\"><span lang=\"ES\" style=\"font-size: 14pt; font-family: arial, helvetica, sans-serif;\">\u201cAcaba de haber una reuni\u00f3n donde nos enteramos que son 19 universidades las que estaban en esa situaci\u00f3n (\u2026) la buena noticia es que se acord\u00f3 dejar de lado la intenci\u00f3n de la Funci\u00f3n P\u00fablica de auditar, debe comentarse en el Consejo Nacional que hay que solicitar que quede claro como acuerdo (\u2026) que podamos en el Consejo de Rectores compartir esto para que quede documentalmente el acuerdo plasmado\u201d, dijo.<\/span><\/p>\n<p class=\"x_MsoNormal\" style=\"text-align: justify;\"><span lang=\"ES\" style=\"font-size: 14pt; font-family: arial, helvetica, sans-serif;\"><\/span><\/p>\n<p class=\"x_MsoNormal\" style=\"text-align: justify;\"><span lang=\"ES\" style=\"font-size: 14pt; font-family: arial, helvetica, sans-serif;\">En el segundo tema planteado el Rector de la UAS se refiri\u00f3 a la discusi\u00f3n nacional del posible regreso a clases de manera presencial, donde como condici\u00f3n, la Casa Rosalina y otras universidades, plantean que el regreso solo se d\u00e9 si se cumple con las condicionantes de estar en sem\u00e1foro verde, que sea voluntario y que est\u00e9 vacunado el personal docente y administrativo.<\/span><\/p>\n<p class=\"x_MsoNormal\" style=\"text-align: justify;\"><span lang=\"ES\" style=\"font-size: 14pt; font-family: arial, helvetica, sans-serif;\"><\/span><\/p>\n<p class=\"x_MsoNormal\" style=\"text-align: justify;\"><span lang=\"ES\" style=\"font-size: 14pt; font-family: arial, helvetica, sans-serif;\">Expuso que en medio de esta idea del regreso a clases se hace el llamado para que se registre al personal docente y no docente en las secretar\u00edas de Educaci\u00f3n de los estados, con la finalidad de tener un espectro del n\u00famero de dosis de vacunas que se requieren en cada instituci\u00f3n educativa, para el registro era necesario compartir informaci\u00f3n confidencial de los trabajadores que podr\u00eda representar una violaci\u00f3n a la ley.<\/span><\/p>\n<p class=\"x_MsoNormal\" style=\"text-align: justify;\"><span lang=\"ES\" style=\"font-size: 14pt; font-family: arial, helvetica, sans-serif;\"><\/span><\/p>\n<p class=\"x_MsoNormal\" style=\"text-align: justify;\"><span lang=\"ES\" style=\"font-size: 14pt; font-family: arial, helvetica, sans-serif;\">\u201cVa en contra de la autonom\u00eda de las universidades y no ha habido un acercamiento para comentar este mecanismo\u201d, opin\u00f3, por lo que la UAS, dijo, abri\u00f3 una plataforma para el registro voluntario de los universitarios y ya se envi\u00f3 la informaci\u00f3n a la SEP y a ANUIES, donde, de un universo de cerca de 15 mil trabajadores, poco m\u00e1s de 10 mil se registraron en ese padr\u00f3n.<\/span><\/p>\n<p class=\"x_MsoNormal\" style=\"text-align: justify;\"><span lang=\"ES\" style=\"font-size: 14pt; font-family: arial, helvetica, sans-serif;\"><\/span><\/p>\n<p class=\"x_MsoNormal\" style=\"text-align: justify;\"><span lang=\"ES\" style=\"font-size: 14pt; font-family: arial, helvetica, sans-serif;\">Guerra Liera consider\u00f3 que las universidades, sobre todo las aut\u00f3nomas, necesitan asumir en sus plataformas esos registros y garantizar con ello el manejo de la informaci\u00f3n que se est\u00e1 solicitando.<\/span><\/p>\n<p class=\"x_MsoNormal\" style=\"text-align: justify;\"><span lang=\"ES\" style=\"font-size: 14pt; font-family: arial, helvetica, sans-serif;\"><\/span><\/p>\n<p class=\"x_MsoNormal\" style=\"text-align: justify;\"><span lang=\"ES\" style=\"font-size: 14pt; font-family: arial, helvetica, sans-serif;\">En su intervenci\u00f3n el Rector de la UAS se refiri\u00f3 tambi\u00e9n a la reci\u00e9n aprobada Ley General de Educaci\u00f3n Superior la cual, dijo, es un acuerdo que hay que aplaudir, es un gran logro que fortalece a las instituciones, sobre todo en aquellos estados donde hab\u00eda propuestas ciudadanas para cambiar la vida universitaria desde fuera, adem\u00e1s en ella se recoge la obligatoriedad y gratuidad.<\/span><\/p>\n<p class=\"x_MsoNormal\" style=\"text-align: justify;\"><span lang=\"ES\" style=\"font-size: 14pt; font-family: arial, helvetica, sans-serif;\"><\/span><\/p>\n<p class=\"x_MsoNormal\" style=\"text-align: justify;\"><span style=\"font-size: 14pt; font-family: arial, helvetica, sans-serif;\"><span lang=\"ES\">Durante la Sesi\u00f3n, el Presidente del Consejo Regional Noroeste de ANUIES, Luis Alberto Fierro Ram\u00edrez, present\u00f3 su Plan de Trabajo Anual 2021 con el cual se&nbsp;<\/span>pretende fortalecer las capacidades de este Consejo para responder con oportunidad, pertinencia y altos est\u00e1ndares de calidad a las demandas generadas por el desarrollo econ\u00f3mico, social y cultural de la Regi\u00f3n Noroeste, as\u00ed como a las tendencias nacionales e internacionales de la Educaci\u00f3n Superior.<\/span><\/p>\n<p class=\"x_MsoNormal\" style=\"text-align: justify;\"><span style=\"font-size: 14pt; font-family: arial, helvetica, sans-serif;\"><b>&nbsp;<\/b><\/span><\/p>\n<p class=\"x_MsoNormal\" style=\"text-align: justify;\"><span style=\"font-size: 14pt; font-family: arial, helvetica, sans-serif;\">El plan consta de 12 prop\u00f3sitos que fueron aprobados por los asistentes y que de acuerdo a lo manifestado por Fierro Ram\u00edrez puede nutrirse con la participaci\u00f3n de todos.<\/span><\/p>\n<p style=\"text-align: justify;\">&nbsp;<\/p>\n<p class=\"x_MsoNormal\" style=\"text-align: justify;\"><span style=\"font-size: 14pt; font-family: arial, helvetica, sans-serif;\">Tambi\u00e9n se dio la bienvenida a la Universidad Tecnol\u00f3gica del Sur de Sonora como nueva integrante del Consejo Regional Noroeste, y se plante\u00f3 la propuesta para crear una nueva Red de Innovaci\u00f3n Educativa que se suma a las redes de colaboraci\u00f3n existentes.<\/span><\/p>\n<p style=\"text-align: justify;\">&nbsp;<\/p>\n<p class=\"x_MsoNormal\" style=\"text-align: justify;\"><span style=\"font-size: 14pt; font-family: arial, helvetica, sans-serif;\">Tom\u00f3 la palabra tambi\u00e9n el Secretario General Ejecutivo de ANUIES, maestro Jaime Valls Esponda, para enfatizar que durante&nbsp;<span lang=\"ES\">la pandemia las instituciones asociadas han estado muy activas manteniendo sus servicios en l\u00ednea con la calidad de siempre y colaborando con sus comunidades y la sociedad en general, y actualmente trabajan en la campa\u00f1a nacional de vacunaci\u00f3n con personal e instalaciones.<\/span><\/span><\/p>\n<p class=\"x_MsoNormal\" style=\"text-align: justify;\"><span lang=\"ES\" style=\"font-size: 14pt; font-family: arial, helvetica, sans-serif;\"><\/span><\/p>\n<p class=\"x_MsoNormal\" style=\"text-align: justify;\"><span lang=\"ES\" style=\"font-size: 14pt; font-family: arial, helvetica, sans-serif;\"><\/span><\/p>\n<p style=\"text-align: justify;\"><span style=\"font-size: 14pt; font-family: arial, helvetica, sans-serif;\">REDACCI\u00d3N\/VISI\u00d3N CIUDADANA.<\/span><\/p>\n","protected":false},"excerpt":{"rendered":"<p>Durante la primera Sesi\u00f3n Ordinaria 2021 del Consejo Regional Noroeste de ANUIES, el Rector de la Universidad Aut\u00f3noma de Sinaloa (UAS), doctor Juan Eulogio Guerra Liera, propuso que se lleve al seno del Consejo Nacional de Rectores dos temas relevantes para las universidades: el traslape de auditor\u00edas y el registro en plataforma de los universitarios [&hellip;]<\/p>\n","protected":false},"author":1,"featured_media":24,"comment_status":"closed","ping_status":"closed","sticky":false,"template":"","format":"standard","meta":{"footnotes":""},"categories":[24],"tags":[],"ppma_author":[31],"class_list":["post-16550","post","type-post","status-publish","format-standard","has-post-thumbnail","hentry","category-relevantes"],"aioseo_notices":[],"authors":[{"term_id":31,"user_id":1,"is_guest":0,"slug":"ivan3vino","display_name":"Iv\u00e1n Trevi\u00f1o","avatar_url":{"url":"https:\/\/visionciudadana.com.mx\/oficial\/wp-content\/uploads\/2025\/09\/columna-ivan-Trevino.png","url2x":"https:\/\/visionciudadana.com.mx\/oficial\/wp-content\/uploads\/2025\/09\/columna-ivan-Trevino.png"},"0":null,"1":"","2":"","3":"","4":"","5":"","6":"","7":"","8":""}],"_links":{"self":[{"href":"https:\/\/visionciudadana.com.mx\/oficial\/wp-json\/wp\/v2\/posts\/16550","targetHints":{"allow":["GET"]}}],"collection":[{"href":"https:\/\/visionciudadana.com.mx\/oficial\/wp-json\/wp\/v2\/posts"}],"about":[{"href":"https:\/\/visionciudadana.com.mx\/oficial\/wp-json\/wp\/v2\/types\/post"}],"author":[{"embeddable":true,"href":"https:\/\/visionciudadana.com.mx\/oficial\/wp-json\/wp\/v2\/users\/1"}],"replies":[{"embeddable":true,"href":"https:\/\/visionciudadana.com.mx\/oficial\/wp-json\/wp\/v2\/comments?post=16550"}],"version-history":[{"count":1,"href":"https:\/\/visionciudadana.com.mx\/oficial\/wp-json\/wp\/v2\/posts\/16550\/revisions"}],"predecessor-version":[{"id":31276,"href":"https:\/\/visionciudadana.com.mx\/oficial\/wp-json\/wp\/v2\/posts\/16550\/revisions\/31276"}],"wp:featuredmedia":[{"embeddable":true,"href":"https:\/\/visionciudadana.com.mx\/oficial\/wp-json\/wp\/v2\/posts\/24"}],"wp:attachment":[{"href":"https:\/\/visionciudadana.com.mx\/oficial\/wp-json\/wp\/v2\/media?parent=16550"}],"wp:term":[{"taxonomy":"category","embeddable":true,"href":"https:\/\/visionciudadana.com.mx\/oficial\/wp-json\/wp\/v2\/categories?post=16550"},{"taxonomy":"post_tag","embeddable":true,"href":"https:\/\/visionciudadana.com.mx\/oficial\/wp-json\/wp\/v2\/tags?post=16550"},{"taxonomy":"author","embeddable":true,"href":"https:\/\/visionciudadana.com.mx\/oficial\/wp-json\/wp\/v2\/ppma_author?post=16550"}],"curies":[{"name":"wp","href":"https:\/\/api.w.org\/{rel}","templated":true}]}}