{"id":16549,"date":"2021-03-26T06:57:19","date_gmt":"2021-03-26T06:57:19","guid":{"rendered":"https:\/\/visionciudadana.com.mx\/chio\/2021\/03\/26\/diputado-suplente-de-morena-se-suma-a-la-fraccion-del-pt\/"},"modified":"2025-06-25T00:16:47","modified_gmt":"2025-06-25T00:16:47","slug":"diputado-suplente-de-morena-se-suma-a-la-fraccion-del-pt","status":"publish","type":"post","link":"https:\/\/visionciudadana.com.mx\/oficial\/2021\/03\/26\/diputado-suplente-de-morena-se-suma-a-la-fraccion-del-pt\/","title":{"rendered":"Diputado suplente de Morena, se suma a la fracci\u00f3n del PT"},"content":{"rendered":"<p style=\"text-align: justify;\"><img fetchpriority=\"high\" decoding=\"async\" src=\"images\/Marzo21\/diputado_suplente.PNG\" alt=\"diputado suplente\" width=\"349\" height=\"205\" style=\"display: block; margin-left: auto; margin-right: auto;\" \/><\/p>\n<p><span style=\"font-size: 14pt; font-family: arial, helvetica, sans-serif;\">Al asumir la diputaci\u00f3n local por Morena en el Congreso del Estado, el ahora legislador Jes\u00fas V\u00edctor Manuel Calder\u00f3n se suma a la fracci\u00f3n parlamentaria del PT al considerar que, la verdadera Cuarta Transformaci\u00f3n no se encuentra en tal partido, luego de darse definiciones electorales no convincentes.<\/span><\/p>\n<p><span style=\"font-size: 14pt; font-family: arial, helvetica, sans-serif;\">El diputado sustituto de Marco Antonio Zazueta Zazueta, expres\u00f3 que no solapar\u00e0 la alianza de Morena con el PAS y la elecci\u00f3n de candidatos que no forman parte de la 4T como Gerardo Vargas Landeros, por lo que entreg\u00f3 a la Mesa Directiva su oficio donde expresa y solicita en cambio de grupo parlamentario al interior del Congreso.<\/span><\/p>\n<p><span style=\"font-size: 14pt; font-family: arial, helvetica, sans-serif;\">\u00abQue no ser\u00e1 comparsa de la alianza con el PAS, Vargas Landeros y desde su perspectiva personal, la verdadera 4ta Transformaci\u00f3n es con el Partido del Trabajo\u201d, expres\u00f3.<\/span><\/p>\n<p><span style=\"font-size: 14pt; font-family: arial, helvetica, sans-serif;\">El cambio del grupo parlamentario lo hizo formal el d\u00eda de hoy 25 de marzo del 2021 y ya fue entregado a la Mesa Directiva.<\/span><\/p>\n<p style=\"text-align: justify;\">&nbsp;<\/p>\n<p style=\"text-align: justify;\"><span style=\"font-size: 14pt; font-family: arial, helvetica, sans-serif;\">REDACCI\u00d3N\/VISI\u00d3N CIUDADANA.<\/span><\/p>\n<div>&nbsp;<\/div>\n","protected":false},"excerpt":{"rendered":"<p>Al asumir la diputaci\u00f3n local por Morena en el Congreso del Estado, el ahora legislador Jes\u00fas V\u00edctor Manuel Calder\u00f3n se suma a la fracci\u00f3n parlamentaria del PT al considerar que, la verdadera Cuarta Transformaci\u00f3n no se encuentra en tal partido, luego de darse definiciones electorales no convincentes. El diputado sustituto de Marco Antonio Zazueta Zazueta, [&hellip;]<\/p>\n","protected":false},"author":1,"featured_media":22,"comment_status":"closed","ping_status":"closed","sticky":false,"template":"","format":"standard","meta":{"footnotes":""},"categories":[13],"tags":[],"ppma_author":[31],"class_list":["post-16549","post","type-post","status-publish","format-standard","has-post-thumbnail","hentry","category-locales"],"aioseo_notices":[],"authors":[{"term_id":31,"user_id":1,"is_guest":0,"slug":"ivan3vino","display_name":"Iv\u00e1n Trevi\u00f1o","avatar_url":{"url":"https:\/\/visionciudadana.com.mx\/oficial\/wp-content\/uploads\/2025\/09\/columna-ivan-Trevino.png","url2x":"https:\/\/visionciudadana.com.mx\/oficial\/wp-content\/uploads\/2025\/09\/columna-ivan-Trevino.png"},"0":null,"1":"","2":"","3":"","4":"","5":"","6":"","7":"","8":""}],"_links":{"self":[{"href":"https:\/\/visionciudadana.com.mx\/oficial\/wp-json\/wp\/v2\/posts\/16549","targetHints":{"allow":["GET"]}}],"collection":[{"href":"https:\/\/visionciudadana.com.mx\/oficial\/wp-json\/wp\/v2\/posts"}],"about":[{"href":"https:\/\/visionciudadana.com.mx\/oficial\/wp-json\/wp\/v2\/types\/post"}],"author":[{"embeddable":true,"href":"https:\/\/visionciudadana.com.mx\/oficial\/wp-json\/wp\/v2\/users\/1"}],"replies":[{"embeddable":true,"href":"https:\/\/visionciudadana.com.mx\/oficial\/wp-json\/wp\/v2\/comments?post=16549"}],"version-history":[{"count":1,"href":"https:\/\/visionciudadana.com.mx\/oficial\/wp-json\/wp\/v2\/posts\/16549\/revisions"}],"predecessor-version":[{"id":31277,"href":"https:\/\/visionciudadana.com.mx\/oficial\/wp-json\/wp\/v2\/posts\/16549\/revisions\/31277"}],"wp:featuredmedia":[{"embeddable":true,"href":"https:\/\/visionciudadana.com.mx\/oficial\/wp-json\/wp\/v2\/media\/22"}],"wp:attachment":[{"href":"https:\/\/visionciudadana.com.mx\/oficial\/wp-json\/wp\/v2\/media?parent=16549"}],"wp:term":[{"taxonomy":"category","embeddable":true,"href":"https:\/\/visionciudadana.com.mx\/oficial\/wp-json\/wp\/v2\/categories?post=16549"},{"taxonomy":"post_tag","embeddable":true,"href":"https:\/\/visionciudadana.com.mx\/oficial\/wp-json\/wp\/v2\/tags?post=16549"},{"taxonomy":"author","embeddable":true,"href":"https:\/\/visionciudadana.com.mx\/oficial\/wp-json\/wp\/v2\/ppma_author?post=16549"}],"curies":[{"name":"wp","href":"https:\/\/api.w.org\/{rel}","templated":true}]}}