{"id":16546,"date":"2021-03-26T06:43:47","date_gmt":"2021-03-26T06:43:47","guid":{"rendered":"https:\/\/visionciudadana.com.mx\/chio\/2021\/03\/26\/anuncia-delfina-gomez-titular-de-la-sep-que-apoyara-a-las-y-los-docentes\/"},"modified":"2025-06-25T00:16:48","modified_gmt":"2025-06-25T00:16:48","slug":"anuncia-delfina-gomez-titular-de-la-sep-que-apoyara-a-las-y-los-docentes","status":"publish","type":"post","link":"https:\/\/visionciudadana.com.mx\/oficial\/2021\/03\/26\/anuncia-delfina-gomez-titular-de-la-sep-que-apoyara-a-las-y-los-docentes\/","title":{"rendered":"Anuncia Delfina G\u00f3mez titular de la SEP que apoyar\u00e1 a las y los docentes"},"content":{"rendered":"<p>&nbsp;<\/p>\n<p><img fetchpriority=\"high\" decoding=\"async\" src=\"images\/Marzo21\/delfis.PNG\" alt=\"delfis\" width=\"464\" height=\"254\" style=\"display: block; margin-left: auto; margin-right: auto;\" \/><\/p>\n<p class=\"x_MsoNormal\" style=\"text-align: justify;\"><span style=\"font-size: 14pt; font-family: arial, helvetica, sans-serif;\">En medio de los retos que ha significado la pandemia por el Covid-19, en Sinaloa estamos convencidos que todos debemos llegar al final juntos y juntas, extern\u00f3 el secretario de Educaci\u00f3n en Sinaloa, Juan Alfonso Mej\u00eda L\u00f3pez, durante la reuni\u00f3n del Consejo Nacional de Autoridades Educativas (Conaedu).<\/span><\/p>\n<p class=\"x_MsoNormal\" style=\"text-align: justify;\"><span lang=\"ES-TRAD\" style=\"font-size: 14pt; font-family: arial, helvetica, sans-serif;\"><\/span><\/p>\n<p class=\"x_MsoNormal\" style=\"text-align: justify;\"><span style=\"font-size: 14pt; font-family: arial, helvetica, sans-serif;\">Lo anterior ante la circular nacional emitida el pasado 10 de marzo por la Secretar\u00eda de Educaci\u00f3n P\u00fablica (SEP) a las entidades federativas, en la que se solicita la aplicaci\u00f3n de un plan de austeridad, en apego a un plan de trabajo con median\u00eda, y un recorte de personal.<\/span><\/p>\n<p style=\"text-align: justify;\">&nbsp;<\/p>\n<p class=\"x_MsoNormal\" style=\"text-align: justify;\"><span style=\"font-size: 14pt; font-family: arial, helvetica, sans-serif;\">El titular de la Secretar\u00eda de Educaci\u00f3n P\u00fablica y Cultura (SEPyC) pidi\u00f3 al gobierno federal sensibilidad al tema de los profesores, pues dijo, el sistema educativo requiere hoy m\u00e1s que nunca la colaboraci\u00f3n de todas y todos.<\/span><\/p>\n<p style=\"text-align: justify;\">&nbsp;<\/p>\n<p class=\"x_MsoNormal\" style=\"text-align: justify;\"><span style=\"font-size: 14pt; font-family: arial, helvetica, sans-serif;\">\u201cNosotros en Sinaloa, yo en particular, no quiero despedir a un solo docente, porque adem\u00e1s en medio de esta pandemia, hayan vivido condiciones de incertidumbre y, en esta l\u00f3gica donde hay tantas dudas, donde competimos con 200 a\u00f1os de historia en un sistema educativo presencial, necesitamos buscar la forma de llegar juntos, no solo llegar; ah\u00ed ocupamos el acompa\u00f1amiento de la autoridad federal\u201d, dijo.<\/span><\/p>\n<p style=\"text-align: justify;\">&nbsp;<\/p>\n<p class=\"x_MsoNormal\" style=\"text-align: justify;\"><span style=\"font-size: 14pt; font-family: arial, helvetica, sans-serif;\">A\u00f1adi\u00f3 que en Sinaloa las y los maestros han dado acompa\u00f1amiento a miles de familias para llevarles certeza donde hab\u00eda incertidumbre debido a la contingencia. A\u00f1adi\u00f3 que el trabajo ha sido en conjunto tambi\u00e9n con las secciones sindicales 27 y 53 del SNTE.<\/span><\/p>\n<p style=\"text-align: justify;\">&nbsp;<\/p>\n<p class=\"x_MsoNormal\" style=\"text-align: justify;\"><span style=\"font-size: 14pt; font-family: arial, helvetica, sans-serif;\">La secretaria de Educaci\u00f3n P\u00fablica, Delfina G\u00f3mez \u00c1lvarez, agradeci\u00f3 la intervenci\u00f3n de Mej\u00eda L\u00f3pez y aprovech\u00f3 para aclarar que bajo ninguna circunstancia se solicitar\u00e1 recortes de personal, pues no es esa su intenci\u00f3n. Durante su participaci\u00f3n se mostr\u00f3 emp\u00e1tica y convoc\u00f3 a las y los maestros a estar tranquilos, pues reiter\u00f3 que no se emplear\u00e1n acciones que puedan afectar a las y los docentes.<\/span><\/p>\n<p style=\"text-align: justify;\">&nbsp;<\/p>\n<p class=\"x_MsoNormal\" style=\"text-align: justify;\"><span style=\"font-size: 14pt; font-family: arial, helvetica, sans-serif;\">\u201cMe queda claro que yo no tengo una facultad, legal, como para poder conceder, porque para eso est\u00e1n ustedes como autoridades estatales y est\u00e1 el sindicato de cada una de las secciones. Obviamente me queda claro que no es mi intenci\u00f3n ni la funci\u00f3n; por eso les aclaro por este medio, qu\u00e9dense tranquilos, yo no vengo a cortar cabezas, pero s\u00ed exijo que haya esa respuesta, ese compromiso, al menos de mi personal que integra mi Secretar\u00eda\u201d, coment\u00f3.<\/span><\/p>\n<p style=\"text-align: justify;\">&nbsp;<\/p>\n<p class=\"x_MsoNormal\" style=\"text-align: justify;\"><span style=\"font-size: 14pt; font-family: arial, helvetica, sans-serif;\">La funcionaria federal destac\u00f3 el trabajo en equipo que se ha realizado para sacar adelante el actual Ciclo Escolar y convoc\u00f3 a seguir en esta l\u00ednea.<\/span><\/p>\n<p style=\"text-align: justify;\">&nbsp;<\/p>\n<p style=\"text-align: justify;\">&nbsp;<\/p>\n<p style=\"text-align: justify;\"><span style=\"font-size: 14pt; font-family: arial, helvetica, sans-serif;\">REDACCI\u00d3N\/VISI\u00d3N CIUDADANA.<\/span><\/p>\n","protected":false},"excerpt":{"rendered":"<p>&nbsp; En medio de los retos que ha significado la pandemia por el Covid-19, en Sinaloa estamos convencidos que todos debemos llegar al final juntos y juntas, extern\u00f3 el secretario de Educaci\u00f3n en Sinaloa, Juan Alfonso Mej\u00eda L\u00f3pez, durante la reuni\u00f3n del Consejo Nacional de Autoridades Educativas (Conaedu). Lo anterior ante la circular nacional emitida [&hellip;]<\/p>\n","protected":false},"author":1,"featured_media":16,"comment_status":"closed","ping_status":"closed","sticky":false,"template":"","format":"standard","meta":{"footnotes":""},"categories":[13],"tags":[],"ppma_author":[31],"class_list":["post-16546","post","type-post","status-publish","format-standard","has-post-thumbnail","hentry","category-locales"],"aioseo_notices":[],"authors":[{"term_id":31,"user_id":1,"is_guest":0,"slug":"ivan3vino","display_name":"Iv\u00e1n Trevi\u00f1o","avatar_url":{"url":"https:\/\/visionciudadana.com.mx\/oficial\/wp-content\/uploads\/2025\/09\/columna-ivan-Trevino.png","url2x":"https:\/\/visionciudadana.com.mx\/oficial\/wp-content\/uploads\/2025\/09\/columna-ivan-Trevino.png"},"0":null,"1":"","2":"","3":"","4":"","5":"","6":"","7":"","8":""}],"_links":{"self":[{"href":"https:\/\/visionciudadana.com.mx\/oficial\/wp-json\/wp\/v2\/posts\/16546","targetHints":{"allow":["GET"]}}],"collection":[{"href":"https:\/\/visionciudadana.com.mx\/oficial\/wp-json\/wp\/v2\/posts"}],"about":[{"href":"https:\/\/visionciudadana.com.mx\/oficial\/wp-json\/wp\/v2\/types\/post"}],"author":[{"embeddable":true,"href":"https:\/\/visionciudadana.com.mx\/oficial\/wp-json\/wp\/v2\/users\/1"}],"replies":[{"embeddable":true,"href":"https:\/\/visionciudadana.com.mx\/oficial\/wp-json\/wp\/v2\/comments?post=16546"}],"version-history":[{"count":1,"href":"https:\/\/visionciudadana.com.mx\/oficial\/wp-json\/wp\/v2\/posts\/16546\/revisions"}],"predecessor-version":[{"id":31280,"href":"https:\/\/visionciudadana.com.mx\/oficial\/wp-json\/wp\/v2\/posts\/16546\/revisions\/31280"}],"wp:featuredmedia":[{"embeddable":true,"href":"https:\/\/visionciudadana.com.mx\/oficial\/wp-json\/wp\/v2\/media\/16"}],"wp:attachment":[{"href":"https:\/\/visionciudadana.com.mx\/oficial\/wp-json\/wp\/v2\/media?parent=16546"}],"wp:term":[{"taxonomy":"category","embeddable":true,"href":"https:\/\/visionciudadana.com.mx\/oficial\/wp-json\/wp\/v2\/categories?post=16546"},{"taxonomy":"post_tag","embeddable":true,"href":"https:\/\/visionciudadana.com.mx\/oficial\/wp-json\/wp\/v2\/tags?post=16546"},{"taxonomy":"author","embeddable":true,"href":"https:\/\/visionciudadana.com.mx\/oficial\/wp-json\/wp\/v2\/ppma_author?post=16546"}],"curies":[{"name":"wp","href":"https:\/\/api.w.org\/{rel}","templated":true}]}}