{"id":16545,"date":"2021-03-26T06:38:22","date_gmt":"2021-03-26T06:38:22","guid":{"rendered":"https:\/\/visionciudadana.com.mx\/chio\/2021\/03\/26\/sinaloa-continua-en-semaforo-amarillo-ss\/"},"modified":"2025-06-25T00:16:48","modified_gmt":"2025-06-25T00:16:48","slug":"sinaloa-continua-en-semaforo-amarillo-ss","status":"publish","type":"post","link":"https:\/\/visionciudadana.com.mx\/oficial\/2021\/03\/26\/sinaloa-continua-en-semaforo-amarillo-ss\/","title":{"rendered":"Sinaloa contin\u00faa en sem\u00e1foro amarillo: SS"},"content":{"rendered":"<p style=\"text-align: justify;\"><b><span style=\"font-size: 14pt; font-family: arial, helvetica, sans-serif;\"><img fetchpriority=\"high\" decoding=\"async\" src=\"images\/Marzo21\/amarillo.jpg\" alt=\"amarillo\" width=\"780\" height=\"420\" style=\"display: block; margin-left: auto; margin-right: auto;\" \/><br \/><\/span><\/b><\/p>\n<p class=\"x_MsoNormal\" style=\"text-align: justify;\"><span style=\"font-size: 14pt; font-family: arial, helvetica, sans-serif;\">Gracias a la tendencia estabilizadora que ha manifestado el estado de Sinaloa en los casos nuevos por COVID-19, y en base a los acuerdos sostenidos por la federaci\u00f3n sobre la evaluaci\u00f3n del sem\u00e1foro epidemiol\u00f3gico en el pa\u00eds, nuestra entidad contin\u00faa en sem\u00e1foro amarillo, inform\u00f3 el Dr. Efr\u00e9n Encinas Torres, Secretario de Salud en la entidad.<\/span><\/p>\n<p style=\"text-align: justify;\">&nbsp;<\/p>\n<p class=\"x_MsoNormal\" style=\"text-align: justify;\"><span style=\"font-size: 14pt; font-family: arial, helvetica, sans-serif;\">El titular de la salud en el estado, advirti\u00f3 que la poblaci\u00f3n debe empoderarse de su propia salud, pues el ser consciente y responsable en la nueva normalidad puede ser la gran diferencia para evitar ser contagiado por este virus; usar siempre cubre boca, el correcto y continuo lavado de manos y sana distancia.<\/span><\/p>\n<p style=\"text-align: justify;\">&nbsp;<\/p>\n<p class=\"x_MsoNormal\" style=\"text-align: justify;\"><span style=\"font-size: 14pt; font-family: arial, helvetica, sans-serif;\">\u201cSinaloa el d\u00eda de ayer nos lleg\u00f3 el documento del sem\u00e1foro epidemiol\u00f3gico y Sinaloa a partir del 29 de marzo hasta el 11 de abril continuamos en sem\u00e1foro amarillo, esto se eval\u00faa en base de diez indicadores donde se ven las tendencias en enfermedad, tendencia en mortalidad, etc. Se mantiene estable Sinaloa, yo creo que es multifactorial, desde luego el que a un a\u00f1o pasadito, todos hayamos aprendido a llevar las medidas sanitarias y los protocolos del autocuidado, es un factor que la poblaci\u00f3n ya sabe c\u00f3mo cuidarse y lo est\u00e1 haciendo\u201d, se\u00f1al\u00f3.<\/span><\/p>\n<p style=\"text-align: justify;\">&nbsp;<\/p>\n<p class=\"x_MsoNormal\" style=\"text-align: justify;\"><span style=\"font-size: 14pt; font-family: arial, helvetica, sans-serif;\">Inform\u00f3 que por fortuna Sinaloa nunca ha sido rebasado en ocupaci\u00f3n hospitalaria, tampoco en el periodo m\u00e1s \u00e1lgido de la pandemia, y actualmente se registra un 14% de ocupaci\u00f3n en camas COVID.&nbsp;<\/span><\/p>\n<p style=\"text-align: justify;\">&nbsp;<\/p>\n<p class=\"x_MsoNormal\" style=\"text-align: justify;\"><span style=\"font-size: 14pt; font-family: arial, helvetica, sans-serif;\">Asimismo, agreg\u00f3 que, si bien se est\u00e1 avanzando en la vacunaci\u00f3n contra este padecimiento con alrededor de 150 mil vacunas aplicadas al sector salud y adultos mayores, es importante recordar que las medidas sanitarias deben llevarse siempre hasta poder lograr una meta en vacunaci\u00f3n del 70% de la poblaci\u00f3n.<\/span><\/p>\n<p style=\"text-align: justify;\">&nbsp;<\/p>\n<p style=\"text-align: justify;\">&nbsp;<\/p>\n<p style=\"text-align: justify;\"><span style=\"font-size: 14pt; font-family: arial, helvetica, sans-serif;\">REDACCI\u00d3N\/VISI\u00d3N CIUDADANA.<\/span><\/p>\n","protected":false},"excerpt":{"rendered":"<p>Gracias a la tendencia estabilizadora que ha manifestado el estado de Sinaloa en los casos nuevos por COVID-19, y en base a los acuerdos sostenidos por la federaci\u00f3n sobre la evaluaci\u00f3n del sem\u00e1foro epidemiol\u00f3gico en el pa\u00eds, nuestra entidad contin\u00faa en sem\u00e1foro amarillo, inform\u00f3 el Dr. Efr\u00e9n Encinas Torres, Secretario de Salud en la entidad. [&hellip;]<\/p>\n","protected":false},"author":1,"featured_media":14,"comment_status":"closed","ping_status":"closed","sticky":false,"template":"","format":"standard","meta":{"footnotes":""},"categories":[24],"tags":[],"ppma_author":[31],"class_list":["post-16545","post","type-post","status-publish","format-standard","has-post-thumbnail","hentry","category-relevantes"],"aioseo_notices":[],"authors":[{"term_id":31,"user_id":1,"is_guest":0,"slug":"ivan3vino","display_name":"Iv\u00e1n Trevi\u00f1o","avatar_url":{"url":"https:\/\/visionciudadana.com.mx\/oficial\/wp-content\/uploads\/2025\/09\/columna-ivan-Trevino.png","url2x":"https:\/\/visionciudadana.com.mx\/oficial\/wp-content\/uploads\/2025\/09\/columna-ivan-Trevino.png"},"0":null,"1":"","2":"","3":"","4":"","5":"","6":"","7":"","8":""}],"_links":{"self":[{"href":"https:\/\/visionciudadana.com.mx\/oficial\/wp-json\/wp\/v2\/posts\/16545","targetHints":{"allow":["GET"]}}],"collection":[{"href":"https:\/\/visionciudadana.com.mx\/oficial\/wp-json\/wp\/v2\/posts"}],"about":[{"href":"https:\/\/visionciudadana.com.mx\/oficial\/wp-json\/wp\/v2\/types\/post"}],"author":[{"embeddable":true,"href":"https:\/\/visionciudadana.com.mx\/oficial\/wp-json\/wp\/v2\/users\/1"}],"replies":[{"embeddable":true,"href":"https:\/\/visionciudadana.com.mx\/oficial\/wp-json\/wp\/v2\/comments?post=16545"}],"version-history":[{"count":1,"href":"https:\/\/visionciudadana.com.mx\/oficial\/wp-json\/wp\/v2\/posts\/16545\/revisions"}],"predecessor-version":[{"id":31281,"href":"https:\/\/visionciudadana.com.mx\/oficial\/wp-json\/wp\/v2\/posts\/16545\/revisions\/31281"}],"wp:featuredmedia":[{"embeddable":true,"href":"https:\/\/visionciudadana.com.mx\/oficial\/wp-json\/wp\/v2\/media\/14"}],"wp:attachment":[{"href":"https:\/\/visionciudadana.com.mx\/oficial\/wp-json\/wp\/v2\/media?parent=16545"}],"wp:term":[{"taxonomy":"category","embeddable":true,"href":"https:\/\/visionciudadana.com.mx\/oficial\/wp-json\/wp\/v2\/categories?post=16545"},{"taxonomy":"post_tag","embeddable":true,"href":"https:\/\/visionciudadana.com.mx\/oficial\/wp-json\/wp\/v2\/tags?post=16545"},{"taxonomy":"author","embeddable":true,"href":"https:\/\/visionciudadana.com.mx\/oficial\/wp-json\/wp\/v2\/ppma_author?post=16545"}],"curies":[{"name":"wp","href":"https:\/\/api.w.org\/{rel}","templated":true}]}}