{"id":16544,"date":"2021-03-26T06:32:19","date_gmt":"2021-03-26T06:32:19","guid":{"rendered":"https:\/\/visionciudadana.com.mx\/chio\/2021\/03\/26\/el-pas-trabajara-lo-necesario-para-que-el-dr-ruben-rocha-sea-nuestro-proximo-gobernador-cuen-ojeda\/"},"modified":"2025-06-25T00:16:48","modified_gmt":"2025-06-25T00:16:48","slug":"el-pas-trabajara-lo-necesario-para-que-el-dr-ruben-rocha-sea-nuestro-proximo-gobernador-cuen-ojeda","status":"publish","type":"post","link":"https:\/\/visionciudadana.com.mx\/oficial\/2021\/03\/26\/el-pas-trabajara-lo-necesario-para-que-el-dr-ruben-rocha-sea-nuestro-proximo-gobernador-cuen-ojeda\/","title":{"rendered":"El PAS trabajar\u00e1 lo necesario para que el Dr. Rub\u00e9n Rocha sea nuestro pr\u00f3ximo gobernador: Cu\u00e9n Ojeda"},"content":{"rendered":"<p><img fetchpriority=\"high\" decoding=\"async\" src=\"images\/Marzo21\/trabajaremos.jpg\" alt=\"trabajaremos\" width=\"780\" height=\"420\" style=\"display: block; margin-left: auto; margin-right: auto;\" \/><\/p>\n<div style=\"text-align: justify;\"><span style=\"font-size: 14pt; font-family: arial, helvetica, sans-serif;\">En un ambiente de alegr\u00eda el representante del Partido Sinaloense ante el Instituto Estatal Electoral del Estado de Sinaloa (IEEES), No\u00e9 Quevedo, present\u00f3 y entreg\u00f3 los documentos requeridos para solicitar el registro de candidato a gobernador del estado de Sinaloa para el Dr. Rub\u00e9n Rocha Moya.<\/span><\/div>\n<div style=\"text-align: justify;\">\n<p><span style=\"font-size: 14pt; font-family: arial, helvetica, sans-serif;\">En este evento, el candidato a la gubernatura de Sinaloa, Rub\u00e9n Rocha Moya, fue recibido en las instalaciones del IEEES por cientos de militantes del Partido Sinaloense, quienes guardando las medidas sanitarias hicieron presencia en este importante acto, para dar fe de la candidatura com\u00fan de los partidos PAS-MORENA.<\/span><\/div>\n<div style=\"text-align: justify;\">\n<p><span style=\"font-size: 14pt; font-family: arial, helvetica, sans-serif;\">\u201cTenemos la plena confianza en las autoridades electorales de Sinaloa, por eso acudimos hoy a registrar en candidatura com\u00fan a la gubernatura de Sinaloa PAS-MORENA, al Dr. Rub\u00e9n Rocha Moya, respetando todos los lineamientos establecidos, para el Partido Sinaloense es un honor llevar como nuestro candidato al exrector Rocha Moya\u201d, afirm\u00f3 H\u00e9ctor Melesio Cu\u00e9n Ojeda.<\/span><\/div>\n<div style=\"text-align: justify;\">&nbsp;<\/div>\n<div style=\"text-align: justify;\"><span style=\"font-size: 14pt; font-family: arial, helvetica, sans-serif;\">Por su parte el candidato Rub\u00e9n Rocha Moya expres\u00f3: \u201cGracias a la gran afinidad que existe entre H\u00e9ctor Melesio Cu\u00e9n Ojeda y un servidor, es que se ha construido esta candidatura, me siento muy orgulloso de representar los valores y los principios que enarbolan en el Partido Sinaloense y cumplir\u00e9 con los compromisos pactados\u201d.<\/span><\/div>\n<div style=\"text-align: justify;\">\n<p><span style=\"font-size: 14pt; font-family: arial, helvetica, sans-serif;\">Cu\u00e9n Ojeda resalt\u00f3 que se logr\u00f3 la candidatura com\u00fan en los 24 distritos electorales y 15 de las 18 presidencias municipales con que cuenta nuestra entidad, y ante un logro de esta naturaleza no tenemos dudas de que el pr\u00f3ximo 6 de junio la poblaci\u00f3n emitir\u00e1 su voto por el Dr. Rocha Moya, arengando la expresi\u00f3n \u00bfse puede? \u00a1claro que se puede!.<\/span><\/div>\n<div style=\"text-align: justify;\">\n<p><span style=\"font-size: 14pt; font-family: arial, helvetica, sans-serif;\">Luego del registro, Rocha Moya atendi\u00f3 todas y cada una de las preguntas de los medios de comunicaci\u00f3n, adem\u00e1s envi\u00f3 un mensaje alentador a los militantes del Partido Sinaloense que hicieron acto de presencia en este evento, mismo que se vio amenizado por una gran caravana de autom\u00f3viles.<\/span><\/div>\n<div style=\"text-align: justify;\">&nbsp;<\/div>\n<div style=\"text-align: justify;\">&nbsp;<\/div>\n<div style=\"text-align: justify;\">&nbsp;<\/div>\n<div style=\"text-align: justify;\"><span style=\"font-size: 14pt; font-family: arial, helvetica, sans-serif;\">REDACCI\u00d3N\/VISI\u00d3N CIUDADANA.<\/span><\/div>\n","protected":false},"excerpt":{"rendered":"<p>En un ambiente de alegr\u00eda el representante del Partido Sinaloense ante el Instituto Estatal Electoral del Estado de Sinaloa (IEEES), No\u00e9 Quevedo, present\u00f3 y entreg\u00f3 los documentos requeridos para solicitar el registro de candidato a gobernador del estado de Sinaloa para el Dr. Rub\u00e9n Rocha Moya. En este evento, el candidato a la gubernatura de [&hellip;]<\/p>\n","protected":false},"author":1,"featured_media":12,"comment_status":"closed","ping_status":"closed","sticky":false,"template":"","format":"standard","meta":{"footnotes":""},"categories":[24],"tags":[],"ppma_author":[31],"class_list":["post-16544","post","type-post","status-publish","format-standard","has-post-thumbnail","hentry","category-relevantes"],"aioseo_notices":[],"authors":[{"term_id":31,"user_id":1,"is_guest":0,"slug":"ivan3vino","display_name":"Iv\u00e1n Trevi\u00f1o","avatar_url":{"url":"https:\/\/visionciudadana.com.mx\/oficial\/wp-content\/uploads\/2025\/09\/columna-ivan-Trevino.png","url2x":"https:\/\/visionciudadana.com.mx\/oficial\/wp-content\/uploads\/2025\/09\/columna-ivan-Trevino.png"},"0":null,"1":"","2":"","3":"","4":"","5":"","6":"","7":"","8":""}],"_links":{"self":[{"href":"https:\/\/visionciudadana.com.mx\/oficial\/wp-json\/wp\/v2\/posts\/16544","targetHints":{"allow":["GET"]}}],"collection":[{"href":"https:\/\/visionciudadana.com.mx\/oficial\/wp-json\/wp\/v2\/posts"}],"about":[{"href":"https:\/\/visionciudadana.com.mx\/oficial\/wp-json\/wp\/v2\/types\/post"}],"author":[{"embeddable":true,"href":"https:\/\/visionciudadana.com.mx\/oficial\/wp-json\/wp\/v2\/users\/1"}],"replies":[{"embeddable":true,"href":"https:\/\/visionciudadana.com.mx\/oficial\/wp-json\/wp\/v2\/comments?post=16544"}],"version-history":[{"count":1,"href":"https:\/\/visionciudadana.com.mx\/oficial\/wp-json\/wp\/v2\/posts\/16544\/revisions"}],"predecessor-version":[{"id":31282,"href":"https:\/\/visionciudadana.com.mx\/oficial\/wp-json\/wp\/v2\/posts\/16544\/revisions\/31282"}],"wp:featuredmedia":[{"embeddable":true,"href":"https:\/\/visionciudadana.com.mx\/oficial\/wp-json\/wp\/v2\/media\/12"}],"wp:attachment":[{"href":"https:\/\/visionciudadana.com.mx\/oficial\/wp-json\/wp\/v2\/media?parent=16544"}],"wp:term":[{"taxonomy":"category","embeddable":true,"href":"https:\/\/visionciudadana.com.mx\/oficial\/wp-json\/wp\/v2\/categories?post=16544"},{"taxonomy":"post_tag","embeddable":true,"href":"https:\/\/visionciudadana.com.mx\/oficial\/wp-json\/wp\/v2\/tags?post=16544"},{"taxonomy":"author","embeddable":true,"href":"https:\/\/visionciudadana.com.mx\/oficial\/wp-json\/wp\/v2\/ppma_author?post=16544"}],"curies":[{"name":"wp","href":"https:\/\/api.w.org\/{rel}","templated":true}]}}