{"id":16543,"date":"2021-03-26T06:23:21","date_gmt":"2021-03-26T06:23:21","guid":{"rendered":"https:\/\/visionciudadana.com.mx\/chio\/2021\/03\/26\/anuncia-rosy-fuentes-remodelacion-de-los-centros-de-desarrollo-integral\/"},"modified":"2025-06-25T00:16:48","modified_gmt":"2025-06-25T00:16:48","slug":"anuncia-rosy-fuentes-remodelacion-de-los-centros-de-desarrollo-integral","status":"publish","type":"post","link":"https:\/\/visionciudadana.com.mx\/oficial\/2021\/03\/26\/anuncia-rosy-fuentes-remodelacion-de-los-centros-de-desarrollo-integral\/","title":{"rendered":"Anuncia Rosy Fuentes remodelaci\u00f3n de los Centros de Desarrollo Integral"},"content":{"rendered":"<p style=\"text-align: justify;\"><span style=\"font-size: 14pt; font-family: arial, helvetica, sans-serif;\"><b><span lang=\"ES-TRAD\"><img fetchpriority=\"high\" decoding=\"async\" src=\"images\/Marzo21\/remodelan.jpg\" alt=\"remodelan\" width=\"780\" height=\"420\" style=\"display: block; margin-left: auto; margin-right: auto;\" \/><\/span><\/b><\/span><\/p>\n<p class=\"x_gmail-x_MsoNormal\" style=\"text-align: justify;\" align=\"center\"><span style=\"font-size: 14pt; font-family: arial, helvetica, sans-serif;\"><span lang=\"ES-TRAD\">Como parte de una de las obras para cierre de esta administraci\u00f3n, Rosy Fuentes de Ordaz, presidenta del Sistema DIF, anunci\u00f3 que en las pr\u00f3ximas semanas iniciar\u00e1 la remodelaci\u00f3n de los Centros de Desarrollo Integral (CDI), donde se atiende a&nbsp;<\/span><span lang=\"ES\">m\u00e1s de 15 mil personas al a\u00f1o, quienes han recibido apoyos y servicios de asistencia social.<\/span><\/span><\/p>\n<p>&nbsp;<\/p>\n<p style=\"text-align: justify;\"><span style=\"font-size: 14pt; font-family: arial, helvetica, sans-serif;\"><span lang=\"ES-TRAD\">Durante un recorrido por el CDI 3, en compa\u00f1\u00eda del Secretario de Obras P\u00fablicas, Osbaldo L\u00f3pez Angulo, Rosy Fuentes&nbsp;<\/span><span lang=\"ES-TRAD\">coment\u00f3 que desde que tuvo la oportunidad de recorrer los centros para conocer lo que hac\u00edan, se dio cuenta de lo importantes que son: \u201cEst\u00e1n ubicados en colonias muy vulnerables, y todo lo que DIF brinda en ellos sin necesidad de acudir a la oficina central es maravillo, reciben clases, servicios m\u00e9dicos, tienen convivencias, se atienden gestiones, por ello merec\u00edan estar en mejores condiciones\u201d.<\/span><\/span><\/p>\n<p style=\"text-align: justify;\"><span lang=\"ES-TRAD\" style=\"font-size: 14pt; font-family: arial, helvetica, sans-serif;\"><\/span><\/p>\n<p style=\"text-align: justify;\"><span lang=\"ES-TRAD\" style=\"font-size: 14pt; font-family: arial, helvetica, sans-serif;\">Record\u00f3 que hizo el compromiso de mejorar estos espacios y dijo que no pod\u00edan pasar m\u00e1s a\u00f1os sin hacer el proceso de rehabilitaci\u00f3n en cuatro de los cinco centros con los que cuenta DIF: \u201cYo dije, no me quiero ir sin cumplir el compromiso de renovarlos, estos espacios se tienen que dignificar por todos los servicios que se dan aqu\u00ed, y por la seguridad de nuestros adultos mayores, ya que en su mayor\u00eda son ellos quienes acuden a estos centros\u201d, finaliz\u00f3 Fuentes de Ordaz.<\/span><\/p>\n<p style=\"text-align: justify;\"><span lang=\"ES-TRAD\" style=\"font-size: 14pt; font-family: arial, helvetica, sans-serif;\"><\/span><\/p>\n<p style=\"text-align: justify;\"><span lang=\"ES-TRAD\" style=\"font-size: 14pt; font-family: arial, helvetica, sans-serif;\">\u201cComo siempre agradecida con mi esposo, Quirino Ordaz Coppel, porque ha tratado de abarcar todas las \u00e1reas, en los hospitales, salud, en lo deportivo, vialidades, carreteras y pues en espec\u00edfico en DIF nunca lo ha dejado de la mano, porque aparte de todos los avances que hemos logrado en materia de discapacidad, donde ahora con su apoyo contamos con espacios que no ten\u00edamos, como lo es el Autismo, Ceguera y Debilidad Visual y la Salud Emocional, dentro de todo ello, nos faltaban los CDI\u201d.<\/span><\/p>\n<p style=\"text-align: justify;\"><span lang=\"ES-TRAD\" style=\"font-size: 14pt; font-family: arial, helvetica, sans-serif;\"><\/span><\/p>\n<p style=\"text-align: justify;\"><span lang=\"ES-TRAD\" style=\"font-size: 14pt; font-family: arial, helvetica, sans-serif;\">Los cuatro CDI a rehabilitar se encuentran ubicados en las colonias: &nbsp;Pemex, 6 de Enero, D\u00edaz Ordaz y L\u00e1zaro C\u00e1rdenas, en Culiac\u00e1n.<\/span><\/p>\n<p style=\"text-align: justify;\"><span lang=\"ES-TRAD\" style=\"font-size: 14pt; font-family: arial, helvetica, sans-serif;\"><\/span><\/p>\n<p style=\"text-align: justify;\"><span lang=\"ES-TRAD\" style=\"font-size: 14pt; font-family: arial, helvetica, sans-serif;\">El secretario de Obras P\u00fablicas, Osbaldo L\u00f3pez, mencion\u00f3 que dentro de las mejoras que se realizar\u00e1n se encuentran: remodelaci\u00f3n de los espacios en general, pintura e impermeabilizaci\u00f3n, mejoras en \u00e1reas deportivas y ba\u00f1os, entre otros.<\/span><\/p>\n<p style=\"text-align: justify;\"><span lang=\"ES-TRAD\" style=\"font-size: 14pt; font-family: arial, helvetica, sans-serif;\"><\/span><\/p>\n<p style=\"text-align: justify;\"><span lang=\"ES-TRAD\" style=\"font-size: 14pt; font-family: arial, helvetica, sans-serif;\">El director general de la instituci\u00f3n, Ulises Medrano N\u00fa\u00f1ez, explic\u00f3 que estos espacios tienen casi 50 a\u00f1os, a pesar de ser tan antiguos, cada d\u00eda son m\u00e1s valiosos, en especial porque atienden a adultos mayores que requieren cuidados y servicios especiales, como los que ah\u00ed se brindan.<\/span><\/p>\n<p style=\"text-align: justify;\"><span lang=\"ES\" style=\"font-size: 14pt; font-family: arial, helvetica, sans-serif;\"><\/span><\/p>\n<p style=\"text-align: justify;\"><span lang=\"ES\" style=\"font-size: 14pt; font-family: arial, helvetica, sans-serif;\">En ellos se forman clubes de la tercera edad para beneficio de m\u00e1s de 2 mil personas adultas mayores; tambi\u00e9n se brindan cursos y talleres para adultos mayores: Clases de yoga, m\u00fasica, jazz, danza, psicolog\u00eda, pl\u00e1ticas de salud; tambi\u00e9n pintura, corte y confecci\u00f3n, manualidades y gastronom\u00eda. En estos espacios se ha facilitado que 1,000 adultos mayores se inscriban en la educaci\u00f3n abierta.<\/span><\/p>\n<p style=\"text-align: justify;\"><span style=\"font-size: 14pt; font-family: arial, helvetica, sans-serif;\"><\/span><\/p>\n<p style=\"text-align: justify;\"><span style=\"font-size: 14pt; font-family: arial, helvetica, sans-serif;\"><span lang=\"ES\">Adem\u00e1s, se han impartido cursos de verano a ni\u00f1os y ni\u00f1as en situaci\u00f3n de vulnerabilidad:&nbsp;<\/span><span lang=\"ES-TRAD\">Primeros auxilios, valores, ingl\u00e9s, taller de psicolog\u00eda y pl\u00e1ticas de salud.<\/span><\/span><\/p>\n<p style=\"text-align: justify;\"><span lang=\"ES\" style=\"font-size: 14pt; font-family: arial, helvetica, sans-serif;\"><\/span><\/p>\n<p style=\"text-align: justify;\"><span lang=\"ES\" style=\"font-size: 14pt; font-family: arial, helvetica, sans-serif;\">En los 4 a\u00f1os en estos centros, se han brindado cerca de 25 mil consultas m\u00e9dicas y odontol\u00f3gicas a familias vulnerables que acuden a estos espacios. Una consulta dental en lo privado cuesta m\u00e1s de 300 pesos.<\/span><\/p>\n<p style=\"text-align: justify;\">&nbsp;<\/p>\n<p style=\"text-align: justify;\">&nbsp;<\/p>\n<p style=\"text-align: justify;\"><span style=\"font-size: 14pt; font-family: arial, helvetica, sans-serif;\">REDACCI\u00d3N\/VISI\u00d3N CIUDADANA.<\/span><\/p>\n","protected":false},"excerpt":{"rendered":"<p>Como parte de una de las obras para cierre de esta administraci\u00f3n, Rosy Fuentes de Ordaz, presidenta del Sistema DIF, anunci\u00f3 que en las pr\u00f3ximas semanas iniciar\u00e1 la remodelaci\u00f3n de los Centros de Desarrollo Integral (CDI), donde se atiende a&nbsp;m\u00e1s de 15 mil personas al a\u00f1o, quienes han recibido apoyos y servicios de asistencia social. [&hellip;]<\/p>\n","protected":false},"author":1,"featured_media":10,"comment_status":"closed","ping_status":"closed","sticky":false,"template":"","format":"standard","meta":{"footnotes":""},"categories":[13],"tags":[],"ppma_author":[31],"class_list":["post-16543","post","type-post","status-publish","format-standard","has-post-thumbnail","hentry","category-locales"],"aioseo_notices":[],"authors":[{"term_id":31,"user_id":1,"is_guest":0,"slug":"ivan3vino","display_name":"Iv\u00e1n Trevi\u00f1o","avatar_url":{"url":"https:\/\/visionciudadana.com.mx\/oficial\/wp-content\/uploads\/2025\/09\/columna-ivan-Trevino.png","url2x":"https:\/\/visionciudadana.com.mx\/oficial\/wp-content\/uploads\/2025\/09\/columna-ivan-Trevino.png"},"0":null,"1":"","2":"","3":"","4":"","5":"","6":"","7":"","8":""}],"_links":{"self":[{"href":"https:\/\/visionciudadana.com.mx\/oficial\/wp-json\/wp\/v2\/posts\/16543","targetHints":{"allow":["GET"]}}],"collection":[{"href":"https:\/\/visionciudadana.com.mx\/oficial\/wp-json\/wp\/v2\/posts"}],"about":[{"href":"https:\/\/visionciudadana.com.mx\/oficial\/wp-json\/wp\/v2\/types\/post"}],"author":[{"embeddable":true,"href":"https:\/\/visionciudadana.com.mx\/oficial\/wp-json\/wp\/v2\/users\/1"}],"replies":[{"embeddable":true,"href":"https:\/\/visionciudadana.com.mx\/oficial\/wp-json\/wp\/v2\/comments?post=16543"}],"version-history":[{"count":1,"href":"https:\/\/visionciudadana.com.mx\/oficial\/wp-json\/wp\/v2\/posts\/16543\/revisions"}],"predecessor-version":[{"id":31283,"href":"https:\/\/visionciudadana.com.mx\/oficial\/wp-json\/wp\/v2\/posts\/16543\/revisions\/31283"}],"wp:featuredmedia":[{"embeddable":true,"href":"https:\/\/visionciudadana.com.mx\/oficial\/wp-json\/"}],"wp:attachment":[{"href":"https:\/\/visionciudadana.com.mx\/oficial\/wp-json\/wp\/v2\/media?parent=16543"}],"wp:term":[{"taxonomy":"category","embeddable":true,"href":"https:\/\/visionciudadana.com.mx\/oficial\/wp-json\/wp\/v2\/categories?post=16543"},{"taxonomy":"post_tag","embeddable":true,"href":"https:\/\/visionciudadana.com.mx\/oficial\/wp-json\/wp\/v2\/tags?post=16543"},{"taxonomy":"author","embeddable":true,"href":"https:\/\/visionciudadana.com.mx\/oficial\/wp-json\/wp\/v2\/ppma_author?post=16543"}],"curies":[{"name":"wp","href":"https:\/\/api.w.org\/{rel}","templated":true}]}}