{"id":16542,"date":"2021-03-26T06:17:45","date_gmt":"2021-03-26T06:17:45","guid":{"rendered":"https:\/\/visionciudadana.com.mx\/chio\/2021\/03\/26\/eligen-nuevo-difusor-de-los-derechos-humanos-de-la-infancia-de-dif-sinaloa\/"},"modified":"2025-06-25T00:16:48","modified_gmt":"2025-06-25T00:16:48","slug":"eligen-nuevo-difusor-de-los-derechos-humanos-de-la-infancia-de-dif-sinaloa","status":"publish","type":"post","link":"https:\/\/visionciudadana.com.mx\/oficial\/2021\/03\/26\/eligen-nuevo-difusor-de-los-derechos-humanos-de-la-infancia-de-dif-sinaloa\/","title":{"rendered":"Eligen nuevo difusor de los Derechos Humanos de la infancia de DIF Sinaloa"},"content":{"rendered":"<p style=\"text-align: justify;\"><img fetchpriority=\"high\" decoding=\"async\" src=\"images\/Marzo21\/eligen_nuevo_difusor.jpg\" alt=\"eligen nuevo difusor\" width=\"780\" height=\"420\" style=\"display: block; margin-left: auto; margin-right: auto;\" \/><\/p>\n<p style=\"text-align: justify;\"><span style=\"font-size: 14pt; font-family: arial, helvetica, sans-serif;\">La presidenta del Sistema DIF Sinaloa, tom\u00f3 protesta a los difusores de los derechos de la ni\u00f1ez de los 18 municipios, quienes a su vez participaron para convertirse en el seleccionado a nivel estatal, en el cual result\u00f3 como ganadora Hannah Lizbeth Ni\u00f1o Huichapan del municipio de Ahome.<\/span><\/p>\n<p style=\"text-align: justify;\">&nbsp;<\/p>\n<p style=\"text-align: justify;\"><span lang=\"X-NONE\" style=\"font-size: 14pt; font-family: arial, helvetica, sans-serif;\">Cada a\u00f1o se realiza el concurso del Ni\u00f1o Difusor, el cual consiste en elegir a un menor de edad para que represente a todas las ni\u00f1as, ni\u00f1os y adolescentes del Estado en eventos y actividades relacionadas a la promoci\u00f3n de sus derechos.<\/span><\/p>\n<p style=\"text-align: justify;\">&nbsp;<\/p>\n<p style=\"text-align: justify;\"><span style=\"font-size: 14pt; font-family: arial, helvetica, sans-serif;\">Durante el evento de arranque, Rosy Fuentes se dirigi\u00f3 a las y los participantes: \u201cFeliz de estar de nuevo en la elecci\u00f3n del ni\u00f1o difusor, decirles que es un evento que nos llena de mucha alegr\u00eda porque los vemos vencer sus miedos y exponiendo sobre sus derechos a otros ni\u00f1os\u201d.<\/span><\/p>\n<p style=\"text-align: justify;\">&nbsp;<\/p>\n<p style=\"text-align: justify;\"><span style=\"font-size: 14pt; font-family: arial, helvetica, sans-serif;\">Destac\u00f3 que en esta ocasi\u00f3n e<span lang=\"X-NONE\">l&nbsp;<\/span>tema es&nbsp;<span lang=\"X-NONE\">\u201cVivir en condiciones de bienestar con un desarrollo integral y sano en tiempos de pandemia<\/span>\u201d<span lang=\"X-NONE\">, mismo que se&nbsp;<\/span>eligi\u00f3 en el marco del D\u00eda Mundial contra El Trabajo Infantil celebrado el 12 de junio.<\/span><\/p>\n<p style=\"text-align: justify;\">&nbsp;<\/p>\n<p style=\"text-align: justify;\"><span style=\"font-size: 14pt; font-family: arial, helvetica, sans-serif;\">Agreg\u00f3 que este es un espacio donde los menores de edad se expresan libremente, por lo que felicit\u00f3 a todo el equipo del Programa de Atenci\u00f3n a Ni\u00f1as, Ni\u00f1os y Adolescentes (PANNASIR) de los 18 municipios, ya que llevan a cabo esta convocatoria. Tambi\u00e9n hizo un reconocimiento especial a los padres y madres de familia de los participantes, por brindar el apoyo y respaldo a sus hijos para ir por sus metas. &nbsp;<\/span><\/p>\n<p style=\"text-align: justify;\">&nbsp;<\/p>\n<p class=\"x_MsoNormal\" style=\"text-align: justify;\"><span style=\"font-size: 14pt; font-family: arial, helvetica, sans-serif;\"><span lang=\"ES-TRAD\">Durante la jornada de elecci\u00f3n los&nbsp;<\/span>participantes tuvieron&nbsp;<span lang=\"ES-TRAD\">un minuto para hablar del tema&nbsp;<\/span>indicado para este a\u00f1o.&nbsp;<span lang=\"ES-TRAD\">No existe un jurado de adultos para elegir a la ni\u00f1a o el ni\u00f1o ganador, son ellos mismos quienes votaron para elegir al ganador y&nbsp;<\/span>un suplente<span lang=\"ES-TRAD\">, en este \u00faltimo qued\u00f3 seleccionada Helen Amparo del municipio de Mazatl\u00e1n<\/span><\/span><\/p>\n<p style=\"text-align: justify;\">&nbsp;<\/p>\n<p class=\"x_MsoNormal\" style=\"text-align: justify;\"><span lang=\"ES-TRAD\" style=\"font-size: 14pt; font-family: arial, helvetica, sans-serif;\">Este concurso est\u00e1 alineado con la estrategia&nbsp;que emprende cada a\u00f1o el DIF Nacional, la cual tiene como finalidad&nbsp;integrar una red de difusi\u00f3n en todo el pa\u00eds, conformada por ni\u00f1os y adolescentes de entre 10 y 17 a\u00f1os de edad.<\/span><\/p>\n<p style=\"text-align: justify;\">&nbsp;<\/p>\n<p class=\"x_MsoNormal\" style=\"text-align: justify;\"><span style=\"font-size: 14pt; font-family: arial, helvetica, sans-serif;\">Gracias a esta Red los ni\u00f1os reciben capacitaci\u00f3n por parte de diversas instituciones p\u00fablicas y organismos tanto nacionales como internaciones (DIF Nacional, La CNDH, organizaciones civiles).<\/span><\/p>\n<p class=\"x_MsoNormal\" style=\"text-align: justify;\"><span lang=\"ES-TRAD\" style=\"font-size: 14pt; font-family: arial, helvetica, sans-serif;\"><\/span><\/p>\n<p style=\"text-align: justify;\">&nbsp;<\/p>\n<p style=\"text-align: justify;\"><span style=\"font-size: 14pt; font-family: arial, helvetica, sans-serif;\">REDACCI\u00d3N\/VISI\u00d3N CIUDADANA.<\/span><\/p>\n<p class=\"x_MsoNormal\"><span lang=\"ES-TRAD\"><\/span><\/p>\n","protected":false},"excerpt":{"rendered":"<p>La presidenta del Sistema DIF Sinaloa, tom\u00f3 protesta a los difusores de los derechos de la ni\u00f1ez de los 18 municipios, quienes a su vez participaron para convertirse en el seleccionado a nivel estatal, en el cual result\u00f3 como ganadora Hannah Lizbeth Ni\u00f1o Huichapan del municipio de Ahome. &nbsp; Cada a\u00f1o se realiza el concurso [&hellip;]<\/p>\n","protected":false},"author":1,"featured_media":8,"comment_status":"closed","ping_status":"closed","sticky":false,"template":"","format":"standard","meta":{"footnotes":""},"categories":[24],"tags":[],"ppma_author":[31],"class_list":["post-16542","post","type-post","status-publish","format-standard","has-post-thumbnail","hentry","category-relevantes"],"aioseo_notices":[],"authors":[{"term_id":31,"user_id":1,"is_guest":0,"slug":"ivan3vino","display_name":"Iv\u00e1n Trevi\u00f1o","avatar_url":{"url":"https:\/\/visionciudadana.com.mx\/oficial\/wp-content\/uploads\/2025\/09\/columna-ivan-Trevino.png","url2x":"https:\/\/visionciudadana.com.mx\/oficial\/wp-content\/uploads\/2025\/09\/columna-ivan-Trevino.png"},"0":null,"1":"","2":"","3":"","4":"","5":"","6":"","7":"","8":""}],"_links":{"self":[{"href":"https:\/\/visionciudadana.com.mx\/oficial\/wp-json\/wp\/v2\/posts\/16542","targetHints":{"allow":["GET"]}}],"collection":[{"href":"https:\/\/visionciudadana.com.mx\/oficial\/wp-json\/wp\/v2\/posts"}],"about":[{"href":"https:\/\/visionciudadana.com.mx\/oficial\/wp-json\/wp\/v2\/types\/post"}],"author":[{"embeddable":true,"href":"https:\/\/visionciudadana.com.mx\/oficial\/wp-json\/wp\/v2\/users\/1"}],"replies":[{"embeddable":true,"href":"https:\/\/visionciudadana.com.mx\/oficial\/wp-json\/wp\/v2\/comments?post=16542"}],"version-history":[{"count":1,"href":"https:\/\/visionciudadana.com.mx\/oficial\/wp-json\/wp\/v2\/posts\/16542\/revisions"}],"predecessor-version":[{"id":31284,"href":"https:\/\/visionciudadana.com.mx\/oficial\/wp-json\/wp\/v2\/posts\/16542\/revisions\/31284"}],"wp:featuredmedia":[{"embeddable":true,"href":"https:\/\/visionciudadana.com.mx\/oficial\/wp-json\/wp\/v2\/posts\/8"}],"wp:attachment":[{"href":"https:\/\/visionciudadana.com.mx\/oficial\/wp-json\/wp\/v2\/media?parent=16542"}],"wp:term":[{"taxonomy":"category","embeddable":true,"href":"https:\/\/visionciudadana.com.mx\/oficial\/wp-json\/wp\/v2\/categories?post=16542"},{"taxonomy":"post_tag","embeddable":true,"href":"https:\/\/visionciudadana.com.mx\/oficial\/wp-json\/wp\/v2\/tags?post=16542"},{"taxonomy":"author","embeddable":true,"href":"https:\/\/visionciudadana.com.mx\/oficial\/wp-json\/wp\/v2\/ppma_author?post=16542"}],"curies":[{"name":"wp","href":"https:\/\/api.w.org\/{rel}","templated":true}]}}