{"id":16540,"date":"2021-03-26T06:04:52","date_gmt":"2021-03-26T06:04:52","guid":{"rendered":"https:\/\/visionciudadana.com.mx\/chio\/2021\/03\/26\/hoy-inicia-el-proceso-de-evolucion-para-los-sinaloenses-mario-zamora\/"},"modified":"2025-06-25T00:16:49","modified_gmt":"2025-06-25T00:16:49","slug":"hoy-inicia-el-proceso-de-evolucion-para-los-sinaloenses-mario-zamora","status":"publish","type":"post","link":"https:\/\/visionciudadana.com.mx\/oficial\/2021\/03\/26\/hoy-inicia-el-proceso-de-evolucion-para-los-sinaloenses-mario-zamora\/","title":{"rendered":"Hoy inicia el proceso de evoluci\u00f3n para los sinaloenses: Mario Zamora"},"content":{"rendered":"<p><img fetchpriority=\"high\" decoding=\"async\" src=\"images\/Marzo21\/hoy_inicia.jpg\" alt=\"hoy inicia\" width=\"780\" height=\"420\" style=\"display: block; margin-left: auto; margin-right: auto;\" \/><\/p>\n<p class=\"x_MsoNormal\" style=\"text-align: justify;\"><span style=\"font-size: 14pt; font-family: arial, helvetica, sans-serif;\">En medio de un emotivo evento, Mario Zamora Gast\u00e9lum, acudi\u00f3 al Instituto Electoral del Estado de Sinaloa, para registrarse como candidato a gobernador de la alianza \u201cVa por Sinaloa\u201d, integrada por el PRI, PRD y PAN, donde afirm\u00f3 que, \u201choy inicia el proceso de evoluci\u00f3n de lo que somos los sinaloenses, gente que en el presente quiere construir un mejor futuro y un Sinaloa con m\u00e1s oportunidades\u201d.<\/span><\/p>\n<p style=\"text-align: justify;\">&nbsp;<\/p>\n<p class=\"x_MsoNormal\" style=\"text-align: justify;\"><span style=\"font-size: 14pt; font-family: arial, helvetica, sans-serif;\">Con la presencia de organizaciones, sectores, clase pol\u00edtica, estructura pri\u00edsta, perredista, panista, militantes y simpatizantes, Mario Zamora Gast\u00e9lum, arrib\u00f3 al \u00f3rgano electoral acompa\u00f1ado por su esposa e hijos, quienes fueron recibidos por Pablo Angulo Brice\u00f1o, Secretario T\u00e9cnico del Comit\u00e9 Directivo Nacional, el presidente del PRI Sinaloa, Jes\u00fas Vald\u00e9s Palazuelos, el dirigente del PAN en Sinaloa, Juan Carlos Estrada Vega; Marco Aurelio V\u00e1zquez L\u00f3pez, delegado del PRD, y Carlos Iriarte, delegado del CEN del PRI, para entregar la documentaci\u00f3n que lo acredita como el candidato a gobernador por esta alianza.<\/span><\/p>\n<p style=\"text-align: justify;\">&nbsp;<\/p>\n<p class=\"x_MsoNormal\" style=\"text-align: justify;\"><span style=\"font-size: 14pt; font-family: arial, helvetica, sans-serif;\">Tras el registro, en su mensaje, Mario Zamora Gast\u00e9lum, se\u00f1al\u00f3 que \u201cla gente quiere un Sinaloa con m\u00e1s oportunidades, un Sinaloa donde todo mundo tenga la opci\u00f3n, la alternativa de salir adelante con su esfuerzo, con sus ganas y con su talento, un Sinaloa y un gobierno amigo como somos los sinaloenses\u201d.<\/span><\/p>\n<p style=\"text-align: justify;\">&nbsp;<\/p>\n<p class=\"x_MsoNormal\" style=\"text-align: justify;\"><span style=\"font-size: 14pt; font-family: arial, helvetica, sans-serif;\">El abanderado de la alianza \u201cVa por Sinaloa\u201d, coment\u00f3 que su precampa\u00f1a observ\u00f3 que la gente est\u00e1 muy involucrada, que quiere estar cerca y quiere participar.<\/span><\/p>\n<p style=\"text-align: justify;\">&nbsp;<\/p>\n<p class=\"x_MsoNormal\" style=\"text-align: justify;\"><span style=\"font-size: 14pt; font-family: arial, helvetica, sans-serif;\">Mario Zamora afirm\u00f3 que en esta alianza est\u00e1 la fuerza, la energ\u00eda, la capacidad, la visi\u00f3n, la verdad para trabajar unidos, por lo que se realizar\u00e1, a partir del 04 de abril, una campa\u00f1a de propuestas, honesta, transparencia y donde la gente podr\u00e1 contrastar entre proyectos.<\/span><\/p>\n<p style=\"text-align: justify;\">&nbsp;<\/p>\n<p class=\"x_MsoNormal\" style=\"text-align: justify;\"><span style=\"font-size: 14pt; font-family: arial, helvetica, sans-serif;\">\u201cTodo arriba de la mesa, nada por abajo de la mesa. Nosotros sabemos jugar limpio, sabemos ganar limpio y as\u00ed va a ser\u2026 por eso invito, sobre todo a los candidatos que estamos punteando, a que en lugar de utilizar la parte oscura y por debajo de la mesa, que nos veamos de frente cuantas veces quieran\u2026 frente a los ciudadanos que nos pregunten, que nos cuestionen, que nos digan qu\u00e9 quieren de nosotros\u201d, dijo Zamora Gast\u00e9lum.<\/span><\/p>\n<p style=\"text-align: justify;\">&nbsp;<\/p>\n<p class=\"x_MsoNormal\" style=\"text-align: justify;\"><span style=\"font-size: 14pt; font-family: arial, helvetica, sans-serif;\">\u201cHoy inicia la evoluci\u00f3n, nos mueve el amor por Sinaloa\u201d, subray\u00f3 el aspirante del PRI, PRD y PAN, acompa\u00f1ado por su esposa Wendy Ibarra de Zamora y sus hijos Ana Mar\u00eda, Wendy y Mario Zamora Ibarra.<\/span><\/p>\n<p style=\"text-align: justify;\">&nbsp;<\/p>\n<p class=\"x_MsoNormal\" style=\"text-align: justify;\"><span style=\"font-size: 14pt; font-family: arial, helvetica, sans-serif;\">En el evento tambi\u00e9n estuvieron presentes candidatos a alcald\u00edas de Sinaloa, diputaciones federales y locales de la Alianza \u201cVa por Sinaloa\u201d.<\/span><\/p>\n<p style=\"text-align: justify;\">&nbsp;<\/p>\n<p style=\"text-align: justify;\">&nbsp;<\/p>\n<p style=\"text-align: justify;\"><span style=\"font-size: 14pt; font-family: arial, helvetica, sans-serif;\">REDACCI\u00d3N\/VISI\u00d3N CIUDADANA<\/span><\/p>\n","protected":false},"excerpt":{"rendered":"<p>En medio de un emotivo evento, Mario Zamora Gast\u00e9lum, acudi\u00f3 al Instituto Electoral del Estado de Sinaloa, para registrarse como candidato a gobernador de la alianza \u201cVa por Sinaloa\u201d, integrada por el PRI, PRD y PAN, donde afirm\u00f3 que, \u201choy inicia el proceso de evoluci\u00f3n de lo que somos los sinaloenses, gente que en el [&hellip;]<\/p>\n","protected":false},"author":1,"featured_media":4,"comment_status":"closed","ping_status":"closed","sticky":false,"template":"","format":"standard","meta":{"footnotes":""},"categories":[24],"tags":[],"ppma_author":[31],"class_list":["post-16540","post","type-post","status-publish","format-standard","has-post-thumbnail","hentry","category-relevantes"],"aioseo_notices":[],"authors":[{"term_id":31,"user_id":1,"is_guest":0,"slug":"ivan3vino","display_name":"Iv\u00e1n Trevi\u00f1o","avatar_url":{"url":"https:\/\/visionciudadana.com.mx\/oficial\/wp-content\/uploads\/2025\/09\/columna-ivan-Trevino.png","url2x":"https:\/\/visionciudadana.com.mx\/oficial\/wp-content\/uploads\/2025\/09\/columna-ivan-Trevino.png"},"0":null,"1":"","2":"","3":"","4":"","5":"","6":"","7":"","8":""}],"_links":{"self":[{"href":"https:\/\/visionciudadana.com.mx\/oficial\/wp-json\/wp\/v2\/posts\/16540","targetHints":{"allow":["GET"]}}],"collection":[{"href":"https:\/\/visionciudadana.com.mx\/oficial\/wp-json\/wp\/v2\/posts"}],"about":[{"href":"https:\/\/visionciudadana.com.mx\/oficial\/wp-json\/wp\/v2\/types\/post"}],"author":[{"embeddable":true,"href":"https:\/\/visionciudadana.com.mx\/oficial\/wp-json\/wp\/v2\/users\/1"}],"replies":[{"embeddable":true,"href":"https:\/\/visionciudadana.com.mx\/oficial\/wp-json\/wp\/v2\/comments?post=16540"}],"version-history":[{"count":1,"href":"https:\/\/visionciudadana.com.mx\/oficial\/wp-json\/wp\/v2\/posts\/16540\/revisions"}],"predecessor-version":[{"id":31286,"href":"https:\/\/visionciudadana.com.mx\/oficial\/wp-json\/wp\/v2\/posts\/16540\/revisions\/31286"}],"wp:featuredmedia":[{"embeddable":true,"href":"https:\/\/visionciudadana.com.mx\/oficial\/wp-json\/wp\/v2\/posts\/4"}],"wp:attachment":[{"href":"https:\/\/visionciudadana.com.mx\/oficial\/wp-json\/wp\/v2\/media?parent=16540"}],"wp:term":[{"taxonomy":"category","embeddable":true,"href":"https:\/\/visionciudadana.com.mx\/oficial\/wp-json\/wp\/v2\/categories?post=16540"},{"taxonomy":"post_tag","embeddable":true,"href":"https:\/\/visionciudadana.com.mx\/oficial\/wp-json\/wp\/v2\/tags?post=16540"},{"taxonomy":"author","embeddable":true,"href":"https:\/\/visionciudadana.com.mx\/oficial\/wp-json\/wp\/v2\/ppma_author?post=16540"}],"curies":[{"name":"wp","href":"https:\/\/api.w.org\/{rel}","templated":true}]}}