{"id":16539,"date":"2021-03-25T04:23:28","date_gmt":"2021-03-25T04:23:28","guid":{"rendered":"https:\/\/visionciudadana.com.mx\/chio\/2021\/03\/25\/quirino-y-miguel-torruco-visitan-obras-en-el-rosario-y-concordia\/"},"modified":"2025-06-25T00:16:49","modified_gmt":"2025-06-25T00:16:49","slug":"quirino-y-miguel-torruco-visitan-obras-en-el-rosario-y-concordia","status":"publish","type":"post","link":"https:\/\/visionciudadana.com.mx\/oficial\/2021\/03\/25\/quirino-y-miguel-torruco-visitan-obras-en-el-rosario-y-concordia\/","title":{"rendered":"Quirino y Miguel Torruco visitan obras en El Rosario y Concordia"},"content":{"rendered":"<p><img fetchpriority=\"high\" decoding=\"async\" src=\"images\/Marzo21\/concordia-quirino-torruco.jpg\" alt=\"concordia quirino torruco\" width=\"720\" height=\"480\" style=\"display: block; margin: 20px auto;\" \/><\/p>\n<p style=\"text-align: justify;\"><span style=\"font-size: 14pt; font-family: arial, helvetica, sans-serif;\">Con la misi\u00f3n de impulsar el turismo en los municipios de Rosario y Concordia, el gobernador Quirino Ordaz Coppel, en compa\u00f1\u00eda del secretario de Turismo del Gobierno Federal, Miguel Torruco Marqu\u00e9s; el secretario de Turismo de Sinaloa, \u00d3scar P\u00e9rez Barros, y ambos presidentes municipales, visit\u00f3 las distintas obras de embellecimiento urbano que se llevan a cabo.<\/span><\/p>\n<p>&nbsp;<\/p>\n<p style=\"text-align: justify;\"><span style=\"font-size: 14pt; font-family: arial, helvetica, sans-serif;\">En su primera parada en la cabecera municipal de El Rosario, junto al alcalde provisional, Ricardo N\u00fa\u00f1ez R\u00edos, el mandatario estatal se\u00f1al\u00f3 que se ha remodelado el centro hist\u00f3rico con una gran inversi\u00f3n de 100 millones de pesos, adem\u00e1s, se prev\u00e9 trabajar en el embellecimiento de la plazuela principal.<\/span><\/p>\n<p>&nbsp;<\/p>\n<p style=\"text-align: justify;\"><span style=\"font-size: 14pt; font-family: arial, helvetica, sans-serif;\">As\u00ed tambi\u00e9n, indic\u00f3 que el secretario de Turismo, Miguel Torruco Marqu\u00e9s, se mostr\u00f3 muy interesado en conocer los avances de la obra y c\u00f3mo se han transformado estos Pueblos M\u00e1gicos.<\/span><\/p>\n<p>&nbsp;<\/p>\n<p style=\"text-align: justify;\"><span style=\"font-size: 14pt; font-family: arial, helvetica, sans-serif;\">\u201cEs el camino para poder atraer a m\u00e1s turismo, m\u00e1s gente, las inversiones, el empleo para la gente. Entonces lo que tenemos que hacer es que el nombre de Sinaloa siga sonando como lo est\u00e1 haciendo, proyect\u00e1ndose, y como complemento la importancia de que vengan aqu\u00ed, a El Rosario, a Concordia\u201d, puntualiz\u00f3.<\/span><\/p>\n<p>&nbsp;<\/p>\n<p style=\"text-align: justify;\"><span style=\"font-size: 14pt; font-family: arial, helvetica, sans-serif;\">Posterior al recorrido en la iglesia de Nuestra Se\u00f1ora del Rosario y el Museo que lleva el mismo nombre, as\u00ed como en el callej\u00f3n Morelos, centro de esparcimiento en el cual se plasm\u00f3 el mural art\u00edstico titulado \u201c20-20 Tiempos de Covid\u201d, Miguel Torruco Marqu\u00e9s expres\u00f3 su grata impresi\u00f3n al observar la belleza de estos atractivos.<\/span><\/p>\n<p>&nbsp;<\/p>\n<p style=\"text-align: justify;\"><span style=\"font-size: 14pt; font-family: arial, helvetica, sans-serif;\">\u201cMe impresion\u00f3 mucho el atrio y los jardines de la bella iglesia del siglo XVII, vamos a tomar nota y a trav\u00e9s de mis colegas de gabinete en una nueva forma de gobierno, tratar de ayudar a trav\u00e9s de las diferentes instancias\u201d, asegur\u00f3 el secretario de Turismo.<\/span><\/p>\n<p>&nbsp;<\/p>\n<p style=\"text-align: justify;\"><span style=\"font-size: 14pt; font-family: arial, helvetica, sans-serif;\">Ya por la noche en Concordia, y de la mano del presidente municipal, Jes\u00fas Trinidad Osuna Liz\u00e1rraga, supervisaron la luminaria que se instal\u00f3 en la plazuela y las principales calles del centro hist\u00f3rico.<\/span><\/p>\n<p>&nbsp;<\/p>\n<p style=\"text-align: justify;\"><span style=\"font-size: 14pt; font-family: arial, helvetica, sans-serif;\">El gobernador hizo estos recorridos acompa\u00f1ado por su esposa Rosy Fuentes de Ordaz, as\u00ed como tambi\u00e9n de la esposa del secretario de Turismo, la se\u00f1ora Gloria Garza de Torruco.<\/span><\/p>\n<p>&nbsp;<\/p>\n<p>&nbsp;<\/p>\n<p>&nbsp;<\/p>\n<p>&nbsp;<\/p>\n<p style=\"text-align: justify;\"><span style=\"font-size: 14pt; font-family: arial, helvetica, sans-serif;\">Redaccion\/visionciudadana<\/span><\/p>\n","protected":false},"excerpt":{"rendered":"<p>Con la misi\u00f3n de impulsar el turismo en los municipios de Rosario y Concordia, el gobernador Quirino Ordaz Coppel, en compa\u00f1\u00eda del secretario de Turismo del Gobierno Federal, Miguel Torruco Marqu\u00e9s; el secretario de Turismo de Sinaloa, \u00d3scar P\u00e9rez Barros, y ambos presidentes municipales, visit\u00f3 las distintas obras de embellecimiento urbano que se llevan a [&hellip;]<\/p>\n","protected":false},"author":1,"featured_media":2,"comment_status":"closed","ping_status":"closed","sticky":false,"template":"","format":"standard","meta":{"footnotes":""},"categories":[24],"tags":[],"ppma_author":[31],"class_list":["post-16539","post","type-post","status-publish","format-standard","has-post-thumbnail","hentry","category-relevantes"],"aioseo_notices":[],"authors":[{"term_id":31,"user_id":1,"is_guest":0,"slug":"ivan3vino","display_name":"Iv\u00e1n Trevi\u00f1o","avatar_url":{"url":"https:\/\/visionciudadana.com.mx\/oficial\/wp-content\/uploads\/2025\/09\/columna-ivan-Trevino.png","url2x":"https:\/\/visionciudadana.com.mx\/oficial\/wp-content\/uploads\/2025\/09\/columna-ivan-Trevino.png"},"0":null,"1":"","2":"","3":"","4":"","5":"","6":"","7":"","8":""}],"_links":{"self":[{"href":"https:\/\/visionciudadana.com.mx\/oficial\/wp-json\/wp\/v2\/posts\/16539","targetHints":{"allow":["GET"]}}],"collection":[{"href":"https:\/\/visionciudadana.com.mx\/oficial\/wp-json\/wp\/v2\/posts"}],"about":[{"href":"https:\/\/visionciudadana.com.mx\/oficial\/wp-json\/wp\/v2\/types\/post"}],"author":[{"embeddable":true,"href":"https:\/\/visionciudadana.com.mx\/oficial\/wp-json\/wp\/v2\/users\/1"}],"replies":[{"embeddable":true,"href":"https:\/\/visionciudadana.com.mx\/oficial\/wp-json\/wp\/v2\/comments?post=16539"}],"version-history":[{"count":1,"href":"https:\/\/visionciudadana.com.mx\/oficial\/wp-json\/wp\/v2\/posts\/16539\/revisions"}],"predecessor-version":[{"id":31287,"href":"https:\/\/visionciudadana.com.mx\/oficial\/wp-json\/wp\/v2\/posts\/16539\/revisions\/31287"}],"wp:featuredmedia":[{"embeddable":true,"href":"https:\/\/visionciudadana.com.mx\/oficial\/wp-json\/wp\/v2\/posts\/2"}],"wp:attachment":[{"href":"https:\/\/visionciudadana.com.mx\/oficial\/wp-json\/wp\/v2\/media?parent=16539"}],"wp:term":[{"taxonomy":"category","embeddable":true,"href":"https:\/\/visionciudadana.com.mx\/oficial\/wp-json\/wp\/v2\/categories?post=16539"},{"taxonomy":"post_tag","embeddable":true,"href":"https:\/\/visionciudadana.com.mx\/oficial\/wp-json\/wp\/v2\/tags?post=16539"},{"taxonomy":"author","embeddable":true,"href":"https:\/\/visionciudadana.com.mx\/oficial\/wp-json\/wp\/v2\/ppma_author?post=16539"}],"curies":[{"name":"wp","href":"https:\/\/api.w.org\/{rel}","templated":true}]}}