{"id":15138,"date":"2021-03-25T04:11:59","date_gmt":"2021-03-25T04:11:59","guid":{"rendered":"https:\/\/visionciudadana.com.mx\/oficial\/2021\/03\/25\/servidores-de-la-nacion-lucran-electoralmente-con-la-vacuna-carlos-castanos\/"},"modified":"2025-06-25T00:16:49","modified_gmt":"2025-06-25T00:16:49","slug":"servidores-de-la-nacion-lucran-electoralmente-con-la-vacuna-carlos-castanos","status":"publish","type":"post","link":"https:\/\/visionciudadana.com.mx\/oficial\/2021\/03\/25\/servidores-de-la-nacion-lucran-electoralmente-con-la-vacuna-carlos-castanos\/","title":{"rendered":"Servidores de la Naci\u00f3n lucran electoralmente con la vacuna: Carlos Casta\u00f1os"},"content":{"rendered":"<p><img fetchpriority=\"high\" decoding=\"async\" src=\"images\/Marzo21\/casta\u00f1os-covid.jpg\" alt=\"casta\u00f1os covid\" width=\"720\" height=\"480\" style=\"display: block; margin: 20px auto;\" \/><\/p>\n<p style=\"text-align: justify;\"><span style=\"font-size: 14pt; font-family: arial, helvetica, sans-serif;\">El d\u00eda de hoy, el Diputado Federal por el PAN Carlos Casta\u00f1os denunci\u00f3 p\u00fablicamente que los llamados Servidores de la Naci\u00f3n est\u00e1n lucrando electoralmente con al vacuna contra el COVID.<\/span><\/p>\n<p>&nbsp;<\/p>\n<p style=\"text-align: justify;\"><span style=\"font-size: 14pt; font-family: arial, helvetica, sans-serif;\">\u201cHan hecho muy burocr\u00e1tico el proceso, adem\u00e1s de haber convocado a las y los adultos mayores a un registro en l\u00ednea con muchas fallas, ahora los est\u00e1n citando f\u00edsicamente pidi\u00e9ndoles la credencial de elector, su CURP, un comprobante de domicilio y su comprobante del registro en l\u00ednea. Es muy sospechoso, no tendr\u00edan por qu\u00e9 pedirles esa documentaci\u00f3n, huele a delito electoral por lo que estaremos presentando las denuncias correspondientes\u201d, se\u00f1al\u00f3.<\/span><\/p>\n<p>&nbsp;<\/p>\n<p style=\"text-align: justify;\"><span style=\"font-size: 14pt; font-family: arial, helvetica, sans-serif;\">\u201cExijo al Delegado de Programas Sociales Jaime Montes que le d\u00e9 una explicaci\u00f3n a las y los sinaloenses de por qu\u00e9 solicitan estos requisitos, adem\u00e1s le pido que no haga dar vueltas a las y los adultos mayores ya que son un grupo de personas que requiere de cuidados, no de estarlos exponiendo a contagiarse en los traslados y tumultos\u201d, a\u00f1adi\u00f3.<\/span><\/p>\n<p>&nbsp;<\/p>\n<p style=\"text-align: justify;\"><span style=\"font-size: 14pt; font-family: arial, helvetica, sans-serif;\">Por otro lado, con respecto a los procesos internos mediante los cuales Morena seleccion\u00f3 a sus candidatos, fueron a todas luces una farsa, una simulaci\u00f3n y una traici\u00f3n y dieron como resultado un \u201cmazacote\u201d.<\/span><\/p>\n<p>&nbsp;<\/p>\n<p style=\"text-align: justify;\"><span style=\"font-size: 14pt; font-family: arial, helvetica, sans-serif;\">\u201cEnga\u00f1aron a los que se registraron para contender en una supuesta contienda que se basar\u00eda en encuestas que no respetaron, mintieron al asegurar que el proceso ser\u00eda equitativo y traicionaron la confianza de quienes a\u00fan cre\u00edan en ellos. Morena no solo ha quedado a deber como gobierno federal y en los municipios en el caso de Sinaloa, sino que tambi\u00e9n en el proceso interno para la selecci\u00f3n de sus candidatos dio ejemplo de fraude y enga\u00f1o. La ciudadan\u00eda debe reflexionar si a esos personajes, algunos de ellos impresentables, son a los que quisiera tomando decisiones en los cargos de gobierno futuro\u201d, finaliz\u00f3.<\/span><\/p>\n<p>&nbsp;<\/p>\n<p>&nbsp;<\/p>\n<p>&nbsp;<\/p>\n<p>&nbsp;<\/p>\n<p style=\"text-align: justify;\"><span style=\"font-size: 14pt; font-family: arial, helvetica, sans-serif;\">Redaccion\/visionciudadana<\/span><\/p>\n","protected":false},"excerpt":{"rendered":"<p>El d\u00eda de hoy, el Diputado Federal por el PAN Carlos Casta\u00f1os denunci\u00f3 p\u00fablicamente que los llamados Servidores de la Naci\u00f3n est\u00e1n lucrando electoralmente con al vacuna contra el COVID. &nbsp; \u201cHan hecho muy burocr\u00e1tico el proceso, adem\u00e1s de haber convocado a las y los adultos mayores a un registro en l\u00ednea con muchas fallas, [&hellip;]<\/p>\n","protected":false},"author":1,"featured_media":0,"comment_status":"closed","ping_status":"closed","sticky":false,"template":"","format":"standard","meta":{"footnotes":""},"categories":[24],"tags":[],"ppma_author":[31],"class_list":["post-15138","post","type-post","status-publish","format-standard","hentry","category-relevantes"],"aioseo_notices":[],"authors":[{"term_id":31,"user_id":1,"is_guest":0,"slug":"ivan3vino","display_name":"Iv\u00e1n Trevi\u00f1o","avatar_url":{"url":"https:\/\/visionciudadana.com.mx\/oficial\/wp-content\/uploads\/2025\/09\/columna-ivan-Trevino.png","url2x":"https:\/\/visionciudadana.com.mx\/oficial\/wp-content\/uploads\/2025\/09\/columna-ivan-Trevino.png"},"0":null,"1":"","2":"","3":"","4":"","5":"","6":"","7":"","8":""}],"_links":{"self":[{"href":"https:\/\/visionciudadana.com.mx\/oficial\/wp-json\/wp\/v2\/posts\/15138","targetHints":{"allow":["GET"]}}],"collection":[{"href":"https:\/\/visionciudadana.com.mx\/oficial\/wp-json\/wp\/v2\/posts"}],"about":[{"href":"https:\/\/visionciudadana.com.mx\/oficial\/wp-json\/wp\/v2\/types\/post"}],"author":[{"embeddable":true,"href":"https:\/\/visionciudadana.com.mx\/oficial\/wp-json\/wp\/v2\/users\/1"}],"replies":[{"embeddable":true,"href":"https:\/\/visionciudadana.com.mx\/oficial\/wp-json\/wp\/v2\/comments?post=15138"}],"version-history":[{"count":1,"href":"https:\/\/visionciudadana.com.mx\/oficial\/wp-json\/wp\/v2\/posts\/15138\/revisions"}],"predecessor-version":[{"id":31288,"href":"https:\/\/visionciudadana.com.mx\/oficial\/wp-json\/wp\/v2\/posts\/15138\/revisions\/31288"}],"wp:attachment":[{"href":"https:\/\/visionciudadana.com.mx\/oficial\/wp-json\/wp\/v2\/media?parent=15138"}],"wp:term":[{"taxonomy":"category","embeddable":true,"href":"https:\/\/visionciudadana.com.mx\/oficial\/wp-json\/wp\/v2\/categories?post=15138"},{"taxonomy":"post_tag","embeddable":true,"href":"https:\/\/visionciudadana.com.mx\/oficial\/wp-json\/wp\/v2\/tags?post=15138"},{"taxonomy":"author","embeddable":true,"href":"https:\/\/visionciudadana.com.mx\/oficial\/wp-json\/wp\/v2\/ppma_author?post=15138"}],"curies":[{"name":"wp","href":"https:\/\/api.w.org\/{rel}","templated":true}]}}