{"id":15137,"date":"2021-03-25T03:57:21","date_gmt":"2021-03-25T03:57:21","guid":{"rendered":"https:\/\/visionciudadana.com.mx\/prueba\/2021\/03\/25\/la-uas-entrega-a-sep-y-a-la-anuies-padron-de-universitarios-que-desean-recibir-vacuna-contra-covid-19\/"},"modified":"2025-06-25T00:16:49","modified_gmt":"2025-06-25T00:16:49","slug":"la-uas-entrega-a-sep-y-a-la-anuies-padron-de-universitarios-que-desean-recibir-vacuna-contra-covid-19","status":"publish","type":"post","link":"https:\/\/visionciudadana.com.mx\/oficial\/2021\/03\/25\/la-uas-entrega-a-sep-y-a-la-anuies-padron-de-universitarios-que-desean-recibir-vacuna-contra-covid-19\/","title":{"rendered":"La UAS entrega a SEP y a la ANUIES padr\u00f3n de universitarios que desean recibir vacuna contra COVID-19"},"content":{"rendered":"<p><img fetchpriority=\"high\" decoding=\"async\" src=\"images\/Marzo21\/UAS-entrega-padr\u00f3n--2.jpg\" alt=\"UAS entrega padr\u00f3n 2\" width=\"720\" height=\"480\" style=\"display: block; margin: 20px auto;\" \/><\/p>\n<p style=\"text-align: justify;\"><span style=\"font-size: 14pt; font-family: arial, helvetica, sans-serif;\">La Universidad Aut\u00f3noma de Sinaloa (UAS) es la primera en entregar a las autoridades de la Secretar\u00eda de Educaci\u00f3n P\u00fablica (SEP) y a la ANUIES el padr\u00f3n de universitarios que han manifestado voluntariamente querer recibir en su momento la vacuna contra el COVID-19, de un universo de aproximadamente 15 mil trabajadores acad\u00e9micos y administrativos, activos y jubilados, se han registrado 9 mil 922 universitarios.<\/span><\/p>\n<p>&nbsp;<\/p>\n<p style=\"text-align: justify;\"><span style=\"font-size: 14pt; font-family: arial, helvetica, sans-serif;\">El Secretario General, doctor Gerardo Alapizco Castro, inform\u00f3 que desde el d\u00eda en que el Rector, doctor Juan Eulogio Guerra Liera, anunci\u00f3 que la Universidad abr\u00eda en el portal de empleado de la instituci\u00f3n un Registro al Padr\u00f3n de Vacunaci\u00f3n del Personal Universitario, la respuesta de los trabajadores fue inmediata, mostrando mucho inter\u00e9s en darse de alta.<\/span><\/p>\n<p>&nbsp;<\/p>\n<p style=\"text-align: justify;\"><span style=\"font-size: 14pt; font-family: arial, helvetica, sans-serif;\">\u201cHa sido un acierto que la Universidad Aut\u00f3noma de Sinaloa haya sacado este Registro al Padr\u00f3n de Vacunaci\u00f3n del Personal Universitario para la vacunaci\u00f3n contra el COVID-19, este ha sido en el marco de los avances en materia de vacunaci\u00f3n contra COVID-19 donde la Secretar\u00eda de Educaci\u00f3n P\u00fablica y la ANUIES y las instituciones de educaci\u00f3n superior se dieron a la tarea de buscar integrar un padr\u00f3n del personal universitario esto con el \u00fanico prop\u00f3sito de conocer la poblaci\u00f3n objetivo y en su momento programar las dosis correspondientes\u201d, dijo Alapizco Castro.<\/span><\/p>\n<p>&nbsp;<\/p>\n<p style=\"text-align: justify;\"><span style=\"font-size: 14pt; font-family: arial, helvetica, sans-serif;\">Por lo anterior, se\u00f1al\u00f3 el Secretario General, es que la instituci\u00f3n invit\u00f3 y sigue exhortando a los universitarios a que contin\u00faen registr\u00e1ndose en este padr\u00f3n, el cual ha permanecido abierto las 24 horas desde el pasado mi\u00e9rcoles 17 de marzo, cuando se abri\u00f3 el portal, se hizo un corte el d\u00eda lunes 22 y contin\u00faa abierto para que se sigan dando de alta los trabajadores.<\/span><\/p>\n<p>&nbsp;<\/p>\n<p style=\"text-align: justify;\"><span style=\"font-size: 14pt; font-family: arial, helvetica, sans-serif;\">\u201cResaltar que la informaci\u00f3n que se proporcione es confidencial y servir\u00e1 como referente para proyectar las acciones encaminadas a preservar la salud de la comunidad universitaria\u201d, precis\u00f3.<\/span><\/p>\n<p>&nbsp;<\/p>\n<p style=\"text-align: justify;\"><span style=\"font-size: 14pt; font-family: arial, helvetica, sans-serif;\">Indic\u00f3 que la informaci\u00f3n que se solicita en el Padr\u00f3n es nombre completo, CURP, fecha de nacimiento, sexo, tel\u00e9fono celular, correo electr\u00f3nico, n\u00famero de empleado para quien lo tiene, centro de trabajo, domicilio y c\u00f3digo postal.<\/span><\/p>\n<p>&nbsp;<\/p>\n<p style=\"text-align: justify;\"><span style=\"font-size: 14pt; font-family: arial, helvetica, sans-serif;\">\u201cHay asimilables o universitarios que no tienen n\u00famero de empleado, tambi\u00e9n ellos est\u00e1n en este padr\u00f3n, se han integrado, fue instrucci\u00f3n del se\u00f1or Rector que sean todos los universitarios tanto acad\u00e9micos, como no acad\u00e9micos los que integren el padr\u00f3n\u201d, expres\u00f3.<\/span><\/p>\n<p>&nbsp;<\/p>\n<p style=\"text-align: justify;\"><span style=\"font-size: 14pt; font-family: arial, helvetica, sans-serif;\">Alapizco Castro enfatiz\u00f3 que la Universidad no administra la vacuna contra el COVID-19, pero es la primera de entre todas las universidades p\u00fablicas en enviar toda esta informaci\u00f3n y enviarla a las autoridades educativas como son el Subsecretario de Educaci\u00f3n Superior, Luciano Concheiro, a la titular de la DGESU, Carmen Rodr\u00edguez y al Secretario General Ejecutivo de ANUIES, Jaime Valls Esponda.<\/span><\/p>\n<p>&nbsp;<\/p>\n<p style=\"text-align: justify;\"><span style=\"font-size: 14pt; font-family: arial, helvetica, sans-serif;\">\u201cAqu\u00ed lo importante es que la Universidad ya tiene ese Padr\u00f3n, lo est\u00e1 registrando para el d\u00eda que se inicie la vacunaci\u00f3n en los docentes ya est\u00e9n registrados\u201d, extern\u00f3.<\/span><\/p>\n<p>&nbsp;<\/p>\n<p style=\"text-align: justify;\"><span style=\"font-size: 14pt; font-family: arial, helvetica, sans-serif;\">Agreg\u00f3 que hay universitarios del \u00e1rea de la salud que por el desempe\u00f1o de su trabajo ya han sido vacunados, as\u00ed como jubilados universitarios que tambi\u00e9n recibieron su vacuna en los municipios donde se ha inoculado a los adultos mayores.<\/span><\/p>\n<p>&nbsp;<\/p>\n<p style=\"text-align: justify;\"><span style=\"font-size: 14pt; font-family: arial, helvetica, sans-serif;\">\u201cEl Rector ha sido muy enf\u00e1tico que el regreso a las aulas ser\u00e1 siempre y cuando est\u00e9n vacunados los docentes, \u00e9l habla de las 3 \u00b4V\u00b4 (\u2026) que el sem\u00e1foro est\u00e9 en verde, que sea voluntario y que nuestro personal universitario est\u00e9 vacunado, nuestro regreso a clases va a ser de esa forma (\u2026) lo que s\u00ed es que ya tenemos nuestro padr\u00f3n listo para cuando se d\u00e9 la vacunaci\u00f3n (\u2026) el objetivo principal es no arriesgar a nuestros universitarios ya que la pandemia sigue activa e incluso se espera una tercera ola, hay que seguir cuid\u00e1ndonos mucho\u201d, puntualiz\u00f3.<\/span><\/p>\n<p>&nbsp;<\/p>\n<p>&nbsp;<\/p>\n<p>&nbsp;<\/p>\n<p>&nbsp;<\/p>\n<p style=\"text-align: justify;\"><span style=\"font-size: 14pt; font-family: arial, helvetica, sans-serif;\">Redaccion\/visionciudadana<\/span><\/p>\n","protected":false},"excerpt":{"rendered":"<p>La Universidad Aut\u00f3noma de Sinaloa (UAS) es la primera en entregar a las autoridades de la Secretar\u00eda de Educaci\u00f3n P\u00fablica (SEP) y a la ANUIES el padr\u00f3n de universitarios que han manifestado voluntariamente querer recibir en su momento la vacuna contra el COVID-19, de un universo de aproximadamente 15 mil trabajadores acad\u00e9micos y administrativos, activos [&hellip;]<\/p>\n","protected":false},"author":1,"featured_media":7059,"comment_status":"closed","ping_status":"closed","sticky":false,"template":"","format":"standard","meta":{"footnotes":""},"categories":[24],"tags":[],"ppma_author":[31],"class_list":["post-15137","post","type-post","status-publish","format-standard","has-post-thumbnail","hentry","category-relevantes"],"aioseo_notices":[],"authors":[{"term_id":31,"user_id":1,"is_guest":0,"slug":"ivan3vino","display_name":"Iv\u00e1n Trevi\u00f1o","avatar_url":{"url":"https:\/\/visionciudadana.com.mx\/oficial\/wp-content\/uploads\/2025\/09\/columna-ivan-Trevino.png","url2x":"https:\/\/visionciudadana.com.mx\/oficial\/wp-content\/uploads\/2025\/09\/columna-ivan-Trevino.png"},"0":null,"1":"","2":"","3":"","4":"","5":"","6":"","7":"","8":""}],"_links":{"self":[{"href":"https:\/\/visionciudadana.com.mx\/oficial\/wp-json\/wp\/v2\/posts\/15137","targetHints":{"allow":["GET"]}}],"collection":[{"href":"https:\/\/visionciudadana.com.mx\/oficial\/wp-json\/wp\/v2\/posts"}],"about":[{"href":"https:\/\/visionciudadana.com.mx\/oficial\/wp-json\/wp\/v2\/types\/post"}],"author":[{"embeddable":true,"href":"https:\/\/visionciudadana.com.mx\/oficial\/wp-json\/wp\/v2\/users\/1"}],"replies":[{"embeddable":true,"href":"https:\/\/visionciudadana.com.mx\/oficial\/wp-json\/wp\/v2\/comments?post=15137"}],"version-history":[{"count":1,"href":"https:\/\/visionciudadana.com.mx\/oficial\/wp-json\/wp\/v2\/posts\/15137\/revisions"}],"predecessor-version":[{"id":31289,"href":"https:\/\/visionciudadana.com.mx\/oficial\/wp-json\/wp\/v2\/posts\/15137\/revisions\/31289"}],"wp:featuredmedia":[{"embeddable":true,"href":"https:\/\/visionciudadana.com.mx\/oficial\/wp-json\/wp\/v2\/posts\/7059"}],"wp:attachment":[{"href":"https:\/\/visionciudadana.com.mx\/oficial\/wp-json\/wp\/v2\/media?parent=15137"}],"wp:term":[{"taxonomy":"category","embeddable":true,"href":"https:\/\/visionciudadana.com.mx\/oficial\/wp-json\/wp\/v2\/categories?post=15137"},{"taxonomy":"post_tag","embeddable":true,"href":"https:\/\/visionciudadana.com.mx\/oficial\/wp-json\/wp\/v2\/tags?post=15137"},{"taxonomy":"author","embeddable":true,"href":"https:\/\/visionciudadana.com.mx\/oficial\/wp-json\/wp\/v2\/ppma_author?post=15137"}],"curies":[{"name":"wp","href":"https:\/\/api.w.org\/{rel}","templated":true}]}}