{"id":15118,"date":"2021-03-24T04:37:26","date_gmt":"2021-03-24T04:37:26","guid":{"rendered":"https:\/\/visionciudadana.com.mx\/prueba\/2021\/03\/24\/se-registra-gloria-gonzalez-burboa-ante-iees-como-abanderada-del-pt-a-la-gubernatura-del-estado\/"},"modified":"2025-06-25T00:16:49","modified_gmt":"2025-06-25T00:16:49","slug":"se-registra-gloria-gonzalez-burboa-ante-iees-como-abanderada-del-pt-a-la-gubernatura-del-estado","status":"publish","type":"post","link":"https:\/\/visionciudadana.com.mx\/oficial\/2021\/03\/24\/se-registra-gloria-gonzalez-burboa-ante-iees-como-abanderada-del-pt-a-la-gubernatura-del-estado\/","title":{"rendered":"Se registra Gloria Gonz\u00e1lez Burboa ante IEES como abanderada del PT a la Gubernatura del Estado."},"content":{"rendered":"<p><img fetchpriority=\"high\" decoding=\"async\" src=\"images\/Marzo21\/Gloria-pt.gif\" alt=\"Gloria pt\" width=\"720\" height=\"480\" style=\"display: block; margin: 20px auto;\" \/><\/p>\n<p style=\"text-align: justify;\"><span style=\"font-family: arial, helvetica, sans-serif; font-size: 14pt;\">Luego de registrarse ante el Instituto Estatal Electoral como candidata del Partido del Trabajo por la gubernatura del estado de Sinaloa, Gloria Gonz\u00e1lez Burboa ser\u00eda la tercera mujer que busca el m\u00e1ximo cargo en la entidad para contender en las pr\u00f3ximas elecciones del 6 de junio.<\/span><\/p>\n<p style=\"text-align: justify;\">&nbsp;<\/p>\n<p style=\"text-align: justify;\"><span style=\"font-family: arial, helvetica, sans-serif; font-size: 14pt;\">Gloria Gonz\u00e1lez se comprometi\u00f3 a buscar mejores niveles de vida para los sinaloenses, impulsar las comunidades ind\u00edgenas, reactivar el campo sinaloense, entre otras propuestas que dar\u00e1 a conocer en el transcurso de su campa\u00f1a.<\/span><\/p>\n<p>&nbsp;<\/p>\n<p>&nbsp;<\/p>\n<p>&nbsp;<\/p>\n<p>&nbsp;<\/p>\n<p>Redacci\u00f3n\/Visionciudadana<\/p>\n","protected":false},"excerpt":{"rendered":"<p>Luego de registrarse ante el Instituto Estatal Electoral como candidata del Partido del Trabajo por la gubernatura del estado de Sinaloa, Gloria Gonz\u00e1lez Burboa ser\u00eda la tercera mujer que busca el m\u00e1ximo cargo en la entidad para contender en las pr\u00f3ximas elecciones del 6 de junio. &nbsp; Gloria Gonz\u00e1lez se comprometi\u00f3 a buscar mejores niveles [&hellip;]<\/p>\n","protected":false},"author":1,"featured_media":7049,"comment_status":"closed","ping_status":"closed","sticky":false,"template":"","format":"standard","meta":{"footnotes":""},"categories":[24],"tags":[],"ppma_author":[31],"class_list":["post-15118","post","type-post","status-publish","format-standard","has-post-thumbnail","hentry","category-relevantes"],"aioseo_notices":[],"authors":[{"term_id":31,"user_id":1,"is_guest":0,"slug":"ivan3vino","display_name":"Iv\u00e1n Trevi\u00f1o","avatar_url":{"url":"https:\/\/visionciudadana.com.mx\/oficial\/wp-content\/uploads\/2025\/09\/columna-ivan-Trevino.png","url2x":"https:\/\/visionciudadana.com.mx\/oficial\/wp-content\/uploads\/2025\/09\/columna-ivan-Trevino.png"},"0":null,"1":"","2":"","3":"","4":"","5":"","6":"","7":"","8":""}],"_links":{"self":[{"href":"https:\/\/visionciudadana.com.mx\/oficial\/wp-json\/wp\/v2\/posts\/15118","targetHints":{"allow":["GET"]}}],"collection":[{"href":"https:\/\/visionciudadana.com.mx\/oficial\/wp-json\/wp\/v2\/posts"}],"about":[{"href":"https:\/\/visionciudadana.com.mx\/oficial\/wp-json\/wp\/v2\/types\/post"}],"author":[{"embeddable":true,"href":"https:\/\/visionciudadana.com.mx\/oficial\/wp-json\/wp\/v2\/users\/1"}],"replies":[{"embeddable":true,"href":"https:\/\/visionciudadana.com.mx\/oficial\/wp-json\/wp\/v2\/comments?post=15118"}],"version-history":[{"count":1,"href":"https:\/\/visionciudadana.com.mx\/oficial\/wp-json\/wp\/v2\/posts\/15118\/revisions"}],"predecessor-version":[{"id":31292,"href":"https:\/\/visionciudadana.com.mx\/oficial\/wp-json\/wp\/v2\/posts\/15118\/revisions\/31292"}],"wp:featuredmedia":[{"embeddable":true,"href":"https:\/\/visionciudadana.com.mx\/oficial\/wp-json\/wp\/v2\/posts\/7049"}],"wp:attachment":[{"href":"https:\/\/visionciudadana.com.mx\/oficial\/wp-json\/wp\/v2\/media?parent=15118"}],"wp:term":[{"taxonomy":"category","embeddable":true,"href":"https:\/\/visionciudadana.com.mx\/oficial\/wp-json\/wp\/v2\/categories?post=15118"},{"taxonomy":"post_tag","embeddable":true,"href":"https:\/\/visionciudadana.com.mx\/oficial\/wp-json\/wp\/v2\/tags?post=15118"},{"taxonomy":"author","embeddable":true,"href":"https:\/\/visionciudadana.com.mx\/oficial\/wp-json\/wp\/v2\/ppma_author?post=15118"}],"curies":[{"name":"wp","href":"https:\/\/api.w.org\/{rel}","templated":true}]}}