{"id":15107,"date":"2021-03-24T02:19:46","date_gmt":"2021-03-24T02:19:46","guid":{"rendered":"https:\/\/visionciudadana.com.mx\/prueba\/2021\/03\/24\/la-tuberculosis-enfermedad-tratable-y-curable-ss\/"},"modified":"2025-06-25T00:16:50","modified_gmt":"2025-06-25T00:16:50","slug":"la-tuberculosis-enfermedad-tratable-y-curable-ss","status":"publish","type":"post","link":"https:\/\/visionciudadana.com.mx\/oficial\/2021\/03\/24\/la-tuberculosis-enfermedad-tratable-y-curable-ss\/","title":{"rendered":"La tuberculosis  enfermedad tratable y curable: SS"},"content":{"rendered":"<p style=\"text-align: justify;\">&nbsp;<\/p>\n<p style=\"text-align: justify;\"><img fetchpriority=\"high\" decoding=\"async\" src=\"images\/Marzo21\/tuberculosis.PNG\" alt=\"tuberculosis\" width=\"359\" height=\"209\" style=\"display: block; margin-left: auto; margin-right: auto;\" \/><\/p>\n<p class=\"x_MsoNormal\" style=\"text-align: justify;\"><span style=\"font-size: 14pt; font-family: arial, helvetica, sans-serif;\">En el marco del d\u00eda Mundial de la Lucha Contra la Tuberculosis celebrado cada 24 de marzo, bajo el lema; \u201cEl tiempo corre\u201d, la Secretar\u00eda de Salud reforzar\u00e1 las acciones de prevenci\u00f3n e informaci\u00f3n en centros de salud del estado para de esta manera realizar pesquisas en la detecci\u00f3n de casos y poder otorgar con ello diagn\u00f3stico y tratamiento oportuno, inform\u00f3 el Dr. Miguel Alejandro Real Lugo, responsable del Programa de Tuberculosis en el Centro de Salud Urbano en Culiac\u00e1n.<\/span><\/p>\n<p style=\"text-align: justify;\">&nbsp;<\/p>\n<p class=\"x_MsoNormal\" style=\"text-align: justify;\"><span style=\"font-size: 14pt; font-family: arial, helvetica, sans-serif;\">El especialista detall\u00f3 que la tuberculosis es una enfermedad infecciosa y contagiosa que afecta a cualquier parte del organismo, en especial los pulmones y las enfermedades que m\u00e1s se asocian a la tuberculosis en M\u00e9xico son la diabetes mellitus, la desnutrici\u00f3n y el VIH SIDA.<\/span><\/p>\n<p style=\"text-align: justify;\">&nbsp;<\/p>\n<p class=\"x_MsoNormal\" style=\"text-align: justify;\"><span style=\"font-size: 14pt; font-family: arial, helvetica, sans-serif;\">\u201cEs totalmente prevenible, simplemente es evitar el contagio de persona a persona, lo que hacemos es cuando detectamos un caso investigamos alrededor de ese paciente algunos contagios posibles, los descartamos mediante una muestra, de alguna manera cortamos la cadena de transmisi\u00f3n y hacemos las recomendaciones pertinentes\u201d, indic\u00f3.<\/span><\/p>\n<p style=\"text-align: justify;\">&nbsp;<\/p>\n<p class=\"x_MsoNormal\" style=\"text-align: justify;\"><span style=\"font-size: 14pt; font-family: arial, helvetica, sans-serif;\">Agreg\u00f3 que los s\u00edntomas de esta enfermedad se presentan con; fiebre, p\u00e9rdida de peso, p\u00e9rdida de apetito, cansancio, fatiga, sudoraci\u00f3n en las noches, fiebres por las noches, son de las principales, pero un s\u00edntoma importante es presentar la tos con flema o tos seca de inicio y que se convierte despu\u00e9s en tos productiva.<\/span><\/p>\n<p style=\"text-align: justify;\">&nbsp;<\/p>\n<p class=\"x_MsoNormal\" style=\"text-align: justify;\"><span style=\"font-size: 14pt; font-family: arial, helvetica, sans-serif;\">Asimismo, inform\u00f3 que como parte de las estrategias para la detecci\u00f3n oportuna de los casos, se cuenta con personal capacitado en los centros de salud donde se les da seguimiento a los pacientes y supervisan estrictamente su tratamiento, mismo que es gratuito y consiste en la administraci\u00f3n de antibi\u00f3tico por seis meses.<\/span><\/p>\n<p style=\"text-align: justify;\">&nbsp;<\/p>\n<p class=\"x_MsoNormal\" style=\"text-align: justify;\"><span style=\"font-size: 14pt; font-family: arial, helvetica, sans-serif;\">Record\u00f3 que la celebraci\u00f3n del D\u00eda Mundial de la Tuberculosis, se lleva al cabo en todo el mundo con el prop\u00f3sito de empoderar, informar a la poblaci\u00f3n y a todas las personas que sigue existiendo la tuberculosis, y que efectivamente es una bacteria que ya tiene antecedentes hist\u00f3ricos en la humanidad, sin embargo y por fortuna es una enfermedad tratable y curable.<\/span><\/p>\n<p style=\"text-align: justify;\">&nbsp;<\/p>\n<p class=\"x_MsoNormal\" style=\"text-align: justify;\"><span style=\"font-size: 14pt; font-family: arial, helvetica, sans-serif;\">Cabe se\u00f1alar que en Sinaloa se registran 145 casos en lo que va de este a\u00f1o, teniendo mayor n\u00famero de casos en los municipios de; Culiac\u00e1n con 62 casos, Mazatl\u00e1n con 33, Ahome con 19 y Guasave con 13. Con ello se registra una reducci\u00f3n de 13 casos menos en comparaci\u00f3n a la misma fecha en el 2020 donde se ten\u00edan un total de 158 casos acumulados.<\/span><\/p>\n<p style=\"text-align: justify;\">&nbsp;<\/p>\n<p style=\"text-align: justify;\">&nbsp;<\/p>\n<p style=\"text-align: justify;\"><span style=\"font-size: 14pt; font-family: arial, helvetica, sans-serif;\">REDACCI\u00d3N\/VISI\u00d3N CIUDADANA.<\/span><\/p>\n","protected":false},"excerpt":{"rendered":"<p>&nbsp; En el marco del d\u00eda Mundial de la Lucha Contra la Tuberculosis celebrado cada 24 de marzo, bajo el lema; \u201cEl tiempo corre\u201d, la Secretar\u00eda de Salud reforzar\u00e1 las acciones de prevenci\u00f3n e informaci\u00f3n en centros de salud del estado para de esta manera realizar pesquisas en la detecci\u00f3n de casos y poder otorgar [&hellip;]<\/p>\n","protected":false},"author":1,"featured_media":7031,"comment_status":"closed","ping_status":"closed","sticky":false,"template":"","format":"standard","meta":{"footnotes":""},"categories":[13],"tags":[],"ppma_author":[31],"class_list":["post-15107","post","type-post","status-publish","format-standard","has-post-thumbnail","hentry","category-locales"],"aioseo_notices":[],"authors":[{"term_id":31,"user_id":1,"is_guest":0,"slug":"ivan3vino","display_name":"Iv\u00e1n Trevi\u00f1o","avatar_url":{"url":"https:\/\/visionciudadana.com.mx\/oficial\/wp-content\/uploads\/2025\/09\/columna-ivan-Trevino.png","url2x":"https:\/\/visionciudadana.com.mx\/oficial\/wp-content\/uploads\/2025\/09\/columna-ivan-Trevino.png"},"0":null,"1":"","2":"","3":"","4":"","5":"","6":"","7":"","8":""}],"_links":{"self":[{"href":"https:\/\/visionciudadana.com.mx\/oficial\/wp-json\/wp\/v2\/posts\/15107","targetHints":{"allow":["GET"]}}],"collection":[{"href":"https:\/\/visionciudadana.com.mx\/oficial\/wp-json\/wp\/v2\/posts"}],"about":[{"href":"https:\/\/visionciudadana.com.mx\/oficial\/wp-json\/wp\/v2\/types\/post"}],"author":[{"embeddable":true,"href":"https:\/\/visionciudadana.com.mx\/oficial\/wp-json\/wp\/v2\/users\/1"}],"replies":[{"embeddable":true,"href":"https:\/\/visionciudadana.com.mx\/oficial\/wp-json\/wp\/v2\/comments?post=15107"}],"version-history":[{"count":1,"href":"https:\/\/visionciudadana.com.mx\/oficial\/wp-json\/wp\/v2\/posts\/15107\/revisions"}],"predecessor-version":[{"id":31299,"href":"https:\/\/visionciudadana.com.mx\/oficial\/wp-json\/wp\/v2\/posts\/15107\/revisions\/31299"}],"wp:featuredmedia":[{"embeddable":true,"href":"https:\/\/visionciudadana.com.mx\/oficial\/wp-json\/wp\/v2\/media\/7031"}],"wp:attachment":[{"href":"https:\/\/visionciudadana.com.mx\/oficial\/wp-json\/wp\/v2\/media?parent=15107"}],"wp:term":[{"taxonomy":"category","embeddable":true,"href":"https:\/\/visionciudadana.com.mx\/oficial\/wp-json\/wp\/v2\/categories?post=15107"},{"taxonomy":"post_tag","embeddable":true,"href":"https:\/\/visionciudadana.com.mx\/oficial\/wp-json\/wp\/v2\/tags?post=15107"},{"taxonomy":"author","embeddable":true,"href":"https:\/\/visionciudadana.com.mx\/oficial\/wp-json\/wp\/v2\/ppma_author?post=15107"}],"curies":[{"name":"wp","href":"https:\/\/api.w.org\/{rel}","templated":true}]}}