{"id":15106,"date":"2021-03-24T02:15:45","date_gmt":"2021-03-24T02:15:45","guid":{"rendered":"https:\/\/visionciudadana.com.mx\/prueba\/2021\/03\/24\/inicia-implan-7mo-congreso-peatonal-encaminando-a-la-ciudad\/"},"modified":"2025-06-25T00:16:50","modified_gmt":"2025-06-25T00:16:50","slug":"inicia-implan-7mo-congreso-peatonal-encaminando-a-la-ciudad","status":"publish","type":"post","link":"https:\/\/visionciudadana.com.mx\/oficial\/2021\/03\/24\/inicia-implan-7mo-congreso-peatonal-encaminando-a-la-ciudad\/","title":{"rendered":"Inicia IMPLAN 7mo congreso peatonal \u00abEncaminando a la Ciudad\u00bb"},"content":{"rendered":"<p style=\"text-align: justify;\"><img fetchpriority=\"high\" decoding=\"async\" src=\"images\/Marzo21\/septimo_congre.PNG\" alt=\"septimo congre\" width=\"358\" height=\"177\" style=\"display: block; margin-left: auto; margin-right: auto;\" \/><\/p>\n<p class=\"x_MsoNormal\" style=\"text-align: justify;\"><span style=\"font-size: 14pt; font-family: arial, helvetica, sans-serif;\">El Gobierno de Culiac\u00e1n a trav\u00e9s del Instituto Municipal de Planeaci\u00f3n Urbana, da la bienvenida como anfitri\u00f3n al 7mo Congreso Peatonal \u201cEncaminando la Ciudad\u201d, el cual es un esfuerzo conjunto de estos dos entes, as\u00ed como de la Liga Peatonal y Mapasin.<\/span><\/p>\n<p style=\"text-align: justify;\">&nbsp;<\/p>\n<p class=\"x_MsoNormal\" style=\"text-align: justify;\"><span style=\"font-size: 14pt; font-family: arial, helvetica, sans-serif;\">Este congreso ser\u00e1 un esquema h\u00edbrido que habr\u00e1 de desarrollarse a partir de hoy martes 23 de marzo y hasta el pr\u00f3ximo s\u00e1bado 27 del mismo mes, esto en las modalidades tanto virtual, como presencial.<\/span><\/p>\n<p style=\"text-align: justify;\">&nbsp;<\/p>\n<p class=\"x_MsoNormal\" style=\"text-align: justify;\"><span style=\"font-size: 14pt; font-family: arial, helvetica, sans-serif;\">El desarrollo del evento contar\u00e1 con la participaci\u00f3n de ponentes a nivel internacional y el d\u00eda de hoy dio inicio con la intervenci\u00f3n del director del IMPLAN Alberto Medrano.<\/span><\/p>\n<p style=\"text-align: justify;\">&nbsp;<\/p>\n<p class=\"x_MsoNormal\" style=\"text-align: justify;\"><span style=\"font-size: 14pt; font-family: arial, helvetica, sans-serif;\">Los objetivos de este proyecto, comprende el posicionamiento en la agenda p\u00fablica de los temas que enfrentan los peatones en sus respectivas ciudades; crear un espacio para el di\u00e1logo local y nacional con actores involucrados, esto a trav\u00e9s de compartir experiencias; as\u00ed como resaltar e impulsar la idea de que caminar debe ser una actividad segura para todos.<\/span><\/p>\n<p style=\"text-align: justify;\">&nbsp;<\/p>\n<p class=\"x_MsoNormal\" style=\"text-align: justify;\"><span style=\"font-size: 14pt; font-family: arial, helvetica, sans-serif;\">Durante su participaci\u00f3n el titular del IMPLAN, agradeci\u00f3 la oportunidad de formar parte de este S\u00e9ptimo Congreso Peatonal, asimismo se\u00f1al\u00f3 que ha sido desde 2009 que la ciudad de Culiac\u00e1n inici\u00f3 con la atenci\u00f3n a esta causa.<\/span><\/p>\n<p style=\"text-align: justify;\">&nbsp;<\/p>\n<p class=\"x_MsoNormal\" style=\"text-align: justify;\"><span style=\"font-size: 14pt; font-family: arial, helvetica, sans-serif;\">Sin embargo, fue en a\u00f1os recientes que se incorporaron a la Pir\u00e1mide de Movilidad Urbana las bicicletas y los peatones, con un peso tal, que dicha pir\u00e1mide se invirti\u00f3, y es por ello que al d\u00eda de hoy el tema de la caminabilidad de la ciudad, es preponderante ante cualquier otra situaci\u00f3n, precisamente por ser el peat\u00f3n el rango m\u00e1s importante en dicha gr\u00e1fica.<\/span><\/p>\n<p style=\"text-align: justify;\">&nbsp;<\/p>\n<p class=\"x_MsoNormal\" style=\"text-align: justify;\"><span style=\"font-size: 14pt; font-family: arial, helvetica, sans-serif;\">Enfatiz\u00f3 que de acuerdo a lo anterior, el Plan Municipal de Desarrollo 2018-2021 implement\u00f3 algunas estrategias que abonan a mejorar la caminabilidad de la ciudad capital, tal es el caso de la restauraci\u00f3n de las calles del centro hist\u00f3rico, que incorpor\u00f3 la ampliaci\u00f3n f\u00edsica de las banquetas, adem\u00e1s de la construcci\u00f3n de 4 puentes bimodales sobre la ribera de los r\u00edos, y recientemente el inicio de la construcci\u00f3n de un quinto puente de esta clase.<\/span><\/p>\n<p style=\"text-align: justify;\">&nbsp;<\/p>\n<p class=\"x_MsoNormal\" style=\"text-align: justify;\"><span style=\"font-size: 14pt; font-family: arial, helvetica, sans-serif;\">En la segunda etapa se comenz\u00f3 la arborizaci\u00f3n del primer cuadro de la capital sinaloense a trav\u00e9s de especies end\u00e9micas de la regi\u00f3n, esto para garantizar su permanencia a lo largo del tiempo, pues al ser propias de la zona las inclemencias naturales no les afectan.<\/span><\/p>\n<p style=\"text-align: justify;\">&nbsp;<\/p>\n<p class=\"x_MsoNormal\" style=\"text-align: justify;\"><span style=\"font-size: 14pt; font-family: arial, helvetica, sans-serif;\">Asimismo, se ha realizado el retiro de puentes anti-peatonales y la colocaci\u00f3n de pasos seguros que los sustituyen, adem\u00e1s de algunos otros, en zonas donde los accidentes tales como atropellamientos eran sumamente frecuentes.<\/span><\/p>\n<p style=\"text-align: justify;\">&nbsp;<\/p>\n<p class=\"x_MsoNormal\" style=\"text-align: justify;\"><span style=\"font-size: 14pt; font-family: arial, helvetica, sans-serif;\">Aunado a lo anterior, puntualiz\u00f3 que se han realizado trabajos en cruceros peligrosos que adem\u00e1s de contribuir a concientizar a los automovilistas, ayudan a los peatones a entender mejor cu\u00e1les son sus derechos y obligaciones al transitar por la v\u00eda p\u00fablica.<\/span><\/p>\n<p style=\"text-align: justify;\">&nbsp;<\/p>\n<p class=\"x_MsoNormal\" style=\"text-align: justify;\"><span style=\"font-size: 14pt; font-family: arial, helvetica, sans-serif;\">La tercera etapa de este proyecto, atiende la construcci\u00f3n del Sistema Integral de Transporte (SIT), el cual en Culiac\u00e1n ser\u00e1 representado a trav\u00e9s del Metrob\u00fas, que se encuentra en proceso de gesti\u00f3n y planeamiento de su pr\u00f3ximo inicio de obra.<\/span><\/p>\n<p style=\"text-align: justify;\">&nbsp;<\/p>\n<p class=\"x_MsoNormal\" style=\"text-align: justify;\"><span style=\"font-size: 14pt; font-family: arial, helvetica, sans-serif;\">El proyecto denominado \u201cCuliac\u00e1n hacia una Movilidad Urbana Sustentable\u201d, es simplemente un reflejo de las necesidades de estos dos sectores de la poblaci\u00f3n que al ser m\u00e1s vulnerables en su transitar por las vialidades, requieren especial atenci\u00f3n en las condiciones de uso de las mismas.<\/span><\/p>\n<p style=\"text-align: justify;\">&nbsp;<\/p>\n<p class=\"x_MsoNormal\" style=\"text-align: justify;\"><span style=\"font-size: 14pt; font-family: arial, helvetica, sans-serif;\">Finalmente, el arquitecto Medrano enfatiz\u00f3 la reciente creaci\u00f3n de la Direcci\u00f3n de Movilidad dentro de la jurisdicci\u00f3n del IMPLAN, la cual hace \u00e9nfasis en la atenci\u00f3n de este tipo de avances en el mencionado tema de la caminabilidad, pero tambi\u00e9n de la mano de la Direcci\u00f3n de Medio Ambiente, cuida que al desarrollar infraestructura se obtenga y\/o mejore la sustentabilidad de ella.<\/span><\/p>\n<p style=\"text-align: justify;\">&nbsp;<\/p>\n<p style=\"text-align: justify;\"><span style=\"font-size: 14pt; font-family: arial, helvetica, sans-serif;\">REDACCI\u00d3N\/VISI\u00d3N CIUDADANA.<\/span><\/p>\n","protected":false},"excerpt":{"rendered":"<p>El Gobierno de Culiac\u00e1n a trav\u00e9s del Instituto Municipal de Planeaci\u00f3n Urbana, da la bienvenida como anfitri\u00f3n al 7mo Congreso Peatonal \u201cEncaminando la Ciudad\u201d, el cual es un esfuerzo conjunto de estos dos entes, as\u00ed como de la Liga Peatonal y Mapasin. &nbsp; Este congreso ser\u00e1 un esquema h\u00edbrido que habr\u00e1 de desarrollarse a partir [&hellip;]<\/p>\n","protected":false},"author":1,"featured_media":7029,"comment_status":"closed","ping_status":"closed","sticky":false,"template":"","format":"standard","meta":{"footnotes":""},"categories":[13],"tags":[],"ppma_author":[31],"class_list":["post-15106","post","type-post","status-publish","format-standard","has-post-thumbnail","hentry","category-locales"],"aioseo_notices":[],"authors":[{"term_id":31,"user_id":1,"is_guest":0,"slug":"ivan3vino","display_name":"Iv\u00e1n Trevi\u00f1o","avatar_url":{"url":"https:\/\/visionciudadana.com.mx\/oficial\/wp-content\/uploads\/2025\/09\/columna-ivan-Trevino.png","url2x":"https:\/\/visionciudadana.com.mx\/oficial\/wp-content\/uploads\/2025\/09\/columna-ivan-Trevino.png"},"0":null,"1":"","2":"","3":"","4":"","5":"","6":"","7":"","8":""}],"_links":{"self":[{"href":"https:\/\/visionciudadana.com.mx\/oficial\/wp-json\/wp\/v2\/posts\/15106","targetHints":{"allow":["GET"]}}],"collection":[{"href":"https:\/\/visionciudadana.com.mx\/oficial\/wp-json\/wp\/v2\/posts"}],"about":[{"href":"https:\/\/visionciudadana.com.mx\/oficial\/wp-json\/wp\/v2\/types\/post"}],"author":[{"embeddable":true,"href":"https:\/\/visionciudadana.com.mx\/oficial\/wp-json\/wp\/v2\/users\/1"}],"replies":[{"embeddable":true,"href":"https:\/\/visionciudadana.com.mx\/oficial\/wp-json\/wp\/v2\/comments?post=15106"}],"version-history":[{"count":1,"href":"https:\/\/visionciudadana.com.mx\/oficial\/wp-json\/wp\/v2\/posts\/15106\/revisions"}],"predecessor-version":[{"id":31300,"href":"https:\/\/visionciudadana.com.mx\/oficial\/wp-json\/wp\/v2\/posts\/15106\/revisions\/31300"}],"wp:featuredmedia":[{"embeddable":true,"href":"https:\/\/visionciudadana.com.mx\/oficial\/wp-json\/wp\/v2\/posts\/7029"}],"wp:attachment":[{"href":"https:\/\/visionciudadana.com.mx\/oficial\/wp-json\/wp\/v2\/media?parent=15106"}],"wp:term":[{"taxonomy":"category","embeddable":true,"href":"https:\/\/visionciudadana.com.mx\/oficial\/wp-json\/wp\/v2\/categories?post=15106"},{"taxonomy":"post_tag","embeddable":true,"href":"https:\/\/visionciudadana.com.mx\/oficial\/wp-json\/wp\/v2\/tags?post=15106"},{"taxonomy":"author","embeddable":true,"href":"https:\/\/visionciudadana.com.mx\/oficial\/wp-json\/wp\/v2\/ppma_author?post=15106"}],"curies":[{"name":"wp","href":"https:\/\/api.w.org\/{rel}","templated":true}]}}