{"id":15104,"date":"2021-03-24T02:04:50","date_gmt":"2021-03-24T02:04:50","guid":{"rendered":"https:\/\/visionciudadana.com.mx\/prueba\/2021\/03\/24\/quirino-reinaugura-en-mazatlan-hotel-pueblo-bonito\/"},"modified":"2025-06-25T00:16:51","modified_gmt":"2025-06-25T00:16:51","slug":"quirino-reinaugura-en-mazatlan-hotel-pueblo-bonito","status":"publish","type":"post","link":"https:\/\/visionciudadana.com.mx\/oficial\/2021\/03\/24\/quirino-reinaugura-en-mazatlan-hotel-pueblo-bonito\/","title":{"rendered":"Quirino reinaugura en Mazatl\u00e1n Hotel Pueblo Bonito"},"content":{"rendered":"<p style=\"text-align: justify;\"><b><span lang=\"ES-TRAD\"><\/span><\/b><\/p>\n<p class=\"x_MsoNormal\" style=\"text-align: justify;\"><span style=\"font-size: 14pt; font-family: arial, helvetica, sans-serif;\"><i><span lang=\"ES-TRAD\">&nbsp;<img fetchpriority=\"high\" decoding=\"async\" src=\"images\/Marzo21\/pueblo_bonito.PNG\" alt=\"pueblo bonito\" width=\"354\" height=\"210\" style=\"display: block; margin-left: auto; margin-right: auto;\" \/><\/span><\/i><\/span><\/p>\n<p class=\"x_MsoNormal\" style=\"text-align: justify;\"><span style=\"font-size: 14pt; font-family: arial, helvetica, sans-serif;\"><span lang=\"ES-TRAD\">El gobernador Quirino Ordaz Coppel, en compa\u00f1\u00eda del secretario de Turismo del Gobierno de la Rep\u00fablica, Miguel Torruco Marqu\u00e9s, asisti\u00f3 a la reinauguraci\u00f3n del Hotel Pueblo Bonito, en Mazatl\u00e1n, empresa tur\u00edstica de m\u00e1s de tres d\u00e9cadas de permanencia en este puerto.<\/span><\/span><\/p>\n<p class=\"x_MsoNormal\" style=\"text-align: justify;\"><span lang=\"ES-TRAD\" style=\"font-size: 14pt; font-family: arial, helvetica, sans-serif;\"><\/span><\/p>\n<p class=\"x_MsoNormal\" style=\"text-align: justify;\"><span lang=\"ES-TRAD\" style=\"font-size: 14pt; font-family: arial, helvetica, sans-serif;\">Su propietario, el empresario Ernesto Coppel Kelly, recibi\u00f3 en el renovado hotel ubicado en la zona dorada, al mandatario estatal, quien estuvo acompa\u00f1ado por su esposa, Rosy Fuentes de Ordaz, as\u00ed como al titular de la SECTUR, quien a su vez tambi\u00e9n asisti\u00f3 acompa\u00f1ado por su esposa, Gloria Garza de la Garza.<\/span><\/p>\n<p class=\"x_MsoNormal\" style=\"text-align: justify;\"><span lang=\"ES-TRAD\" style=\"font-size: 14pt; font-family: arial, helvetica, sans-serif;\"><\/span><\/p>\n<p class=\"x_MsoNormal\" style=\"text-align: justify;\"><span lang=\"ES-TRAD\" style=\"font-size: 14pt; font-family: arial, helvetica, sans-serif;\">Coppel Kelly agradeci\u00f3 la presencia del gobernador y del secretario de Turismo, quienes durante todo este martes han sostenido diversas actividades en el puerto, que iniciaron con la inauguraci\u00f3n del Tianguis Tur\u00edstico Digital 2021, en el Teatro \u00c1ngela Peralta.<\/span><\/p>\n<p class=\"x_MsoNormal\" style=\"text-align: justify;\"><span lang=\"ES-TRAD\" style=\"font-size: 14pt; font-family: arial, helvetica, sans-serif;\"><\/span><\/p>\n<p class=\"x_MsoNormal\" style=\"text-align: justify;\"><span lang=\"ES-TRAD\" style=\"font-size: 14pt; font-family: arial, helvetica, sans-serif;\">El empresario record\u00f3 que Hotel Pueblo Bonito abri\u00f3 sus puertas en el ya lejano 31 de mayo 1987, y su primer hu\u00e9sped fue el entonces presidente de la Rep\u00fablica, Miguel de la Madrid Hurtado, luego de cortar el list\u00f3n inaugural.<\/span><\/p>\n<p class=\"x_MsoNormal\" style=\"text-align: justify;\"><span lang=\"ES-TRAD\" style=\"font-size: 14pt; font-family: arial, helvetica, sans-serif;\"><\/span><\/p>\n<p class=\"x_MsoNormal\" style=\"text-align: justify;\"><span lang=\"ES-TRAD\" style=\"font-size: 14pt; font-family: arial, helvetica, sans-serif;\">Como parte de esta segunda reinauguraci\u00f3n, inform\u00f3 que se renovaron las habitaciones, zona de alberca, salones de eventos y restaurantes, con una fuerte inversi\u00f3n privada, para mantenerse vigente como opci\u00f3n para el turismo que gusta de venir a Mazatl\u00e1n, tanto nacional como extranjero.<\/span><\/p>\n<p class=\"x_MsoNormal\" style=\"text-align: justify;\"><span lang=\"ES-TRAD\" style=\"font-size: 14pt; font-family: arial, helvetica, sans-serif;\"><\/span><\/p>\n<p class=\"x_MsoNormal\" style=\"text-align: justify;\"><span lang=\"ES-TRAD\" style=\"font-size: 14pt; font-family: arial, helvetica, sans-serif;\">Tambi\u00e9n acompa\u00f1aron al gobernador Quirino Ordaz Coppel, el secretario de Turismo, Oscar P\u00e9rez Barros; y el secretario de Econom\u00eda, Javier Liz\u00e1rraga Mercado.<\/span><\/p>\n<p style=\"text-align: justify;\">&nbsp;<\/p>\n<p style=\"text-align: justify;\">&nbsp;<\/p>\n<p style=\"text-align: justify;\"><span style=\"font-size: 14pt; font-family: arial, helvetica, sans-serif;\">REDACCI\u00d3N\/VISI\u00d3N CIUDADANA.<\/span><\/p>\n","protected":false},"excerpt":{"rendered":"<p>&nbsp; El gobernador Quirino Ordaz Coppel, en compa\u00f1\u00eda del secretario de Turismo del Gobierno de la Rep\u00fablica, Miguel Torruco Marqu\u00e9s, asisti\u00f3 a la reinauguraci\u00f3n del Hotel Pueblo Bonito, en Mazatl\u00e1n, empresa tur\u00edstica de m\u00e1s de tres d\u00e9cadas de permanencia en este puerto. Su propietario, el empresario Ernesto Coppel Kelly, recibi\u00f3 en el renovado hotel ubicado [&hellip;]<\/p>\n","protected":false},"author":1,"featured_media":7025,"comment_status":"closed","ping_status":"closed","sticky":false,"template":"","format":"standard","meta":{"footnotes":""},"categories":[24],"tags":[],"ppma_author":[31],"class_list":["post-15104","post","type-post","status-publish","format-standard","has-post-thumbnail","hentry","category-relevantes"],"aioseo_notices":[],"authors":[{"term_id":31,"user_id":1,"is_guest":0,"slug":"ivan3vino","display_name":"Iv\u00e1n Trevi\u00f1o","avatar_url":{"url":"https:\/\/visionciudadana.com.mx\/oficial\/wp-content\/uploads\/2025\/09\/columna-ivan-Trevino.png","url2x":"https:\/\/visionciudadana.com.mx\/oficial\/wp-content\/uploads\/2025\/09\/columna-ivan-Trevino.png"},"0":null,"1":"","2":"","3":"","4":"","5":"","6":"","7":"","8":""}],"_links":{"self":[{"href":"https:\/\/visionciudadana.com.mx\/oficial\/wp-json\/wp\/v2\/posts\/15104","targetHints":{"allow":["GET"]}}],"collection":[{"href":"https:\/\/visionciudadana.com.mx\/oficial\/wp-json\/wp\/v2\/posts"}],"about":[{"href":"https:\/\/visionciudadana.com.mx\/oficial\/wp-json\/wp\/v2\/types\/post"}],"author":[{"embeddable":true,"href":"https:\/\/visionciudadana.com.mx\/oficial\/wp-json\/wp\/v2\/users\/1"}],"replies":[{"embeddable":true,"href":"https:\/\/visionciudadana.com.mx\/oficial\/wp-json\/wp\/v2\/comments?post=15104"}],"version-history":[{"count":1,"href":"https:\/\/visionciudadana.com.mx\/oficial\/wp-json\/wp\/v2\/posts\/15104\/revisions"}],"predecessor-version":[{"id":31302,"href":"https:\/\/visionciudadana.com.mx\/oficial\/wp-json\/wp\/v2\/posts\/15104\/revisions\/31302"}],"wp:featuredmedia":[{"embeddable":true,"href":"https:\/\/visionciudadana.com.mx\/oficial\/wp-json\/wp\/v2\/media\/7025"}],"wp:attachment":[{"href":"https:\/\/visionciudadana.com.mx\/oficial\/wp-json\/wp\/v2\/media?parent=15104"}],"wp:term":[{"taxonomy":"category","embeddable":true,"href":"https:\/\/visionciudadana.com.mx\/oficial\/wp-json\/wp\/v2\/categories?post=15104"},{"taxonomy":"post_tag","embeddable":true,"href":"https:\/\/visionciudadana.com.mx\/oficial\/wp-json\/wp\/v2\/tags?post=15104"},{"taxonomy":"author","embeddable":true,"href":"https:\/\/visionciudadana.com.mx\/oficial\/wp-json\/wp\/v2\/ppma_author?post=15104"}],"curies":[{"name":"wp","href":"https:\/\/api.w.org\/{rel}","templated":true}]}}