{"id":15103,"date":"2021-03-24T01:51:34","date_gmt":"2021-03-24T01:51:34","guid":{"rendered":"https:\/\/visionciudadana.com.mx\/prueba\/2021\/03\/24\/anuncia-alcalde-detalles-del-operativo-de-semana-santa-2021\/"},"modified":"2025-06-25T00:16:51","modified_gmt":"2025-06-25T00:16:51","slug":"anuncia-alcalde-detalles-del-operativo-de-semana-santa-2021","status":"publish","type":"post","link":"https:\/\/visionciudadana.com.mx\/oficial\/2021\/03\/24\/anuncia-alcalde-detalles-del-operativo-de-semana-santa-2021\/","title":{"rendered":"Anuncia alcalde detalles del \u00abOperativo de Semana Santa 2021\u00bb"},"content":{"rendered":"<p style=\"text-align: justify;\"><img fetchpriority=\"high\" decoding=\"async\" src=\"images\/Marzo21\/anuncia_alcalde.PNG\" alt=\"anuncia alcalde\" width=\"343\" height=\"205\" style=\"display: block; margin-left: auto; margin-right: auto;\" \/><\/p>\n<p><span style=\"font-size: 14pt; font-family: arial, helvetica, sans-serif;\">En acato a la instrucci\u00f3n del Comit\u00e9 Estatal de Seguridad en Salud, el municipio abrir\u00e1 sus playas, balnearios y centros recreativos durante el periodo vacacional de Semana Santa, por ello el Gobierno de Culiac\u00e1n vigilar\u00e1 que se cumpla con las medidas acordadas para evitar al m\u00e1ximo el riesgo de contagios por COVID-19.<\/span><\/p>\n<p style=\"text-align: justify;\">\n<p><span style=\"font-size: 14pt; font-family: arial, helvetica, sans-serif;\">El alcalde M.C. Miguel \u00c1ngel Gonz\u00e1lez Cervantes inform\u00f3 en conferencia de prensa que tras sostener reuniones previas, el municipio se est\u00e1 apegando a la determinaci\u00f3n del Comit\u00e9 de aperturar dichos lugares, sin embargo, el llamado a la poblaci\u00f3n es a evitar las aglomeraciones, quedarse en casa y priorizar el cuidado de su salud y la de todos.<\/span><\/p>\n<p style=\"text-align: justify;\">\n<p><span style=\"font-size: 14pt; font-family: arial, helvetica, sans-serif;\">Precis\u00f3 que la postura del municipio siempre se mantuvo en la idea de cerrar estos lugares, ya que en Sinaloa y particularmente en Culiac\u00e1n los contagios de COVID-19 persisten (74 nuevos casos se registraron este lunes 22 de marzo).<\/span><\/p>\n<p style=\"text-align: justify;\">\n<p><span style=\"font-size: 14pt; font-family: arial, helvetica, sans-serif;\">No obstante, dijo que ante la instrucci\u00f3n de abrir, ser\u00e1 la concientizaci\u00f3n ciudadana lo que deber\u00e1 prevalecer, por ello se exhorta a mantener en todo momento la prevenci\u00f3n y evitar acudir a lugares concurridos.<\/span><\/p>\n<p style=\"text-align: justify;\">\n<p><span style=\"font-size: 14pt; font-family: arial, helvetica, sans-serif;\">\u201cLa recomendaci\u00f3n del municipio es que las personas se queden en su casa de ser posible, porque la pandemia sigue y en este momento estamos atravesando por una situaci\u00f3n delicada en los registros de contagios, por lo que podr\u00edamos correr los riesgos de un brote de infecciones\u201d, mencion\u00f3 el primer edil.<\/span><\/p>\n<p style=\"text-align: justify;\">\n<p><span style=\"font-size: 14pt; font-family: arial, helvetica, sans-serif;\">Precis\u00f3 que toda aquella persona que no acate las disposiciones preventivas establecidas en los protocolos de sanidad, ser\u00e1 sancionada conforme al Bando de Polic\u00eda y Gobierno, con su respectiva detenci\u00f3n y retenci\u00f3n en barandilla por el lapso determinado.<\/span><\/p>\n<p style=\"text-align: justify;\"><span style=\"font-size: 14pt; font-family: arial, helvetica, sans-serif;\">En este sentido, indic\u00f3 que el Operativo de Semana Santa 2021 est\u00e1 listo y ser\u00e1 encabezado por la Coordinaci\u00f3n Municipal de Protecci\u00f3n Civil en conjunto con la Secretar\u00eda de Seguridad P\u00fablica y Tr\u00e1nsito Municipal.<\/span><\/p>\n<p style=\"text-align: justify;\">\n<p><span style=\"font-size: 14pt; font-family: arial, helvetica, sans-serif;\">Cada una de las \u00e1reas municipales que participar\u00e1, cuenta ya con instrucciones precisas y habr\u00e1 coordinaci\u00f3n con el estado para garantizar el cumplimiento de los protocolos sanitarios.<\/span><\/p>\n<p style=\"text-align: justify;\">\n<p><span style=\"font-size: 14pt; font-family: arial, helvetica, sans-serif;\">Se contar\u00e1 con un aforo limitado del 50 por ciento y sin permiso para acampar especialmente en playas donde el horario de cierre ser\u00e1 a las 18:00 horas sin excepci\u00f3n y se vigilar\u00e1 que los grupos conformados por familias conserven una sana distancia de hasta 20 metros.<\/span><\/p>\n<p style=\"text-align: justify;\"><span style=\"font-size: 14pt; font-family: arial, helvetica, sans-serif;\">Asimismo, se proh\u00edbe la instalaci\u00f3n de templetes para espect\u00e1culos art\u00edsticos, mientras que en cada centro recreativo y en los accesos a Sinaloa v\u00eda terrestre, a\u00e9rea y mar\u00edtima, ser\u00e1 instalado un filtro sanitario donde se tomar\u00e1 la temperatura a los visitantes y se vigilar\u00e1 el uso correcto de cubrebocas; en caso de superar los 37.4 grados cent\u00edgrados y s\u00edntomas de COVID-19, se restringir\u00e1 el acceso.<\/span><\/p>\n<p style=\"text-align: justify;\"><span style=\"font-size: 14pt; font-family: arial, helvetica, sans-serif;\">Tanto en centros vacacionales como en cualquier espacio p\u00fablico, los ciudadanos deber\u00e1n respetar la sana distancia de 2 metros en todo momento y de igual manera cada una de las medidas sanitarias establecidas.<\/span><\/p>\n<p style=\"text-align: justify;\">\n<p><span style=\"font-size: 14pt; font-family: arial, helvetica, sans-serif;\">En restaurantes y puestos de comida en la v\u00eda p\u00fablica deber\u00e1n aplicarse los protocolos de seguridad establecidos por las autoridades.<\/span><\/p>\n<p style=\"text-align: justify;\"><span style=\"font-size: 14pt; font-family: arial, helvetica, sans-serif;\">Asimismo, los concesionarios u operadores de servicios recreativos tur\u00edsticos y mar\u00edtimos, deber\u00e1n respetar y exigir el cumplimiento a los usuarios de los protocolos.<\/span><\/p>\n<p style=\"text-align: justify;\">\n<p><span style=\"font-size: 14pt; font-family: arial, helvetica, sans-serif;\">A fin de recordar a la poblaci\u00f3n la importancia de mantener la prevenci\u00f3n, se instalar\u00e1 se\u00f1alizaci\u00f3n en puntos estrat\u00e9gicos referente a sana distancia, no saludar de mano, beso o abrazo, aplicar el estornudo de etiqueta y lavado frecuente de manos o aplicaci\u00f3n de soluci\u00f3n sanitizante.<\/span><\/p>\n<p style=\"text-align: justify;\">\n<p><span style=\"font-size: 14pt; font-family: arial, helvetica, sans-serif;\">Respecto a la apertura de iglesias estas funcionar\u00e1n con acceso limitado, con un aforo del 40 por ciento.<\/span><\/p>\n<p style=\"text-align: justify;\">\n<p><span style=\"font-size: 14pt; font-family: arial, helvetica, sans-serif;\">Por su parte, Marco Antonio Mart\u00ednez de Alba, titular de la Coordinaci\u00f3n Municipal de Protecci\u00f3n Civil, dijo que sumar\u00e1n cerca de 250 elementos con apoyo de la Secretar\u00eda de Seguridad P\u00fablica y Tr\u00e1nsito Municipal, los que estar\u00e1n vigilando que se cumplan los protocolos de sanidad en los espacios recreativos por aperturarse.<\/span><\/p>\n<p style=\"text-align: justify;\">\n<p><span style=\"font-size: 14pt; font-family: arial, helvetica, sans-serif;\">El Gobierno de Culiac\u00e1n reitera el llamado a no relajarse y seguirse cuidando, pues la contingencia sanitaria contin\u00faa, es primordial usar cubrebocas correctamente, respetar la sana distancia, lavarse las manos con agua y jab\u00f3n constantemente o usar soluci\u00f3n sanitizante.<\/span><\/p>\n<p style=\"text-align: justify;\">&nbsp;<\/p>\n<p style=\"text-align: justify;\">&nbsp;<\/p>\n<p style=\"text-align: justify;\"><span style=\"font-size: 14pt; font-family: arial, helvetica, sans-serif;\">REDACCI\u00d3N\/VISI\u00d3N CIUDADANA.<\/span><\/p>\n","protected":false},"excerpt":{"rendered":"<p>En acato a la instrucci\u00f3n del Comit\u00e9 Estatal de Seguridad en Salud, el municipio abrir\u00e1 sus playas, balnearios y centros recreativos durante el periodo vacacional de Semana Santa, por ello el Gobierno de Culiac\u00e1n vigilar\u00e1 que se cumpla con las medidas acordadas para evitar al m\u00e1ximo el riesgo de contagios por COVID-19. El alcalde M.C. [&hellip;]<\/p>\n","protected":false},"author":1,"featured_media":7023,"comment_status":"closed","ping_status":"closed","sticky":false,"template":"","format":"standard","meta":{"footnotes":""},"categories":[24],"tags":[],"ppma_author":[31],"class_list":["post-15103","post","type-post","status-publish","format-standard","has-post-thumbnail","hentry","category-relevantes"],"aioseo_notices":[],"authors":[{"term_id":31,"user_id":1,"is_guest":0,"slug":"ivan3vino","display_name":"Iv\u00e1n Trevi\u00f1o","avatar_url":{"url":"https:\/\/visionciudadana.com.mx\/oficial\/wp-content\/uploads\/2025\/09\/columna-ivan-Trevino.png","url2x":"https:\/\/visionciudadana.com.mx\/oficial\/wp-content\/uploads\/2025\/09\/columna-ivan-Trevino.png"},"0":null,"1":"","2":"","3":"","4":"","5":"","6":"","7":"","8":""}],"_links":{"self":[{"href":"https:\/\/visionciudadana.com.mx\/oficial\/wp-json\/wp\/v2\/posts\/15103","targetHints":{"allow":["GET"]}}],"collection":[{"href":"https:\/\/visionciudadana.com.mx\/oficial\/wp-json\/wp\/v2\/posts"}],"about":[{"href":"https:\/\/visionciudadana.com.mx\/oficial\/wp-json\/wp\/v2\/types\/post"}],"author":[{"embeddable":true,"href":"https:\/\/visionciudadana.com.mx\/oficial\/wp-json\/wp\/v2\/users\/1"}],"replies":[{"embeddable":true,"href":"https:\/\/visionciudadana.com.mx\/oficial\/wp-json\/wp\/v2\/comments?post=15103"}],"version-history":[{"count":1,"href":"https:\/\/visionciudadana.com.mx\/oficial\/wp-json\/wp\/v2\/posts\/15103\/revisions"}],"predecessor-version":[{"id":31303,"href":"https:\/\/visionciudadana.com.mx\/oficial\/wp-json\/wp\/v2\/posts\/15103\/revisions\/31303"}],"wp:featuredmedia":[{"embeddable":true,"href":"https:\/\/visionciudadana.com.mx\/oficial\/wp-json\/wp\/v2\/media\/7023"}],"wp:attachment":[{"href":"https:\/\/visionciudadana.com.mx\/oficial\/wp-json\/wp\/v2\/media?parent=15103"}],"wp:term":[{"taxonomy":"category","embeddable":true,"href":"https:\/\/visionciudadana.com.mx\/oficial\/wp-json\/wp\/v2\/categories?post=15103"},{"taxonomy":"post_tag","embeddable":true,"href":"https:\/\/visionciudadana.com.mx\/oficial\/wp-json\/wp\/v2\/tags?post=15103"},{"taxonomy":"author","embeddable":true,"href":"https:\/\/visionciudadana.com.mx\/oficial\/wp-json\/wp\/v2\/ppma_author?post=15103"}],"curies":[{"name":"wp","href":"https:\/\/api.w.org\/{rel}","templated":true}]}}