{"id":15102,"date":"2021-03-24T01:46:27","date_gmt":"2021-03-24T01:46:27","guid":{"rendered":"https:\/\/visionciudadana.com.mx\/prueba\/2021\/03\/24\/laboratorios-cuen-y-ac-melesio-cuen-donaran-pruebas-de-laboratorio-para-saber-si-hemos-generado-anticuerpos\/"},"modified":"2025-06-25T00:16:51","modified_gmt":"2025-06-25T00:16:51","slug":"laboratorios-cuen-y-ac-melesio-cuen-donaran-pruebas-de-laboratorio-para-saber-si-hemos-generado-anticuerpos","status":"publish","type":"post","link":"https:\/\/visionciudadana.com.mx\/oficial\/2021\/03\/24\/laboratorios-cuen-y-ac-melesio-cuen-donaran-pruebas-de-laboratorio-para-saber-si-hemos-generado-anticuerpos\/","title":{"rendered":"Laboratorios Cu\u00e9n y AC Melesio Cu\u00e9n donar\u00e1n pruebas de laboratorio para saber si hemos generado anticuerpos"},"content":{"rendered":"<p style=\"text-align: justify;\"><strong><span style=\"font-size: 14pt; font-family: arial, helvetica, sans-serif;\"><img fetchpriority=\"high\" decoding=\"async\" src=\"images\/Marzo21\/laboratorio_cuen.PNG\" alt=\"laboratorio cuen\" width=\"424\" height=\"256\" style=\"display: block; margin-left: auto; margin-right: auto;\" \/><\/span><\/strong><\/p>\n<div style=\"text-align: justify;\"><span style=\"font-size: 14pt; font-family: arial, helvetica, sans-serif;\">Las dos maneras de conocer si nuestro organismo ha generado anticuerpos de frente a la epidemia del COVID 19, son el haberse contagiado previamente o recibiendo la vacuna indicada, lo cual es de gran importancia para continuar con la actividad y responsabilidad que indica el sector salud a\u00fan cuando la prueba cient\u00edfica nos demuestra que tenemos este tipo de anticuerpos, comentarios expresados por el qu\u00edmico H\u00e9ctor Melesio Cu\u00e9n Ojeda.<\/span><\/div>\n<div style=\"text-align: justify;\">\n<p><span style=\"font-size: 14pt; font-family: arial, helvetica, sans-serif;\">Es por esta importante reflexi\u00f3n que la empresa Laboratorios Cu\u00e9n y la Asociaci\u00f3n Civil H\u00e9ctor Melesio Cu\u00e9n Ojeda donar\u00e1n a la poblaci\u00f3n pruebas de laboratorios para identificar la presencia de este tipo de anticuerpos en nuestro organismo.<\/span><\/div>\n<div style=\"text-align: justify;\">\n<p><span style=\"font-size: 14pt; font-family: arial, helvetica, sans-serif;\">Hemos registrado un aumento de personas que acuden a los laboratorios para que se les aplique la prueba denominada \u201cprueba r\u00e1pido de anticuerpos\u201d, ya que tenemos que estar informados que un alto porcentaje de las personas infectadas con COVID 19 no presentan los s\u00edntomas de esta enfermedad, es decir son asintom\u00e1ticos.<\/span><\/div>\n<div style=\"text-align: justify;\">\n<p><span style=\"font-size: 14pt; font-family: arial, helvetica, sans-serif;\">La donaci\u00f3n se llevar\u00e1 a cabo a trav\u00e9s de&nbsp;un&nbsp;<a href=\"https:\/\/partidosinaloense.us13.list-manage.com\/track\/click?u=e199c90e7b8a80d2ad40b7520&amp;id=332fd2147c&amp;e=1a16a648ea\" target=\"_blank\" rel=\"noopener noreferrer\" data-auth=\"NotApplicable\">#giveaway<\/a>&nbsp;(sorteo sin costo), para lo cual se detallar\u00e1n las condiciones para participar en esta actividad en el Facebook del maestro H\u00e9ctor Melesio Cu\u00e9n Ojeda, informaci\u00f3n que se difundir\u00e1 este martes 23 de marzo.<\/span><\/div>\n<div style=\"text-align: justify;\">\n<p><span style=\"font-size: 14pt; font-family: arial, helvetica, sans-serif;\">Finalmente, Cu\u00e9n Ojeda expres\u00f3 que es importante no descuidarse a\u00fan cuando ya se aplic\u00f3 la vacuna, dado que el efecto de esta tiene sus d\u00edas para la generaci\u00f3n de anticuerpos.<\/span><\/div>\n<div style=\"text-align: justify;\">&nbsp;<\/div>\n<div style=\"text-align: justify;\">&nbsp;<\/div>\n<div style=\"text-align: justify;\"><span style=\"font-size: 14pt; font-family: arial, helvetica, sans-serif;\">REDACCI\u00d3N\/VISI\u00d3N CIUDADANA.<\/span><\/div>\n","protected":false},"excerpt":{"rendered":"<p>Las dos maneras de conocer si nuestro organismo ha generado anticuerpos de frente a la epidemia del COVID 19, son el haberse contagiado previamente o recibiendo la vacuna indicada, lo cual es de gran importancia para continuar con la actividad y responsabilidad que indica el sector salud a\u00fan cuando la prueba cient\u00edfica nos demuestra que [&hellip;]<\/p>\n","protected":false},"author":1,"featured_media":7021,"comment_status":"closed","ping_status":"closed","sticky":false,"template":"","format":"standard","meta":{"footnotes":""},"categories":[24],"tags":[],"ppma_author":[31],"class_list":["post-15102","post","type-post","status-publish","format-standard","has-post-thumbnail","hentry","category-relevantes"],"aioseo_notices":[],"authors":[{"term_id":31,"user_id":1,"is_guest":0,"slug":"ivan3vino","display_name":"Iv\u00e1n Trevi\u00f1o","avatar_url":{"url":"https:\/\/visionciudadana.com.mx\/oficial\/wp-content\/uploads\/2025\/09\/columna-ivan-Trevino.png","url2x":"https:\/\/visionciudadana.com.mx\/oficial\/wp-content\/uploads\/2025\/09\/columna-ivan-Trevino.png"},"0":null,"1":"","2":"","3":"","4":"","5":"","6":"","7":"","8":""}],"_links":{"self":[{"href":"https:\/\/visionciudadana.com.mx\/oficial\/wp-json\/wp\/v2\/posts\/15102","targetHints":{"allow":["GET"]}}],"collection":[{"href":"https:\/\/visionciudadana.com.mx\/oficial\/wp-json\/wp\/v2\/posts"}],"about":[{"href":"https:\/\/visionciudadana.com.mx\/oficial\/wp-json\/wp\/v2\/types\/post"}],"author":[{"embeddable":true,"href":"https:\/\/visionciudadana.com.mx\/oficial\/wp-json\/wp\/v2\/users\/1"}],"replies":[{"embeddable":true,"href":"https:\/\/visionciudadana.com.mx\/oficial\/wp-json\/wp\/v2\/comments?post=15102"}],"version-history":[{"count":1,"href":"https:\/\/visionciudadana.com.mx\/oficial\/wp-json\/wp\/v2\/posts\/15102\/revisions"}],"predecessor-version":[{"id":31304,"href":"https:\/\/visionciudadana.com.mx\/oficial\/wp-json\/wp\/v2\/posts\/15102\/revisions\/31304"}],"wp:featuredmedia":[{"embeddable":true,"href":"https:\/\/visionciudadana.com.mx\/oficial\/wp-json\/wp\/v2\/media\/7021"}],"wp:attachment":[{"href":"https:\/\/visionciudadana.com.mx\/oficial\/wp-json\/wp\/v2\/media?parent=15102"}],"wp:term":[{"taxonomy":"category","embeddable":true,"href":"https:\/\/visionciudadana.com.mx\/oficial\/wp-json\/wp\/v2\/categories?post=15102"},{"taxonomy":"post_tag","embeddable":true,"href":"https:\/\/visionciudadana.com.mx\/oficial\/wp-json\/wp\/v2\/tags?post=15102"},{"taxonomy":"author","embeddable":true,"href":"https:\/\/visionciudadana.com.mx\/oficial\/wp-json\/wp\/v2\/ppma_author?post=15102"}],"curies":[{"name":"wp","href":"https:\/\/api.w.org\/{rel}","templated":true}]}}