{"id":15101,"date":"2021-03-24T01:36:49","date_gmt":"2021-03-24T01:36:49","guid":{"rendered":"https:\/\/visionciudadana.com.mx\/prueba\/2021\/03\/24\/en-marcha-tianguis-turistico-digital-2021-en-mazatlan\/"},"modified":"2025-06-25T00:16:51","modified_gmt":"2025-06-25T00:16:51","slug":"en-marcha-tianguis-turistico-digital-2021-en-mazatlan","status":"publish","type":"post","link":"https:\/\/visionciudadana.com.mx\/oficial\/2021\/03\/24\/en-marcha-tianguis-turistico-digital-2021-en-mazatlan\/","title":{"rendered":"En marcha Tianguis Tur\u00edstico Digital 2021 en Mazatl\u00e1n"},"content":{"rendered":"<p style=\"text-align: justify;\"><span style=\"font-size: 14pt; font-family: arial, helvetica, sans-serif;\"><b><span lang=\"ES-TRAD\"><img fetchpriority=\"high\" decoding=\"async\" src=\"images\/Marzo21\/en_marcha_tianguis.PNG\" alt=\"en marcha tianguis\" width=\"373\" height=\"222\" style=\"display: block; margin-left: auto; margin-right: auto;\" \/><br \/><\/span><\/b><\/span><\/p>\n<p class=\"x_MsoNormal\" style=\"text-align: justify;\"><span style=\"font-size: 14pt; font-family: arial, helvetica, sans-serif;\"><span lang=\"ES-TRAD\">El gobernador Quirino Ordaz Coppel dio la bienvenida a los representantes de 61 pa\u00edses que participan en el Tianguis Tur\u00edstico Digital 2021, el segundo que se realiza en un innovador formato mixto, tanto presencial como a trav\u00e9s de videoconferencias, donde mil 679 compradores y mil 141 empresas podr\u00e1n concertar citas de negocios durante estos dos d\u00edas, 23 y 24 de marzo.<\/span><\/span><\/p>\n<p class=\"x_MsoNormal\" style=\"text-align: justify;\"><span lang=\"ES-TRAD\" style=\"font-size: 14pt; font-family: arial, helvetica, sans-serif;\"><\/span><\/p>\n<p class=\"x_MsoNormal\" style=\"text-align: justify;\"><span lang=\"ES-TRAD\" style=\"font-size: 14pt; font-family: arial, helvetica, sans-serif;\">El mandatario estatal fue el anfitri\u00f3n del secretario de Turismo, Miguel Torruco Marqu\u00e9s, para poner en marcha este novedoso Tianguis desde el Teatro \u00c1ngela Peralta, en el centro hist\u00f3rico de Mazatl\u00e1n, en un evento que cont\u00f3 con la participaci\u00f3n a trav\u00e9s de videoconferencias de varios actores del sector tur\u00edstico nacional e internacional, siendo inaugurado oficialmente por el presidente de la Rep\u00fablica, Andr\u00e9s Manuel L\u00f3pez Obrador, con su intervenci\u00f3n tambi\u00e9n aprovechando las herramientas tecnol\u00f3gicas de comunicaci\u00f3n.<\/span><\/p>\n<p class=\"x_MsoNormal\" style=\"text-align: justify;\"><span lang=\"ES-TRAD\" style=\"font-size: 14pt; font-family: arial, helvetica, sans-serif;\"><\/span><\/p>\n<p class=\"x_MsoNormal\" style=\"text-align: justify;\"><span lang=\"ES-TRAD\" style=\"font-size: 14pt; font-family: arial, helvetica, sans-serif;\">En su mensaje de bienvenida, el gobernador Quirino Ordaz Coppel destac\u00f3 que Sinaloa es el \u00fanico estado del pa\u00eds en ser sede del Tianguis Tur\u00edstico de M\u00e9xico en sus dos modalidades, la presencial en 2018, cuando fue catalogado como el mejor Tianguis realizado hasta entonces, y ahora debido a la pandemia del COVID 19, que oblig\u00f3 a crear este novedoso formato digital, que por segunda ocasi\u00f3n se realiza, siendo la primera en septiembre del a\u00f1o pasado.<\/span><\/p>\n<p class=\"x_MsoNormal\" style=\"text-align: justify;\"><span lang=\"ES-TRAD\" style=\"font-size: 14pt; font-family: arial, helvetica, sans-serif;\"><\/span><\/p>\n<p class=\"x_MsoNormal\" style=\"text-align: justify;\"><span lang=\"ES-TRAD\" style=\"font-size: 14pt; font-family: arial, helvetica, sans-serif;\">\u201cGracias a todos por estar aqu\u00ed, por visitar Mazatl\u00e1n para que vean que en Sinaloa le hemos apostado con todo al turismo, creemos en el turismo, es la actividad que m\u00e1s r\u00e1pido puede recuperarse y as\u00ed lo har\u00e1, pero veamos un poco hacia alrededor, f\u00edjense nada m\u00e1s los cruceros tur\u00edsticos est\u00e1n parados, lo que estamos perdiendo de derrama econ\u00f3mica, de empleo, de negocio, \u00e9sa es una realidad; cu\u00e1ntas l\u00edneas a\u00e9reas no han quebrado ahorita y otras que tienen restringidos los vuelos y no pueden tener los desplazamientos. Por eso es importante que los pa\u00edses aceleren la vacunaci\u00f3n y sobre todo que haya la suficiente producci\u00f3n para que podamos ir retornando m\u00e1s r\u00e1pido a la normalidad, distinta, diferente\u201d, exhort\u00f3 el gobernador en su mensaje.<\/span><\/p>\n<p class=\"x_MsoNormal\" style=\"text-align: justify;\"><span lang=\"ES-TRAD\" style=\"font-size: 14pt; font-family: arial, helvetica, sans-serif;\"><\/span><\/p>\n<p class=\"x_MsoNormal\" style=\"text-align: justify;\"><span lang=\"ES-TRAD\" style=\"font-size: 14pt; font-family: arial, helvetica, sans-serif;\">Record\u00f3 que el Tianguis Tur\u00edstico en el 2018 fue un antes y un despu\u00e9s para Sinaloa, porque anteriormente se ten\u00eda un estigma que da\u00f1aba y afectaba injustamente a los sinaloenses, como es el de la inseguridad. \u201cHoy Sinaloa es uno de los estados m\u00e1s seguros del pa\u00eds, m\u00e1s tranquilos y eso permiti\u00f3 que quien viniera se diera cuenta de la nueva realidad, de encontrar, no s\u00f3lo un Mazatl\u00e1n, sino un Sinaloa diferente\u201d, recalc\u00f3.<\/span><\/p>\n<p class=\"x_MsoNormal\" style=\"text-align: justify;\"><span lang=\"ES-TRAD\" style=\"font-size: 14pt; font-family: arial, helvetica, sans-serif;\"><\/span><\/p>\n<p class=\"x_MsoNormal\" style=\"text-align: justify;\"><span lang=\"ES-TRAD\" style=\"font-size: 14pt; font-family: arial, helvetica, sans-serif;\">El mandatario estatal destac\u00f3 que en materia tur\u00edstica, su gobierno le ha apostado a la combinaci\u00f3n de cultura, sol y playa, porque consider\u00f3 que esto distingue a Sinaloa y Mazatl\u00e1n de los dem\u00e1s destinos tur\u00edsticos tradicionales, porque los tiempos ser\u00e1n distintos, y obligan a actualizarse y modernizarse para generar mayor atractividad para ser m\u00e1s competitivos.&nbsp;<\/span><\/p>\n<p class=\"x_MsoNormal\" style=\"text-align: justify;\"><span lang=\"ES-TRAD\" style=\"font-size: 14pt; font-family: arial, helvetica, sans-serif;\"><\/span><\/p>\n<p class=\"x_MsoNormal\" style=\"text-align: justify;\"><span lang=\"ES-TRAD\" style=\"font-size: 14pt; font-family: arial, helvetica, sans-serif;\">\u201cMe da mucho gusto que hayan pensado en Sinaloa para hacer este Tianguis Tur\u00edstico porque eso es signo de confianza, es signo de trabajar en equipo, es apostarle a los destinos tradicionales, es voltear a ver lo que no es t\u00edpico como es los grandes destinos de M\u00e9xico, sino tambi\u00e9n que aqu\u00ed tenemos mucha fortaleza y sobre todo mucha capacidad para poder competir y ser diferentes, eso es lo que va a marcar el futuro, la diferencia, hay que pensar y ver siempre hacia adelante y no dejar de hacernos m\u00e1s atractivos actualiz\u00e1ndonos\u201d, concluy\u00f3.<\/span><\/p>\n<p class=\"x_MsoNormal\" style=\"text-align: justify;\"><span lang=\"ES-TRAD\" style=\"font-size: 14pt; font-family: arial, helvetica, sans-serif;\"><\/span><\/p>\n<p class=\"x_MsoNormal\" style=\"text-align: justify;\"><span lang=\"ES-TRAD\" style=\"font-size: 14pt; font-family: arial, helvetica, sans-serif;\">En su mensaje de inauguraci\u00f3n, el presidente Andr\u00e9s Manuel L\u00f3pez Obrador, dijo que este nuevo formato surgi\u00f3 a la ra\u00edz de la pandemia del COVID, y se eligi\u00f3 como sede el hist\u00f3rico y bello puerto de Mazatl\u00e1n, Sinaloa en esta segunda edici\u00f3n.<\/span><\/p>\n<p class=\"x_MsoNormal\" style=\"text-align: justify;\"><span lang=\"ES-TRAD\" style=\"font-size: 14pt; font-family: arial, helvetica, sans-serif;\"><\/span><\/p>\n<p class=\"x_MsoNormal\" style=\"text-align: justify;\"><span lang=\"ES-TRAD\" style=\"font-size: 14pt; font-family: arial, helvetica, sans-serif;\">\u201cEst\u00e1 ayudando mucho el gobierno de ese estado, en especial el gobernador Quirino Ordaz Coppel y est\u00e1n todos invitados, van a participar m\u00e1s de 50 pa\u00edses y ya est\u00e1n inscritas muchas empresas. Tenemos que seguir promoviendo el turismo, la verdad es que no nos cuesta mucho porque las bellezas de M\u00e9xico son \u00fanicas, las bellezas de Sinaloa y de todo el territorio nacional: sus playas, sus ciudades coloniales, sus zonas arqueol\u00f3gicas, desde luego su comida, sus tradiciones, sus costumbres y lo m\u00e1s importante de todo, su pueblo bueno, generoso, fraterno\u201d, dijo.<\/span><\/p>\n<p class=\"x_MsoNormal\" style=\"text-align: justify;\"><span lang=\"ES-TRAD\" style=\"font-size: 14pt; font-family: arial, helvetica, sans-serif;\"><\/span><\/p>\n<p class=\"x_MsoNormal\" style=\"text-align: justify;\"><span lang=\"ES-TRAD\" style=\"font-size: 14pt; font-family: arial, helvetica, sans-serif;\">\u201cDe modo que est\u00e1n todos invitados a Mazatl\u00e1n, Sinaloa, a M\u00e9xico porque la verdad con todo respeto como M\u00e9xico no hay dos\u201d, exhort\u00f3 finalmente.<\/span><\/p>\n<p class=\"x_MsoNormal\" style=\"text-align: justify;\"><span lang=\"ES-TRAD\" style=\"font-size: 14pt; font-family: arial, helvetica, sans-serif;\"><\/span><\/p>\n<p class=\"x_MsoNormal\" style=\"text-align: justify;\"><span lang=\"ES-TRAD\" style=\"font-size: 14pt; font-family: arial, helvetica, sans-serif;\">En su mensaje de bienvenida, el secretario de Turismo, Miguel Torruco Marqu\u00e9s, destac\u00f3 que recibieron la felicitaci\u00f3n del titular de la Organizaci\u00f3n Mundial del Turismo porque mientras se cancelaron por la pandemia las grandes ferias mundiales, como la Fitur en Espa\u00f1a, la de Berl\u00edn en Alemania y la de Londres por citar algunas, M\u00e9xico no cancel\u00f3, innov\u00f3 y realiz\u00f3 esta segunda edici\u00f3n del Tianguis Tur\u00edstico Digital.<\/span><\/p>\n<p class=\"x_MsoNormal\" style=\"text-align: justify;\"><span lang=\"ES-TRAD\" style=\"font-size: 14pt; font-family: arial, helvetica, sans-serif;\"><\/span><\/p>\n<p class=\"x_MsoNormal\" style=\"text-align: justify;\"><span lang=\"ES-TRAD\" style=\"font-size: 14pt; font-family: arial, helvetica, sans-serif;\">\u201cEs un gusto estar en esta bella ciudad de Mazatl\u00e1n, lugar que alberga entre sus principales atractivos el segundo malec\u00f3n m\u00e1s grande del mundo, sin duda se ha convertido en uno de los principales sitios a visitar del estado de Sinaloa, entidad que en esta ocasi\u00f3n es anfitriona de la Segunda Edici\u00f3n del Tianguis Tur\u00edstico Digital. Aprovecho para agradecer a mi buen amigo, el gobernador Quirino Ordaz Coppel su inter\u00e9s, apoyo y disposici\u00f3n para esta segunda edici\u00f3n, que sea y como ya es, todo un \u00e9xito. Mi amigo Quirino es un gobernador visionario que hoy Mazatl\u00e1n luce renovado, bello hoy m\u00e1s que nunca, Quirino eres un hombre de palabra, muchas gracias\u201d, dijo.<\/span><\/p>\n<p class=\"x_MsoNormal\" style=\"text-align: justify;\"><span lang=\"ES-TRAD\" style=\"font-size: 14pt; font-family: arial, helvetica, sans-serif;\"><\/span><\/p>\n<p class=\"x_MsoNormal\" style=\"text-align: justify;\"><span lang=\"ES-TRAD\" style=\"font-size: 14pt; font-family: arial, helvetica, sans-serif;\">Por lo que toca a las cifras, el secretario de Turismo dio a conocer que se tienen registrados 376 expositores, mil 679 compradores y mil 141 empresas de 61 pa\u00edses, cantidad que supera a los 50 pa\u00edses que participaron al primer Tianguis Digital en septiembre pasado.<\/span><\/p>\n<p class=\"x_MsoNormal\" style=\"text-align: justify;\"><span lang=\"ES-TRAD\" style=\"font-size: 14pt; font-family: arial, helvetica, sans-serif;\"><\/span><\/p>\n<p class=\"x_MsoNormal\" style=\"text-align: justify;\"><span lang=\"ES-TRAD\" style=\"font-size: 14pt; font-family: arial, helvetica, sans-serif;\">A\u00f1adi\u00f3 que se tienen registradas m\u00e1s de 16 mil citas de negocios, y ahora esta novedosa plataforma digital dispondr\u00e1 de los mismos espacios y actividades del Tianguis Tur\u00edstico presencial, tales como salas de exposiciones, stands, presencia de marca, mesas de negocios y un auditorio para ponencias magistrales.<\/span><\/p>\n<p class=\"x_MsoNormal\" style=\"text-align: justify;\"><span lang=\"ES-TRAD\" style=\"font-size: 14pt; font-family: arial, helvetica, sans-serif;\"><\/span><\/p>\n<p class=\"x_MsoNormal\" style=\"text-align: justify;\"><span lang=\"ES-TRAD\" style=\"font-size: 14pt; font-family: arial, helvetica, sans-serif;\">Adem\u00e1s, este a\u00f1o se contar\u00e1 con dos novedades: un pabell\u00f3n tem\u00e1tico para el turismo de romance y un \u00e1rea para artesanos que ser\u00e1 aprovechada por casi 400 hombres y mujeres de los 32 estados de la Rep\u00fablica dedicados a esta actividad artesanal y que sus productos ser\u00e1n exhibidos y ser\u00e1n comprados en l\u00ednea sin intermediarios para enviarlos a cualquier lugar del mundo.<\/span><\/p>\n<p class=\"x_MsoNormal\" style=\"text-align: justify;\"><span lang=\"ES-TRAD\" style=\"font-size: 14pt; font-family: arial, helvetica, sans-serif;\"><\/span><\/p>\n<p class=\"x_MsoNormal\" style=\"text-align: justify;\"><span lang=\"ES-TRAD\" style=\"font-size: 14pt; font-family: arial, helvetica, sans-serif;\">\u201cNo cabe la menor duda que el Tianguis Tur\u00edstico Digital lleg\u00f3 para quedarse y convertirse en una poderosa herramienta de comercializaci\u00f3n y promoci\u00f3n que dejar\u00e1 huella en la industria tur\u00edstica, no s\u00f3lo por ser el primero en su g\u00e9nero, sino porque permanecer\u00e1 en el gusto, inter\u00e9s de los compradores y expositores a lo largo de los a\u00f1os\u201d, concluy\u00f3.<\/span><\/p>\n<p class=\"x_MsoNormal\" style=\"text-align: justify;\"><span lang=\"ES-TRAD\" style=\"font-size: 14pt; font-family: arial, helvetica, sans-serif;\"><\/span><\/p>\n<p class=\"x_MsoNormal\" style=\"text-align: justify;\"><span lang=\"ES-TRAD\" style=\"font-size: 14pt; font-family: arial, helvetica, sans-serif;\">Durante el evento tambi\u00e9n participaron con sus mensajes a trav\u00e9s del formato de videoconferencia importantes actores del sector, como el director general de la Organizaci\u00f3n Mundial de Turismo, Zurab Pololikashvili, quien destac\u00f3 al acierto de elegir a Mazatl\u00e1n como sede.<\/span><\/p>\n<p style=\"text-align: justify;\">&nbsp;<\/p>\n<p style=\"text-align: justify;\"><span style=\"font-size: 14pt; font-family: arial, helvetica, sans-serif;\">REDACCION\/VISI\u00d3N CIUDADANA.<\/span><\/p>\n","protected":false},"excerpt":{"rendered":"<p>El gobernador Quirino Ordaz Coppel dio la bienvenida a los representantes de 61 pa\u00edses que participan en el Tianguis Tur\u00edstico Digital 2021, el segundo que se realiza en un innovador formato mixto, tanto presencial como a trav\u00e9s de videoconferencias, donde mil 679 compradores y mil 141 empresas podr\u00e1n concertar citas de negocios durante estos dos [&hellip;]<\/p>\n","protected":false},"author":1,"featured_media":7019,"comment_status":"closed","ping_status":"closed","sticky":false,"template":"","format":"standard","meta":{"footnotes":""},"categories":[24],"tags":[],"ppma_author":[31],"class_list":["post-15101","post","type-post","status-publish","format-standard","has-post-thumbnail","hentry","category-relevantes"],"aioseo_notices":[],"authors":[{"term_id":31,"user_id":1,"is_guest":0,"slug":"ivan3vino","display_name":"Iv\u00e1n Trevi\u00f1o","avatar_url":{"url":"https:\/\/visionciudadana.com.mx\/oficial\/wp-content\/uploads\/2025\/09\/columna-ivan-Trevino.png","url2x":"https:\/\/visionciudadana.com.mx\/oficial\/wp-content\/uploads\/2025\/09\/columna-ivan-Trevino.png"},"0":null,"1":"","2":"","3":"","4":"","5":"","6":"","7":"","8":""}],"_links":{"self":[{"href":"https:\/\/visionciudadana.com.mx\/oficial\/wp-json\/wp\/v2\/posts\/15101","targetHints":{"allow":["GET"]}}],"collection":[{"href":"https:\/\/visionciudadana.com.mx\/oficial\/wp-json\/wp\/v2\/posts"}],"about":[{"href":"https:\/\/visionciudadana.com.mx\/oficial\/wp-json\/wp\/v2\/types\/post"}],"author":[{"embeddable":true,"href":"https:\/\/visionciudadana.com.mx\/oficial\/wp-json\/wp\/v2\/users\/1"}],"replies":[{"embeddable":true,"href":"https:\/\/visionciudadana.com.mx\/oficial\/wp-json\/wp\/v2\/comments?post=15101"}],"version-history":[{"count":1,"href":"https:\/\/visionciudadana.com.mx\/oficial\/wp-json\/wp\/v2\/posts\/15101\/revisions"}],"predecessor-version":[{"id":31305,"href":"https:\/\/visionciudadana.com.mx\/oficial\/wp-json\/wp\/v2\/posts\/15101\/revisions\/31305"}],"wp:featuredmedia":[{"embeddable":true,"href":"https:\/\/visionciudadana.com.mx\/oficial\/wp-json\/wp\/v2\/media\/7019"}],"wp:attachment":[{"href":"https:\/\/visionciudadana.com.mx\/oficial\/wp-json\/wp\/v2\/media?parent=15101"}],"wp:term":[{"taxonomy":"category","embeddable":true,"href":"https:\/\/visionciudadana.com.mx\/oficial\/wp-json\/wp\/v2\/categories?post=15101"},{"taxonomy":"post_tag","embeddable":true,"href":"https:\/\/visionciudadana.com.mx\/oficial\/wp-json\/wp\/v2\/tags?post=15101"},{"taxonomy":"author","embeddable":true,"href":"https:\/\/visionciudadana.com.mx\/oficial\/wp-json\/wp\/v2\/ppma_author?post=15101"}],"curies":[{"name":"wp","href":"https:\/\/api.w.org\/{rel}","templated":true}]}}