{"id":15100,"date":"2021-03-24T01:15:48","date_gmt":"2021-03-24T01:15:48","guid":{"rendered":"https:\/\/visionciudadana.com.mx\/prueba\/2021\/03\/24\/presenta-el-pas-a-el-quimico-benitez-como-su-candidato-al-municipio-de-mazatlan\/"},"modified":"2025-06-25T00:16:51","modified_gmt":"2025-06-25T00:16:51","slug":"presenta-el-pas-a-el-quimico-benitez-como-su-candidato-al-municipio-de-mazatlan","status":"publish","type":"post","link":"https:\/\/visionciudadana.com.mx\/oficial\/2021\/03\/24\/presenta-el-pas-a-el-quimico-benitez-como-su-candidato-al-municipio-de-mazatlan\/","title":{"rendered":"Presenta el PAS a \u00abEl Qu\u00edmico\u00bb Benitez como su candidato al municipio de Mazatl\u00e1n"},"content":{"rendered":"<div><strong>.<img fetchpriority=\"high\" decoding=\"async\" src=\"images\/Marzo21\/presenta_el_pas.PNG\" alt=\"presenta el pas\" width=\"460\" height=\"243\" style=\"display: block; margin-left: auto; margin-right: auto;\" \/><\/strong><\/div>\n<div style=\"text-align: justify;\"><span style=\"font-size: 14pt; font-family: arial, helvetica, sans-serif;\">Acompa\u00f1ado del candidato com\u00fan a la presidencia municipal de Mazatl\u00e1n por PAS-MORENA, Luis Guillermo \u201cEl Qu\u00edmico\u201d Ben\u00edtez, junto a toda a planilla de regidores, fue presentado de manera oficial a toda la prensa del sur del estado por el presidente del Partido Sinaloense, H\u00e9ctor Melesio Cu\u00e9n Ojeda.<\/span><\/div>\n<div style=\"text-align: justify;\">\n<p><span style=\"font-size: 14pt; font-family: arial, helvetica, sans-serif;\">La planilla se integra por: Luis Guillermo Ben\u00edtez Torres, presidente; Claudia Magdalena C\u00e1rdenas D\u00edaz, s\u00edndica procuradora; como regidores propietarios Reynaldo Gonz\u00e1lez Meza, Am\u00e9rica Carrasco Valenzuela, Jes\u00fas Osuna Lamarque, Francisca Osuna Lamarque, Jes\u00fas Rafel Sandoval Gaxiola, Claudia Pe\u00f1a Chico y Roberto Rodr\u00edguez Liz\u00e1rraga.<\/span><\/div>\n<div style=\"text-align: justify;\">\n<p><span style=\"font-size: 14pt; font-family: arial, helvetica, sans-serif;\">La estructura territorial del Partido Sinaloense es s\u00f3lida y fuerte, lo hemos demostrado durante estos 8 meses de trabajo a trav\u00e9s de la plataforma zoom, pero hoy, que entramos en este proceso electoral 2020-2021, toda esta organizaci\u00f3n que hemos construido apoyar\u00e1 al \u201cQu\u00edmico\u201d Ben\u00edtez, coment\u00f3 Cu\u00e9n Ojeda.<\/span><\/div>\n<div style=\"text-align: justify;\">\n<p><span style=\"font-size: 14pt; font-family: arial, helvetica, sans-serif;\">\u201cEstamos convencidos que \u201cEL Qu\u00edmico\u201d Ben\u00edtez es la mejor opci\u00f3n para que nuestro principal puerto siga desarroll\u00e1ndose de la misma manera en que lo ha hecho durante estos dos a\u00f1os, por eso toda la estructura territorial de nuestro instituto pol\u00edtico est\u00e1 a la disposici\u00f3n de nuestro candidato\u201d, afirmo H\u00e9ctor Melesio Cu\u00e9n Ojeda.<\/span><\/div>\n<div style=\"text-align: justify;\">\n<p><span style=\"font-size: 14pt; font-family: arial, helvetica, sans-serif;\">Por su parte Luis Guillermo Ben\u00edtez agradeci\u00f3 al Partido Sinaloense y a su presidente, H\u00e9ctor Melesio Cu\u00e9n Ojeda, por acogerlo y llevar a cabo la consolidaci\u00f3n de la 4T en este gran municipio.<\/span><\/div>\n<div style=\"text-align: justify;\">\n<p><span style=\"font-size: 14pt; font-family: arial, helvetica, sans-serif;\">\u201cH\u00e9ctor Melesio Cu\u00e9n Ojeda es un hombre probo que me ha demostrado que su palabra vale, como colegas de profesi\u00f3n hemos tenido muy buena \u201cqu\u00edmica\u201d, para llevar este proyecto a buen puerto, consolidar este gran proyecto por el bien de los mazatlecos\u201d, dijo \u201cEl qu\u00edmico\u201d Ben\u00edtez.<\/span><\/div>\n<div style=\"text-align: justify;\">\n<p><span style=\"font-size: 14pt; font-family: arial, helvetica, sans-serif;\">Tanto H\u00e9ctor Melesio Cu\u00e9n Ojeda como el Qu\u00edmico Ben\u00edtez coincidieron que este gran proyecto de unidad a trav\u00e9s de candidaturas comunes llevar\u00e1 al Dr. Rub\u00e9n Rocha Moya a la gubernatura del estado de Sinaloa, pues es una persona con experiencia administrativa, un acad\u00e9mico y alguien que ha sabido estar al pie de las luchas sociales, por ello es que encabeza esta unidad MORENA-PAS.<\/span><\/div>\n<div style=\"text-align: justify;\">&nbsp;<\/div>\n<div style=\"text-align: justify;\">&nbsp;<\/div>\n<div style=\"text-align: justify;\"><span style=\"font-size: 14pt; font-family: arial, helvetica, sans-serif;\">REDACCI\u00d3N\/VISI\u00d3N CIUDADANA.<\/span><\/div>\n","protected":false},"excerpt":{"rendered":"<p>. Acompa\u00f1ado del candidato com\u00fan a la presidencia municipal de Mazatl\u00e1n por PAS-MORENA, Luis Guillermo \u201cEl Qu\u00edmico\u201d Ben\u00edtez, junto a toda a planilla de regidores, fue presentado de manera oficial a toda la prensa del sur del estado por el presidente del Partido Sinaloense, H\u00e9ctor Melesio Cu\u00e9n Ojeda. La planilla se integra por: Luis Guillermo [&hellip;]<\/p>\n","protected":false},"author":1,"featured_media":7017,"comment_status":"closed","ping_status":"closed","sticky":false,"template":"","format":"standard","meta":{"footnotes":""},"categories":[24],"tags":[],"ppma_author":[31],"class_list":["post-15100","post","type-post","status-publish","format-standard","has-post-thumbnail","hentry","category-relevantes"],"aioseo_notices":[],"authors":[{"term_id":31,"user_id":1,"is_guest":0,"slug":"ivan3vino","display_name":"Iv\u00e1n Trevi\u00f1o","avatar_url":{"url":"https:\/\/visionciudadana.com.mx\/oficial\/wp-content\/uploads\/2025\/09\/columna-ivan-Trevino.png","url2x":"https:\/\/visionciudadana.com.mx\/oficial\/wp-content\/uploads\/2025\/09\/columna-ivan-Trevino.png"},"0":null,"1":"","2":"","3":"","4":"","5":"","6":"","7":"","8":""}],"_links":{"self":[{"href":"https:\/\/visionciudadana.com.mx\/oficial\/wp-json\/wp\/v2\/posts\/15100","targetHints":{"allow":["GET"]}}],"collection":[{"href":"https:\/\/visionciudadana.com.mx\/oficial\/wp-json\/wp\/v2\/posts"}],"about":[{"href":"https:\/\/visionciudadana.com.mx\/oficial\/wp-json\/wp\/v2\/types\/post"}],"author":[{"embeddable":true,"href":"https:\/\/visionciudadana.com.mx\/oficial\/wp-json\/wp\/v2\/users\/1"}],"replies":[{"embeddable":true,"href":"https:\/\/visionciudadana.com.mx\/oficial\/wp-json\/wp\/v2\/comments?post=15100"}],"version-history":[{"count":1,"href":"https:\/\/visionciudadana.com.mx\/oficial\/wp-json\/wp\/v2\/posts\/15100\/revisions"}],"predecessor-version":[{"id":31306,"href":"https:\/\/visionciudadana.com.mx\/oficial\/wp-json\/wp\/v2\/posts\/15100\/revisions\/31306"}],"wp:featuredmedia":[{"embeddable":true,"href":"https:\/\/visionciudadana.com.mx\/oficial\/wp-json\/wp\/v2\/media\/7017"}],"wp:attachment":[{"href":"https:\/\/visionciudadana.com.mx\/oficial\/wp-json\/wp\/v2\/media?parent=15100"}],"wp:term":[{"taxonomy":"category","embeddable":true,"href":"https:\/\/visionciudadana.com.mx\/oficial\/wp-json\/wp\/v2\/categories?post=15100"},{"taxonomy":"post_tag","embeddable":true,"href":"https:\/\/visionciudadana.com.mx\/oficial\/wp-json\/wp\/v2\/tags?post=15100"},{"taxonomy":"author","embeddable":true,"href":"https:\/\/visionciudadana.com.mx\/oficial\/wp-json\/wp\/v2\/ppma_author?post=15100"}],"curies":[{"name":"wp","href":"https:\/\/api.w.org\/{rel}","templated":true}]}}