{"id":15099,"date":"2021-03-24T01:09:56","date_gmt":"2021-03-24T01:09:56","guid":{"rendered":"https:\/\/visionciudadana.com.mx\/prueba\/2021\/03\/24\/inaugura-quirino-el-observatgorio-1873-en-mazatlan\/"},"modified":"2025-06-25T00:16:51","modified_gmt":"2025-06-25T00:16:51","slug":"inaugura-quirino-el-observatgorio-1873-en-mazatlan","status":"publish","type":"post","link":"https:\/\/visionciudadana.com.mx\/oficial\/2021\/03\/24\/inaugura-quirino-el-observatgorio-1873-en-mazatlan\/","title":{"rendered":"Inaugura Quirino el Observatgorio 1873 en Mazatl\u00e1n"},"content":{"rendered":"<p style=\"text-align: justify;\"><img fetchpriority=\"high\" decoding=\"async\" src=\"images\/Marzo21\/observatorio.PNG\" alt=\"observatorio\" width=\"357\" height=\"207\" style=\"display: block; margin-left: auto; margin-right: auto;\" \/><br \/><span lang=\"ES-TRAD\" style=\"font-size: 14pt; font-family: arial, helvetica, sans-serif;\"><\/span><\/p>\n<p class=\"x_MsoNormal\" style=\"text-align: justify;\"><span style=\"font-size: 14pt; font-family: arial, helvetica, sans-serif;\"><span lang=\"ES-TRAD\">Un nuevo atractivo para Mazatl\u00e1n inaugur\u00f3 el gobernador Quirino Ordaz Coppel, en compa\u00f1\u00eda del secretario de Turismo del Gobierno de la Rep\u00fablica, Miguel Torruco Marqu\u00e9s, denominado Observatorio 1873, el cual se ubica en el Cerro del Vig\u00eda, de frente al Faro de Mazatl\u00e1n, y donde los visitantes podr\u00e1n conocer parte de la historia del puerto, adem\u00e1s de disfrutar una extraordinaria vista hacia el mar.<\/span><\/span><\/p>\n<p class=\"x_MsoNormal\" style=\"text-align: justify;\"><span lang=\"ES-TRAD\" style=\"font-size: 14pt; font-family: arial, helvetica, sans-serif;\"><\/span><\/p>\n<p class=\"x_MsoNormal\" style=\"text-align: justify;\"><span lang=\"ES-TRAD\" style=\"font-size: 14pt; font-family: arial, helvetica, sans-serif;\">El mandatario estatal asisti\u00f3 acompa\u00f1ado tambi\u00e9n por su esposa, Rosy Fuentes de Ordaz, y fueron recibidos por el propietario del lugar, Amado Guzm\u00e1n Reynaud, quien coment\u00f3 que Observatorio 1873, junto con el Acuario Mar de Cort\u00e9s y el Parque Central, ambos actualmente en construcci\u00f3n, se convertir\u00e1n en los nuevos atractivos de Mazatl\u00e1n para el deleite de turistas y de los propios mazatlecos.<\/span><\/p>\n<p class=\"x_MsoNormal\" style=\"text-align: justify;\"><span lang=\"ES-TRAD\" style=\"font-size: 14pt; font-family: arial, helvetica, sans-serif;\"><\/span><\/p>\n<p class=\"x_MsoNormal\" style=\"text-align: justify;\"><span lang=\"ES-TRAD\" style=\"font-size: 14pt; font-family: arial, helvetica, sans-serif;\">\u201cEste es un proyecto que tuvo cinco a\u00f1os en construcci\u00f3n, que parte de un sue\u00f1o compartido por revivir nuestras tradiciones como mexicanos y darle a nuestro destino de playa un plus, que no seamos s\u00f3lo un destino de playa, sol y cerveza\u201d, dijo.<\/span><\/p>\n<p class=\"x_MsoNormal\" style=\"text-align: justify;\"><span lang=\"ES-TRAD\" style=\"font-size: 14pt; font-family: arial, helvetica, sans-serif;\"><\/span><\/p>\n<p class=\"x_MsoNormal\" style=\"text-align: justify;\"><span lang=\"ES-TRAD\" style=\"font-size: 14pt; font-family: arial, helvetica, sans-serif;\">Guzm\u00e1n Reynaud a\u00f1adi\u00f3 que con este prop\u00f3sito se acondicion\u00f3 esta casona, ubicada en la cima del Cerro del Vig\u00eda, de frente al Faro de Mazatl\u00e1n y los muelles, para que la gente conozca la cultura de Mazatl\u00e1n y su gastronom\u00eda.<\/span><\/p>\n<p class=\"x_MsoNormal\" style=\"text-align: justify;\"><span lang=\"ES-TRAD\" style=\"font-size: 14pt; font-family: arial, helvetica, sans-serif;\"><\/span><\/p>\n<p class=\"x_MsoNormal\" style=\"text-align: justify;\"><span lang=\"ES-TRAD\" style=\"font-size: 14pt; font-family: arial, helvetica, sans-serif;\">A\u00f1adi\u00f3 que el objetivo de esto es que las familias que visitan Mazatl\u00e1n, que en promedio duran dos d\u00edas en su estad\u00eda, entre el Acuario y proyectos como \u00e9ste, le puedan generar dos m\u00e1s de estad\u00eda a los visitantes.<\/span><\/p>\n<p class=\"x_MsoNormal\" style=\"text-align: justify;\"><span lang=\"ES-TRAD\" style=\"font-size: 14pt; font-family: arial, helvetica, sans-serif;\"><\/span><\/p>\n<p class=\"x_MsoNormal\" style=\"text-align: justify;\"><span lang=\"ES-TRAD\" style=\"font-size: 14pt; font-family: arial, helvetica, sans-serif;\">Por otra parte, el empresario hizo un reconocimiento al gobernador Quirino Ordaz Coppel por el impulso que le ha dado al turismo. \u201cYo le agarr\u00e9 muy bien la pichada al gobernador desde que empez\u00f3 su administraci\u00f3n, de que \u00e9sta iba a ser la administraci\u00f3n que le iba a sacar a Mazatl\u00e1n brillo en el tema tur\u00edstico, y no nos equivocamos, y vamos a seguir apostando e invirtiendo por el sector turismo\u201d, concluy\u00f3.<\/span><\/p>\n<p class=\"x_MsoNormal\" style=\"text-align: justify;\"><span lang=\"ES-TRAD\" style=\"font-size: 14pt; font-family: arial, helvetica, sans-serif;\"><\/span><\/p>\n<p class=\"x_MsoNormal\" style=\"text-align: justify;\"><span lang=\"ES-TRAD\" style=\"font-size: 14pt; font-family: arial, helvetica, sans-serif;\">Para engalanar la ceremonia de inauguraci\u00f3n, fueron presentados bailes prehisp\u00e1nicos en la terraza del Observatorio, que dieron el toque cultural e hist\u00f3rico para el deleite de los asistentes.<\/span><\/p>\n<p style=\"text-align: justify;\">&nbsp;<\/p>\n<p style=\"text-align: justify;\"><span style=\"font-size: 14pt; font-family: arial, helvetica, sans-serif;\">REDACCI\u00d3N\/VISI\u00d3N CIUDADANA.<\/span><\/p>\n","protected":false},"excerpt":{"rendered":"<p>Un nuevo atractivo para Mazatl\u00e1n inaugur\u00f3 el gobernador Quirino Ordaz Coppel, en compa\u00f1\u00eda del secretario de Turismo del Gobierno de la Rep\u00fablica, Miguel Torruco Marqu\u00e9s, denominado Observatorio 1873, el cual se ubica en el Cerro del Vig\u00eda, de frente al Faro de Mazatl\u00e1n, y donde los visitantes podr\u00e1n conocer parte de la historia del puerto, [&hellip;]<\/p>\n","protected":false},"author":1,"featured_media":7015,"comment_status":"closed","ping_status":"closed","sticky":false,"template":"","format":"standard","meta":{"footnotes":""},"categories":[24],"tags":[],"ppma_author":[31],"class_list":["post-15099","post","type-post","status-publish","format-standard","has-post-thumbnail","hentry","category-relevantes"],"aioseo_notices":[],"authors":[{"term_id":31,"user_id":1,"is_guest":0,"slug":"ivan3vino","display_name":"Iv\u00e1n Trevi\u00f1o","avatar_url":{"url":"https:\/\/visionciudadana.com.mx\/oficial\/wp-content\/uploads\/2025\/09\/columna-ivan-Trevino.png","url2x":"https:\/\/visionciudadana.com.mx\/oficial\/wp-content\/uploads\/2025\/09\/columna-ivan-Trevino.png"},"0":null,"1":"","2":"","3":"","4":"","5":"","6":"","7":"","8":""}],"_links":{"self":[{"href":"https:\/\/visionciudadana.com.mx\/oficial\/wp-json\/wp\/v2\/posts\/15099","targetHints":{"allow":["GET"]}}],"collection":[{"href":"https:\/\/visionciudadana.com.mx\/oficial\/wp-json\/wp\/v2\/posts"}],"about":[{"href":"https:\/\/visionciudadana.com.mx\/oficial\/wp-json\/wp\/v2\/types\/post"}],"author":[{"embeddable":true,"href":"https:\/\/visionciudadana.com.mx\/oficial\/wp-json\/wp\/v2\/users\/1"}],"replies":[{"embeddable":true,"href":"https:\/\/visionciudadana.com.mx\/oficial\/wp-json\/wp\/v2\/comments?post=15099"}],"version-history":[{"count":1,"href":"https:\/\/visionciudadana.com.mx\/oficial\/wp-json\/wp\/v2\/posts\/15099\/revisions"}],"predecessor-version":[{"id":31307,"href":"https:\/\/visionciudadana.com.mx\/oficial\/wp-json\/wp\/v2\/posts\/15099\/revisions\/31307"}],"wp:featuredmedia":[{"embeddable":true,"href":"https:\/\/visionciudadana.com.mx\/oficial\/wp-json\/wp\/v2\/media\/7015"}],"wp:attachment":[{"href":"https:\/\/visionciudadana.com.mx\/oficial\/wp-json\/wp\/v2\/media?parent=15099"}],"wp:term":[{"taxonomy":"category","embeddable":true,"href":"https:\/\/visionciudadana.com.mx\/oficial\/wp-json\/wp\/v2\/categories?post=15099"},{"taxonomy":"post_tag","embeddable":true,"href":"https:\/\/visionciudadana.com.mx\/oficial\/wp-json\/wp\/v2\/tags?post=15099"},{"taxonomy":"author","embeddable":true,"href":"https:\/\/visionciudadana.com.mx\/oficial\/wp-json\/wp\/v2\/ppma_author?post=15099"}],"curies":[{"name":"wp","href":"https:\/\/api.w.org\/{rel}","templated":true}]}}