{"id":15098,"date":"2021-03-24T01:02:36","date_gmt":"2021-03-24T01:02:36","guid":{"rendered":"https:\/\/visionciudadana.com.mx\/prueba\/2021\/03\/24\/somos-el-pri-de-colosio-bastion-de-la-democracia-y-critico-ante-la-ineficiencia\/"},"modified":"2025-06-25T00:16:52","modified_gmt":"2025-06-25T00:16:52","slug":"somos-el-pri-de-colosio-bastion-de-la-democracia-y-critico-ante-la-ineficiencia","status":"publish","type":"post","link":"https:\/\/visionciudadana.com.mx\/oficial\/2021\/03\/24\/somos-el-pri-de-colosio-bastion-de-la-democracia-y-critico-ante-la-ineficiencia\/","title":{"rendered":"Somos el PRI de Colosio, Basti\u00f3n de la democracia y cr\u00edtico ante la ineficiencia"},"content":{"rendered":"<p><img fetchpriority=\"high\" decoding=\"async\" src=\"images\/Marzo21\/somos_el_pri.PNG\" alt=\"somos el pri\" width=\"418\" height=\"257\" style=\"display: block; margin-left: auto; margin-right: auto;\" \/><\/p>\n<p class=\"x_MsoNormal\" style=\"text-align: justify;\"><span style=\"font-size: 14pt; font-family: arial, helvetica, sans-serif;\">Somos el Partido Revolucionario Institucional (PRI) de Luis Donaldo Colosio Murrieta, el que rompe con vicios y limitaciones, el principal basti\u00f3n de la democracia, abierto a la competencia, cr\u00edtico frente a la ineficiencia. Ese es el&nbsp; partido que queremos poner en pie en esta hora de lucha pol\u00edtica, afirm\u00f3 Alejandro Moreno, Presidente del Comit\u00e9 Ejecutivo Nacional (CEN) de este instituto pol\u00edtico.<\/span><\/p>\n<p style=\"text-align: justify;\">&nbsp;<\/p>\n<p class=\"x_MsoNormal\" style=\"text-align: justify;\"><span style=\"font-size: 14pt; font-family: arial, helvetica, sans-serif;\">\u201cA las 17 horas con 12 minutos de hace 27 a\u00f1os, como tantos y tantos de sus compa\u00f1eros militantes, Luis Donaldo Colosio hac\u00eda pol\u00edtica, hac\u00eda campa\u00f1a a pecho abierto, tratando de realizar sus sue\u00f1os\u201d, record\u00f3 el dirigente del partido tricolor, al encabezar el aniversario luctuoso del ex candidato presidencial, acompa\u00f1ado por las hermanas Laura Elena y Marcela Colosio Murrieta; as\u00ed como por el Presidente de la Fundaci\u00f3n Colosio, Jos\u00e9 Murat.<\/span><\/p>\n<p style=\"text-align: justify;\">&nbsp;<\/p>\n<p class=\"x_MsoNormal\" style=\"text-align: justify;\"><span style=\"font-size: 14pt; font-family: arial, helvetica, sans-serif;\">Frente al busto del que fuera presidente del Revolucionario Institucional, en la explanada Gustavo Carvajal Moreno, de la sede nacional, el l\u00edder destac\u00f3 que es la hora de traer al presente a Colosio, para que su legado siga inspirando los cambios que necesitamos; cambios con responsabilidad y rumbo, no saltos al vac\u00edo, ni ejercicios autoritarios.<\/span><\/p>\n<p style=\"text-align: justify;\">&nbsp;<\/p>\n<p class=\"x_MsoNormal\" style=\"text-align: justify;\"><span style=\"font-size: 14pt; font-family: arial, helvetica, sans-serif;\">\u201cEs la hora de impulsar los cambios que favorezcan a los campesinos, a los trabajadores, a los profesionistas, a los emprendedores, que otorguen garant\u00edas a las mujeres y los j\u00f3venes, para su pleno desarrollo\u201d, expres\u00f3 el presidente de la Conferencia Permanente de Partidos Pol\u00edticos de Am\u00e9rica Latina (COPPPAL).<\/span><\/p>\n<p style=\"text-align: justify;\">&nbsp;<\/p>\n<p class=\"x_MsoNormal\" style=\"text-align: justify;\"><span style=\"font-size: 14pt; font-family: arial, helvetica, sans-serif;\">Alejandro Moreno reiter\u00f3 que el partido que dirige, es el PRI de Colosio, en el que se proyect\u00f3 trabajar pensando en las familias mexicanas, se alent\u00f3 al debate entre candidatos y que construy\u00f3 un di\u00e1logo con la ciudadan\u00eda y la militancia.<\/span><\/p>\n<p style=\"text-align: justify;\">&nbsp;<\/p>\n<p class=\"x_MsoNormal\" style=\"text-align: justify;\"><span style=\"font-size: 14pt; font-family: arial, helvetica, sans-serif;\">En su oportunidad, Laura Elena Colosio Murrieta, hermana de Luis Donaldo, subray\u00f3 que su hermano siempre demostr\u00f3 honestidad, franqueza, estudio, dedicaci\u00f3n, responsabilidad, y empat\u00eda hacia las necesidades de los que menos tienen, sus prioridades eran el campesino, el ama de casa, los j\u00f3venes. Record\u00f3 que desde los 15 a\u00f1os, Luis Donaldo ten\u00eda ese pensamiento, de que en el campo est\u00e1 la soluci\u00f3n de M\u00e9xico, y ten\u00eda esa visi\u00f3n de transformar al pa\u00eds y sacarlo de la apat\u00eda y la desilusi\u00f3n.<\/span><\/p>\n<p style=\"text-align: justify;\">&nbsp;<\/p>\n<p class=\"x_MsoNormal\" style=\"text-align: justify;\"><span style=\"font-size: 14pt; font-family: arial, helvetica, sans-serif;\">Posteriormente, se devel\u00f3 una placa en el ahora llamado Sal\u00f3n Presidentes Luis Donaldo Colosio, as\u00ed como un cuadro en honor del priista, obra del pintor Alejandro Jasso. En el acto, Marcela Colosio agradeci\u00f3, en nombre de su familia,&nbsp; que se recuerden con cari\u00f1o, con respeto y con honor los valores principales que enarbol\u00f3 el extinto ex candidato presidencial.<\/span><\/p>\n<p style=\"text-align: justify;\">&nbsp;<\/p>\n<p class=\"x_MsoNormal\" style=\"text-align: justify;\"><span style=\"font-size: 14pt; font-family: arial, helvetica, sans-serif;\">En el evento estuvieron, adem\u00e1s, el Presidente de la Comisi\u00f3n Nacional de Procesos Internos, Augusto G\u00f3mez Villanueva, as\u00ed como Secretarias y Secretarios del CEN del PRI, algunos de los colaboradores cercanos de Luis Donaldo Colosio, y miembros de los sectores y organizaciones del partido.<\/span><\/p>\n<p style=\"text-align: justify;\">&nbsp;<\/p>\n<p style=\"text-align: justify;\"><span style=\"font-size: 14pt; font-family: arial, helvetica, sans-serif;\">REDACCI\u00d3N\/VISI\u00d3N CIUDADANA.<\/span><\/p>\n","protected":false},"excerpt":{"rendered":"<p>Somos el Partido Revolucionario Institucional (PRI) de Luis Donaldo Colosio Murrieta, el que rompe con vicios y limitaciones, el principal basti\u00f3n de la democracia, abierto a la competencia, cr\u00edtico frente a la ineficiencia. Ese es el&nbsp; partido que queremos poner en pie en esta hora de lucha pol\u00edtica, afirm\u00f3 Alejandro Moreno, Presidente del Comit\u00e9 Ejecutivo [&hellip;]<\/p>\n","protected":false},"author":1,"featured_media":7013,"comment_status":"closed","ping_status":"closed","sticky":false,"template":"","format":"standard","meta":{"footnotes":""},"categories":[24],"tags":[],"ppma_author":[31],"class_list":["post-15098","post","type-post","status-publish","format-standard","has-post-thumbnail","hentry","category-relevantes"],"aioseo_notices":[],"authors":[{"term_id":31,"user_id":1,"is_guest":0,"slug":"ivan3vino","display_name":"Iv\u00e1n Trevi\u00f1o","avatar_url":{"url":"https:\/\/visionciudadana.com.mx\/oficial\/wp-content\/uploads\/2025\/09\/columna-ivan-Trevino.png","url2x":"https:\/\/visionciudadana.com.mx\/oficial\/wp-content\/uploads\/2025\/09\/columna-ivan-Trevino.png"},"0":null,"1":"","2":"","3":"","4":"","5":"","6":"","7":"","8":""}],"_links":{"self":[{"href":"https:\/\/visionciudadana.com.mx\/oficial\/wp-json\/wp\/v2\/posts\/15098","targetHints":{"allow":["GET"]}}],"collection":[{"href":"https:\/\/visionciudadana.com.mx\/oficial\/wp-json\/wp\/v2\/posts"}],"about":[{"href":"https:\/\/visionciudadana.com.mx\/oficial\/wp-json\/wp\/v2\/types\/post"}],"author":[{"embeddable":true,"href":"https:\/\/visionciudadana.com.mx\/oficial\/wp-json\/wp\/v2\/users\/1"}],"replies":[{"embeddable":true,"href":"https:\/\/visionciudadana.com.mx\/oficial\/wp-json\/wp\/v2\/comments?post=15098"}],"version-history":[{"count":1,"href":"https:\/\/visionciudadana.com.mx\/oficial\/wp-json\/wp\/v2\/posts\/15098\/revisions"}],"predecessor-version":[{"id":31308,"href":"https:\/\/visionciudadana.com.mx\/oficial\/wp-json\/wp\/v2\/posts\/15098\/revisions\/31308"}],"wp:featuredmedia":[{"embeddable":true,"href":"https:\/\/visionciudadana.com.mx\/oficial\/wp-json\/wp\/v2\/posts\/7013"}],"wp:attachment":[{"href":"https:\/\/visionciudadana.com.mx\/oficial\/wp-json\/wp\/v2\/media?parent=15098"}],"wp:term":[{"taxonomy":"category","embeddable":true,"href":"https:\/\/visionciudadana.com.mx\/oficial\/wp-json\/wp\/v2\/categories?post=15098"},{"taxonomy":"post_tag","embeddable":true,"href":"https:\/\/visionciudadana.com.mx\/oficial\/wp-json\/wp\/v2\/tags?post=15098"},{"taxonomy":"author","embeddable":true,"href":"https:\/\/visionciudadana.com.mx\/oficial\/wp-json\/wp\/v2\/ppma_author?post=15098"}],"curies":[{"name":"wp","href":"https:\/\/api.w.org\/{rel}","templated":true}]}}