{"id":15097,"date":"2021-03-24T00:57:07","date_gmt":"2021-03-24T00:57:07","guid":{"rendered":"https:\/\/visionciudadana.com.mx\/prueba\/2021\/03\/24\/cuenta-la-uas-con-plataforma-virtual-inclusiva-para-estudiantes-de-bachillerato\/"},"modified":"2025-06-25T00:16:52","modified_gmt":"2025-06-25T00:16:52","slug":"cuenta-la-uas-con-plataforma-virtual-inclusiva-para-estudiantes-de-bachillerato","status":"publish","type":"post","link":"https:\/\/visionciudadana.com.mx\/oficial\/2021\/03\/24\/cuenta-la-uas-con-plataforma-virtual-inclusiva-para-estudiantes-de-bachillerato\/","title":{"rendered":"Cuenta la UAS con plataforma virtual inclusiva para estudiantes de bachillerato"},"content":{"rendered":"<p><img fetchpriority=\"high\" decoding=\"async\" src=\"images\/Marzo21\/cuenta_uas.PNG\" alt=\"cuenta uas\" width=\"384\" height=\"221\" style=\"display: block; margin-left: auto; margin-right: auto;\" \/><\/p>\n<p class=\"x_MsoNormal\" style=\"text-align: justify;\"><span style=\"font-size: 14pt; font-family: arial, helvetica, sans-serif;\">La Universidad Aut\u00f3noma de Sinaloa (UAS), con el prop\u00f3sito de apoyar y reforzar la formaci\u00f3n de estudiantes en situaci\u00f3n de vulnerabilidad y que el proceso de ense\u00f1anza que actualmente llevan en l\u00ednea, debido a la pandemia, sea realmente el \u00f3ptimo, la Direcci\u00f3n General de Escuelas Preparatorias (DGEP) y la Secretar\u00eda Acad\u00e9mica Universitaria, a trav\u00e9s del programa de Atenci\u00f3n a la Diversidad ADIUAS, crearon la primer plataforma virtual&nbsp;inclusiva para estudiantes del bachillerato, la cual hoy atiende a 834 j\u00f3venes con necesidades espec\u00edficas de apoyo educativo distribuidos en 40 planteles del nivel medio superior en las cuatro unidades regionales, inform\u00f3 Armando Fl\u00f3rez Arco.<\/span><\/p>\n<p style=\"text-align: justify;\">&nbsp;<\/p>\n<p class=\"x_MsoNormal\" style=\"text-align: justify;\"><span style=\"font-size: 14pt; font-family: arial, helvetica, sans-serif;\">El titular de la DGEP destac\u00f3 que el&nbsp;objetivo de esta plataforma, innovadora en todo el pa\u00eds en el nivel bachillerato, es el de ofrecer a los estudiantes en situaci\u00f3n de vulnerabilidad los ajustes razonables, las adaptaciones curriculares, metodol\u00f3gicas y de evaluaci\u00f3n, as\u00ed como el material did\u00e1ctico que aseguren su plena inclusi\u00f3n a los espacios escolares virtuales.<\/span><\/p>\n<p style=\"text-align: justify;\">&nbsp;<\/p>\n<p class=\"x_MsoNormal\" style=\"text-align: justify;\"><span style=\"font-size: 14pt; font-family: arial, helvetica, sans-serif;\">\u201cQuiero destacar el inter\u00e9s de ADIUAS y de la Secretar\u00eda Acad\u00e9mica Universitaria por atenderlo, y lo que hicimos fue, con la ayuda de los expertos, de los tutores de atenci\u00f3n especial, adaptar las actividades a las necesidades de estos alumnos\u201d, indic\u00f3.<\/span><\/p>\n<p style=\"text-align: justify;\">&nbsp;<\/p>\n<p class=\"x_MsoNormal\" style=\"text-align: justify;\"><span style=\"font-size: 14pt; font-family: arial, helvetica, sans-serif;\">As\u00ed mismo el acad\u00e9mico universitario manifest\u00f3 que gracias a esta nueva plataforma virtual inclusiva se ha podido llegar hasta la unidad acad\u00e9mica m\u00e1s alejada y con este esfuerzo compartido se ha logrado consolidar la inclusi\u00f3n en el bachillerato universitario.<\/span><\/p>\n<p style=\"text-align: justify;\">&nbsp;<\/p>\n<p class=\"x_MsoNormal\" style=\"text-align: justify;\"><span style=\"font-size: 14pt; font-family: arial, helvetica, sans-serif;\">\u201cEstamos realmente contentos, satisfechos, porque es un reto m\u00e1s, que ya de por s\u00ed el reto de la educaci\u00f3n no presencial era un problema y poder hacer una adaptaci\u00f3n para los muchachos que est\u00e1n en el programa ADIUAS yo creo que es un plus que lo hemos hecho, primero que todo porque hay una voluntad a nivel universitario, desde la Rector\u00eda, desde la Secretar\u00eda Acad\u00e9mica para una educaci\u00f3n inclusiva que los atienda y los apoye, y porque hemos tenido los recursos humanos para adaptar la plataforma\u201d, mencion\u00f3.<\/span><\/p>\n<p style=\"text-align: justify;\">&nbsp;<\/p>\n<p class=\"x_MsoNormal\" style=\"text-align: justify;\"><span style=\"font-size: 14pt; font-family: arial, helvetica, sans-serif;\">Fl\u00f3rez Arco detall\u00f3 que las condiciones&nbsp;de vulnerabilidad que se atienden a trav\u00e9s de este portal son: discapacidad visual, auditiva, motriz, intelectual y S\u00edndrome de Down, discapacidad m\u00faltiple, trastornos del espectro autista, trastornos del aprendizaje, Trastornos de D\u00e9ficit de Atenci\u00f3n con o sin Hiperactividad, trastornos severos de la salud, poblaci\u00f3n ind\u00edgena de la regi\u00f3n, entre otros casos que requieren de apoyos espec\u00edficos para su inclusi\u00f3n.<\/span><\/p>\n<p style=\"text-align: justify;\">&nbsp;<\/p>\n<p class=\"x_MsoNormal\" style=\"text-align: justify;\"><span style=\"font-size: 14pt; font-family: arial, helvetica, sans-serif;\">\u201cEntonces en esta plataforma se han dise\u00f1ado actividades m\u00e1s compactas, m\u00e1s esenciales, yendo a los contenidos relevantes, m\u00e1s accesibles y tambi\u00e9n a actividades de \u00edndole m\u00e1s flexible, se les brinda una bibliograf\u00eda digitalizada, inclusive con condiciones para alumnos con discapacidad visual, tambi\u00e9n hay elementos dise\u00f1ados con lenguaje de se\u00f1as para problemas auditivos, aqu\u00ed lo que se est\u00e1 haciendo es tratar de adaptar la plataforma, los programas como un traje a la medida para las necesidades de los alumnos. La equidad no significa darle a todos lo mismo, implica adaptar tambi\u00e9n los programas a las condiciones, a las posibilidades de aprendizaje de los alumnos \u201c, refiri\u00f3.&nbsp; &nbsp;<\/span><\/p>\n<p style=\"text-align: justify;\">&nbsp;<\/p>\n<p style=\"text-align: justify;\">&nbsp;<\/p>\n<p style=\"text-align: justify;\"><span style=\"font-size: 14pt; font-family: arial, helvetica, sans-serif;\">REDACCI\u00d3N\/VISI\u00d3N CIUDADANA.<\/span><\/p>\n<div style=\"text-align: justify;\"><span style=\"font-size: 14pt; font-family: arial, helvetica, sans-serif;\"><\/span><\/div>\n","protected":false},"excerpt":{"rendered":"<p>La Universidad Aut\u00f3noma de Sinaloa (UAS), con el prop\u00f3sito de apoyar y reforzar la formaci\u00f3n de estudiantes en situaci\u00f3n de vulnerabilidad y que el proceso de ense\u00f1anza que actualmente llevan en l\u00ednea, debido a la pandemia, sea realmente el \u00f3ptimo, la Direcci\u00f3n General de Escuelas Preparatorias (DGEP) y la Secretar\u00eda Acad\u00e9mica Universitaria, a trav\u00e9s del [&hellip;]<\/p>\n","protected":false},"author":1,"featured_media":7011,"comment_status":"closed","ping_status":"closed","sticky":false,"template":"","format":"standard","meta":{"footnotes":""},"categories":[24],"tags":[],"ppma_author":[31],"class_list":["post-15097","post","type-post","status-publish","format-standard","has-post-thumbnail","hentry","category-relevantes"],"aioseo_notices":[],"authors":[{"term_id":31,"user_id":1,"is_guest":0,"slug":"ivan3vino","display_name":"Iv\u00e1n Trevi\u00f1o","avatar_url":{"url":"https:\/\/visionciudadana.com.mx\/oficial\/wp-content\/uploads\/2025\/09\/columna-ivan-Trevino.png","url2x":"https:\/\/visionciudadana.com.mx\/oficial\/wp-content\/uploads\/2025\/09\/columna-ivan-Trevino.png"},"0":null,"1":"","2":"","3":"","4":"","5":"","6":"","7":"","8":""}],"_links":{"self":[{"href":"https:\/\/visionciudadana.com.mx\/oficial\/wp-json\/wp\/v2\/posts\/15097","targetHints":{"allow":["GET"]}}],"collection":[{"href":"https:\/\/visionciudadana.com.mx\/oficial\/wp-json\/wp\/v2\/posts"}],"about":[{"href":"https:\/\/visionciudadana.com.mx\/oficial\/wp-json\/wp\/v2\/types\/post"}],"author":[{"embeddable":true,"href":"https:\/\/visionciudadana.com.mx\/oficial\/wp-json\/wp\/v2\/users\/1"}],"replies":[{"embeddable":true,"href":"https:\/\/visionciudadana.com.mx\/oficial\/wp-json\/wp\/v2\/comments?post=15097"}],"version-history":[{"count":1,"href":"https:\/\/visionciudadana.com.mx\/oficial\/wp-json\/wp\/v2\/posts\/15097\/revisions"}],"predecessor-version":[{"id":31309,"href":"https:\/\/visionciudadana.com.mx\/oficial\/wp-json\/wp\/v2\/posts\/15097\/revisions\/31309"}],"wp:featuredmedia":[{"embeddable":true,"href":"https:\/\/visionciudadana.com.mx\/oficial\/wp-json\/wp\/v2\/posts\/7011"}],"wp:attachment":[{"href":"https:\/\/visionciudadana.com.mx\/oficial\/wp-json\/wp\/v2\/media?parent=15097"}],"wp:term":[{"taxonomy":"category","embeddable":true,"href":"https:\/\/visionciudadana.com.mx\/oficial\/wp-json\/wp\/v2\/categories?post=15097"},{"taxonomy":"post_tag","embeddable":true,"href":"https:\/\/visionciudadana.com.mx\/oficial\/wp-json\/wp\/v2\/tags?post=15097"},{"taxonomy":"author","embeddable":true,"href":"https:\/\/visionciudadana.com.mx\/oficial\/wp-json\/wp\/v2\/ppma_author?post=15097"}],"curies":[{"name":"wp","href":"https:\/\/api.w.org\/{rel}","templated":true}]}}