{"id":15096,"date":"2021-03-24T00:49:50","date_gmt":"2021-03-24T00:49:50","guid":{"rendered":"https:\/\/visionciudadana.com.mx\/prueba\/2021\/03\/24\/las-playas-de-sinaloa-estan-aptas-para-uso-recreativo-en-semana-santa-con-precaucion-sanitaria\/"},"modified":"2025-06-25T00:16:52","modified_gmt":"2025-06-25T00:16:52","slug":"las-playas-de-sinaloa-estan-aptas-para-uso-recreativo-en-semana-santa-con-precaucion-sanitaria","status":"publish","type":"post","link":"https:\/\/visionciudadana.com.mx\/oficial\/2021\/03\/24\/las-playas-de-sinaloa-estan-aptas-para-uso-recreativo-en-semana-santa-con-precaucion-sanitaria\/","title":{"rendered":"Las playas de Sinaloa est\u00e1n aptas para uso recreativo en Semana Santa con precauci\u00f3n Sanitaria"},"content":{"rendered":"<p style=\"text-align: justify;\"><span style=\"font-size: 14pt; font-family: arial, helvetica, sans-serif;\"><img fetchpriority=\"high\" decoding=\"async\" src=\"images\/Marzo21\/playas_de_sinaloas.PNG\" alt=\"playas de sinaloas\" width=\"381\" height=\"221\" style=\"display: block; margin-left: auto; margin-right: auto;\" \/><br \/><\/span><\/p>\n<div class=\"x_gmail_quote\">\n<div dir=\"ltr\">\n<div class=\"x_gmail_quote\">\n<div dir=\"ltr\">\n<div>\n<p class=\"x_MsoNormal\" style=\"text-align: justify;\"><span style=\"font-family: arial, helvetica, sans-serif; font-size: 14pt;\">De acuerdo a los resultados obtenidos de los muestreos realizados por la Coepriss todas las playas de Sinaloa resultan confiables para su uso sin representar riesgo alguno a la salud durante este periodo vacacional de Semana Santa 2021 que este a\u00f1o puede extenderse del s\u00e1bado 27 de marzo al domingo 11 de abril.<\/span><\/p>\n<p style=\"text-align: justify;\">&nbsp;<\/p>\n<p class=\"x_MsoNormal\" style=\"text-align: justify;\"><span style=\"font-family: arial, helvetica, sans-serif; font-size: 14pt;\">El comisionado estatal para la protecci\u00f3n contra riesgos sanitarios de Sinaloa (Coepriss), Jorge Alan Urbina Vidales, precis\u00f3 que los resultados conforme a las determinaciones realizadas muestran la total aptitud de las playas para el uso recreativo de los ba\u00f1istas en el pr\u00f3ximo periodo vacacional.<\/span><\/p>\n<p style=\"text-align: justify;\">&nbsp;<\/p>\n<p class=\"x_MsoNormal\" style=\"text-align: justify;\"><span style=\"font-family: arial, helvetica, sans-serif; font-size: 14pt;\">Destac\u00f3 que por instrucciones del gobernador Quirino Ordaz Coppel y del Secretario de Salud Dr. Efr\u00e9n Encinas Torres, personal de COEPRISS ha realizado el muestreo de agua de mar de forma permanente en los diferentes puntos de la entidad a efecto de prevenir riesgos a la salud en materia de enfermedades de mucosa, piel y digestiva.<\/span><\/p>\n<p style=\"text-align: justify;\">&nbsp;<\/p>\n<p class=\"x_MsoNormal\" style=\"text-align: justify;\"><span style=\"font-family: arial, helvetica, sans-serif; font-size: 14pt;\">Sin embargo, advirti\u00f3 que se debe mantener el tri\u00e1ngulo de la vida contra el COVID-19 que consiste en uso de cubrebocas, lavado de manos o uso de gel antibacterial, y mantener una sana distancia de dos metros con las dem\u00e1s personas.<\/span><\/p>\n<p style=\"text-align: justify;\">&nbsp;<\/p>\n<p class=\"x_MsoNormal\" style=\"text-align: justify;\"><span style=\"font-family: arial, helvetica, sans-serif; font-size: 14pt;\">Tambi\u00e9n precis\u00f3 que deben conservarse los filtros sanitarios con toma de temperatura y aplicaci\u00f3n de gel antibacterial as\u00ed como la implementaci\u00f3n de los lineamientos t\u00e9cnicos de seguridad sanitaria contemplados en la actual emergencia de salud hacia la nueva normalidad.<\/span><\/p>\n<p style=\"text-align: justify;\">&nbsp;<\/p>\n<p class=\"x_MsoNormal\" style=\"text-align: justify;\"><span style=\"font-family: arial, helvetica, sans-serif; font-size: 14pt;\">Sostuvo que independientemente de las pol\u00edticas p\u00fablicas que establezca cada municipio respecto a sus sitios tur\u00edsticos en Semana Santa, las 22 playas ubicadas en los municipios de Navolato, Mazatl\u00e1n, Guasave, Ahome, Culiac\u00e1n y Escuinapa, se encuentran aptas para su uso recreativo.<\/span><\/p>\n<p style=\"text-align: justify;\">&nbsp;<\/p>\n<p class=\"x_MsoNormal\" style=\"text-align: justify;\"><span style=\"font-family: arial, helvetica, sans-serif; font-size: 14pt;\">Explic\u00f3 que conforme al Programa de Vigilancia de Calidad de Agua de Mar, Coepriss realiz\u00f3 el muestreo de agua de mar durante las dos primeras semanas de marzo en diversas playas del litoral sinaloense, con seis muestreos en cada uno de los puntos<\/span><\/p>\n<p style=\"text-align: justify;\">&nbsp;<\/p>\n<p class=\"x_MsoNormal\" style=\"text-align: justify;\"><span style=\"font-family: arial, helvetica, sans-serif; font-size: 14pt;\">Precis\u00f3 que son aptas para uso recreativo las playas de Altata y las playas de El Tambor, en Navolato; doce playas a los largo de la Bah\u00eda de Mazatl\u00e1n cuatro en Zona Dorada, Playa Cerritos, Playa Zona Dorada, Playa Isla El Venado, Playa del Mar, Playa Norte, Playa Los Pinos, Playa Olas Altas, Playa Isla del Chivo y Playa Isla de la Piedra-El Card\u00f3n, en Mazatl\u00e1n; Playa Las Glorias, en Guasave; Playa Maviri, en Los Mochis, Ahome; Playa Ponce, en Culiac\u00e1n, y Playa Las Lupitas-Teacapan y Playa Las Cabras -Isla del Bosque, en Escuinapa.<\/span><\/p>\n<p style=\"text-align: justify;\">&nbsp;<\/p>\n<p class=\"x_MsoNormal\" style=\"text-align: justify;\"><span style=\"font-family: arial, helvetica, sans-serif; font-size: 14pt;\">Apunt\u00f3 que estos muestreos del Laboratorio Estatal de Salud P\u00fablica se realizan conforme a los criterios establecidos por la Comisi\u00f3n Federal para la Protecci\u00f3n contra Riesgos Sanitarios (COFEPRIS) con determinaciones para cada uno de los puntos de muestreo previamente establecidos en cada una de las playas se\u00f1aladas.<\/span><\/p>\n<p style=\"text-align: justify;\">&nbsp;<\/p>\n<p class=\"x_MsoNormal\" style=\"text-align: justify;\"><span style=\"font-family: arial, helvetica, sans-serif; font-size: 14pt;\">\u201cDe estos resultados se obtiene una media geom\u00e9trica, utilizando como par\u00e1metro indicador la presencia enterococos -bacteria resistente a la salinidad e indicador de la contaminaci\u00f3n fecal- cuyo l\u00edmite m\u00e1ximo no debe exceder los 200 NMP\/100, habi\u00e9ndose observado valores muy inferiores a este l\u00edmite lo cual asegura la calidad del agua de mar para este periodo vacacional\u201d, dijo.<\/span><\/p>\n<p style=\"text-align: justify;\">&nbsp;<\/p>\n<p class=\"x_MsoNormal\" style=\"text-align: justify;\"><span style=\"font-family: arial, helvetica, sans-serif; font-size: 14pt;\">Sostuvo que los resultados enviados a COFEPRIS ser\u00e1n difundidos conjuntamente con todas las playas del pa\u00eds insertas en el programa.<\/span><\/p>\n<p style=\"text-align: justify;\">&nbsp;<\/p>\n<p style=\"text-align: justify;\">&nbsp;<\/p>\n<p style=\"text-align: justify;\"><span style=\"font-size: 14pt; font-family: arial, helvetica, sans-serif;\">REDACCI\u00d3N\/VISI\u00d3N CIUDADANA.<\/span><\/p>\n<p class=\"x_MsoNormal\"><span style=\"font-family: verdana, sans-serif; font-size: large;\"><\/span><\/p>\n<\/div>\n<\/div>\n<\/div>\n<\/div>\n<\/div>\n","protected":false},"excerpt":{"rendered":"<p>De acuerdo a los resultados obtenidos de los muestreos realizados por la Coepriss todas las playas de Sinaloa resultan confiables para su uso sin representar riesgo alguno a la salud durante este periodo vacacional de Semana Santa 2021 que este a\u00f1o puede extenderse del s\u00e1bado 27 de marzo al domingo 11 de abril. &nbsp; El [&hellip;]<\/p>\n","protected":false},"author":1,"featured_media":7009,"comment_status":"closed","ping_status":"closed","sticky":false,"template":"","format":"standard","meta":{"footnotes":""},"categories":[24],"tags":[],"ppma_author":[31],"class_list":["post-15096","post","type-post","status-publish","format-standard","has-post-thumbnail","hentry","category-relevantes"],"aioseo_notices":[],"authors":[{"term_id":31,"user_id":1,"is_guest":0,"slug":"ivan3vino","display_name":"Iv\u00e1n Trevi\u00f1o","avatar_url":{"url":"https:\/\/visionciudadana.com.mx\/oficial\/wp-content\/uploads\/2025\/09\/columna-ivan-Trevino.png","url2x":"https:\/\/visionciudadana.com.mx\/oficial\/wp-content\/uploads\/2025\/09\/columna-ivan-Trevino.png"},"0":null,"1":"","2":"","3":"","4":"","5":"","6":"","7":"","8":""}],"_links":{"self":[{"href":"https:\/\/visionciudadana.com.mx\/oficial\/wp-json\/wp\/v2\/posts\/15096","targetHints":{"allow":["GET"]}}],"collection":[{"href":"https:\/\/visionciudadana.com.mx\/oficial\/wp-json\/wp\/v2\/posts"}],"about":[{"href":"https:\/\/visionciudadana.com.mx\/oficial\/wp-json\/wp\/v2\/types\/post"}],"author":[{"embeddable":true,"href":"https:\/\/visionciudadana.com.mx\/oficial\/wp-json\/wp\/v2\/users\/1"}],"replies":[{"embeddable":true,"href":"https:\/\/visionciudadana.com.mx\/oficial\/wp-json\/wp\/v2\/comments?post=15096"}],"version-history":[{"count":1,"href":"https:\/\/visionciudadana.com.mx\/oficial\/wp-json\/wp\/v2\/posts\/15096\/revisions"}],"predecessor-version":[{"id":31310,"href":"https:\/\/visionciudadana.com.mx\/oficial\/wp-json\/wp\/v2\/posts\/15096\/revisions\/31310"}],"wp:featuredmedia":[{"embeddable":true,"href":"https:\/\/visionciudadana.com.mx\/oficial\/wp-json\/wp\/v2\/media\/7009"}],"wp:attachment":[{"href":"https:\/\/visionciudadana.com.mx\/oficial\/wp-json\/wp\/v2\/media?parent=15096"}],"wp:term":[{"taxonomy":"category","embeddable":true,"href":"https:\/\/visionciudadana.com.mx\/oficial\/wp-json\/wp\/v2\/categories?post=15096"},{"taxonomy":"post_tag","embeddable":true,"href":"https:\/\/visionciudadana.com.mx\/oficial\/wp-json\/wp\/v2\/tags?post=15096"},{"taxonomy":"author","embeddable":true,"href":"https:\/\/visionciudadana.com.mx\/oficial\/wp-json\/wp\/v2\/ppma_author?post=15096"}],"curies":[{"name":"wp","href":"https:\/\/api.w.org\/{rel}","templated":true}]}}