{"id":15095,"date":"2021-03-24T00:43:13","date_gmt":"2021-03-24T00:43:13","guid":{"rendered":"https:\/\/visionciudadana.com.mx\/prueba\/2021\/03\/24\/demostremos-nuestra-fuerza-politica-e-ideologica-faustino-hernandez\/"},"modified":"2025-06-25T00:16:52","modified_gmt":"2025-06-25T00:16:52","slug":"demostremos-nuestra-fuerza-politica-e-ideologica-faustino-hernandez","status":"publish","type":"post","link":"https:\/\/visionciudadana.com.mx\/oficial\/2021\/03\/24\/demostremos-nuestra-fuerza-politica-e-ideologica-faustino-hernandez\/","title":{"rendered":"Demostremos nuestra fuerza pol\u00edtica e ideol\u00f3gica: Faustino Hern\u00e1ndez"},"content":{"rendered":"<p><img fetchpriority=\"high\" decoding=\"async\" src=\"images\/Marzo21\/fausty_hndez.PNG\" alt=\"fausty hndez\" width=\"374\" height=\"230\" style=\"display: block; margin-left: auto; margin-right: auto;\" \/><\/p>\n<p class=\"x_MsoNormal\" style=\"text-align: justify;\" align=\"right\"><span style=\"font-size: 14pt; font-family: arial, helvetica, sans-serif;\">\u201cEl PRI es un partido con vocaci\u00f3n de poder. Y en la competencia por el poder pol\u00edtico, vamos a demostrar nuestra fortaleza pol\u00edtica e ideol\u00f3gica, levantando las demandas populares, estableciendo un nuevo pacto con los ciudadanos, fortaleciendo nuestra implantaci\u00f3n territorial, y defendiendo con pasi\u00f3n, pero tambi\u00e9n con razones y argumentos, lo que hemos logrado\u201d.<\/span><\/p>\n<p style=\"text-align: justify;\">&nbsp;<\/p>\n<p class=\"x_MsoNormal\" style=\"text-align: justify;\"><span style=\"font-size: 14pt; font-family: arial, helvetica, sans-serif;\">As\u00ed lo manifest\u00f3 el candidato de la Coalici\u00f3n \u201cVa por Sinaloa\u201d PRI-PAN-PRD, Faustino Hern\u00e1ndez \u00c1lvarez, en su mensaje durante la conmemoraci\u00f3n del XXVII Aniversario Luctuoso del fallecimiento del ex candidato a la Presidencia de la Republica, Luis Donaldo Colosio Murrieta,&nbsp; que se realiz\u00f3 frente al busto que se erige en el Blvd. Francisco Labastida Ochoa, en la ciudad de Culiac\u00e1n, Sinaloa.<\/span><\/p>\n<p style=\"text-align: justify;\">&nbsp;<\/p>\n<p class=\"x_MsoNormal\" style=\"text-align: justify;\"><span style=\"font-size: 14pt; font-family: arial, helvetica, sans-serif;\">\u201cA los ciudadanos, a los simpatizantes, a los hombres y mujeres sin partido e incluso, a quienes militan en otros partidos, les llamamos a sumar esfuerzos, a compartir un proyecto y abrir nuevas perspectivas y esperanzas de progreso para todos.<\/span><\/p>\n<p style=\"text-align: justify;\">&nbsp;<\/p>\n<p class=\"x_MsoNormal\" style=\"text-align: justify;\"><span style=\"font-size: 14pt; font-family: arial, helvetica, sans-serif;\">\u201cTodo esto, amigas y amigos, lo hacemos en el mejor esp\u00edritu democr\u00e1tico, porque entendemos el valor del di\u00e1logo y porque defendemos los valores y principios de la inclusi\u00f3n, la libertad, el pluralismo y la tolerancia. Este es el ejemplo y el legado que nos dej\u00f3 Luis Donaldo Colosio, y por eso es y ser\u00e1 indeleble en la vida de nuestro Partido\u201d, enfatiz\u00f3.<\/span><\/p>\n<p style=\"text-align: justify;\">&nbsp;<\/p>\n<p class=\"x_MsoNormal\" style=\"text-align: justify;\"><span style=\"font-size: 14pt; font-family: arial, helvetica, sans-serif;\">En su mensaje, Faustino Hern\u00e1ndez \u00c1lvarez resalt\u00f3 que el esfuerzo de todos los mexicanos para construir una sociedad democr\u00e1tica, con instituciones de avanzada corre hoy un gran peligro de ser destruidas, colonizadas o desmanteladas, para ceder el paso a viejos autoritarismos que quieren vender como nuevos proyectos transformadores.<\/span><\/p>\n<p style=\"text-align: justify;\">&nbsp;<\/p>\n<p class=\"x_MsoNormal\" style=\"text-align: justify;\"><span style=\"font-size: 14pt; font-family: arial, helvetica, sans-serif;\">En el evento, el tambi\u00e9n dirigente de la Liga de Comunidades Agrarias y Sindicatos Campesinos&nbsp; aprovech\u00f3 para dar una amplia semblanza de la vida de Colosio, as\u00ed como de la trayectoria y los valores que impulsaron siempre la vida personal, pol\u00edtica y profesional de este pol\u00edtico mexicano,&nbsp; los cuales cobran&nbsp; hoy m\u00e1s vigencia que nunca.<\/span><\/p>\n<p style=\"text-align: justify;\">&nbsp;<\/p>\n<p class=\"x_MsoNormal\" style=\"text-align: justify;\"><span style=\"font-size: 14pt; font-family: arial, helvetica, sans-serif;\">\u201cColosio ten\u00eda tras de s\u00ed una rica y vasta experiencia en la pol\u00edtica y en el ejercicio de la administraci\u00f3n p\u00fablica. Una s\u00f3lida formaci\u00f3n profesional e intelectual, y una sensibilidad que le hac\u00eda percibir y entender con claridad los profundos dramas y desaf\u00edos de la sociedad mexicana\u201d, dijo.<\/span><\/p>\n<p style=\"text-align: justify;\">&nbsp;<\/p>\n<p class=\"x_MsoNormal\" style=\"text-align: justify;\"><span style=\"font-size: 14pt; font-family: arial, helvetica, sans-serif;\">Tambi\u00e9n resalto el esp\u00edritu combativo y franco con que asumi\u00f3 la responsabilidad de su candidatura a la Presidencia de la Rep\u00fablica.<\/span><\/p>\n<p style=\"text-align: justify;\">&nbsp;<\/p>\n<p class=\"x_MsoNormal\" style=\"text-align: justify;\"><span style=\"font-size: 14pt; font-family: arial, helvetica, sans-serif;\">\u201cEntendi\u00f3 como ninguno, las causas de la inconformidad, las ra\u00edces de la violencia, de la pobreza, la desigualdad y la injusticia en amplios sectores de la sociedad mexicana.Con esa visi\u00f3n, con esa conciencia social, forjada durante a\u00f1os, Colosio hizo, desde la candidatura, un exhaustivo diagn\u00f3stico de la realidad de M\u00e9xico. Realiz\u00f3 una profunda autocr\u00edtica del ejercicio del poder pol\u00edtico\u201d, dijo<\/span><\/p>\n<p style=\"text-align: justify;\">&nbsp;<\/p>\n<p class=\"x_MsoNormal\" style=\"text-align: justify;\"><span style=\"font-size: 14pt; font-family: arial, helvetica, sans-serif;\">Se refiri\u00f3 al discurso del 6 de marzo del a\u00f1o de su asesinato, el cual ha pasado a la historia como una brillante pieza oratoria, donde perfil\u00f3 como nunca antes los caminos a transitar para materializar los sue\u00f1os, los anhelos, las esperanzas y las aspiraciones de millones de mexicanos, que hab\u00edan estado al margen del proceso de cambio y modernizaci\u00f3n.<\/span><\/p>\n<p style=\"text-align: justify;\">&nbsp;<\/p>\n<p class=\"x_MsoNormal\" style=\"text-align: justify;\"><span style=\"font-size: 14pt; font-family: arial, helvetica, sans-serif;\">\u201cFue un discurso sin concesiones, que explic\u00f3 las carencias y las necesidades de M\u00e9xico, as\u00ed como la urgencia de un cambio profundo para conquistar la justicia social. Un cambio con responsabilidad y rumbo, al margen de toda divisi\u00f3n y sin violencia\u201d, manifest\u00f3.<\/span><\/p>\n<p style=\"text-align: justify;\">&nbsp;<\/p>\n<p class=\"x_MsoNormal\" style=\"text-align: justify;\"><span style=\"font-size: 14pt; font-family: arial, helvetica, sans-serif;\">\u201cPasar del discurso a los hechos era el gran desaf\u00edo. En su propuesta, en su visi\u00f3n del M\u00e9xico a que aspiraba y por el que luch\u00f3 hasta el \u00faltimo instante de su vida, la soluci\u00f3n era la reforma del poder.&nbsp; Una reforma del poder que se entend\u00eda como una nueva relaci\u00f3n entre el ciudadano y el Estado, esto es, como un poder democr\u00e1tico y al margen de cualquier vestigio de autoritarismo\u201d, dijo.<\/span><\/p>\n<p style=\"text-align: justify;\">&nbsp;<\/p>\n<p class=\"x_MsoNormal\" style=\"text-align: justify;\"><span style=\"font-size: 14pt; font-family: arial, helvetica, sans-serif;\">Faustino Hern\u00e1ndez \u00c1lvarez estuvo acompa\u00f1ando en el evento al dirigente estatal del PRI en Sinaloa, Jes\u00fas Vald\u00e9s Palazuelos, as\u00ed como la Secretaria General,&nbsp; Cinthia Valenzuela; el dirigente de la Fundaci\u00f3n Colosio, Sergio Jacobo Guti\u00e9rrez, as\u00ed como dirigentes de Sectores y Organizaciones del partido.<\/span><\/p>\n<p style=\"text-align: justify;\">&nbsp;<\/p>\n<p style=\"text-align: justify;\">&nbsp;<\/p>\n<p style=\"text-align: justify;\"><span style=\"font-size: 14pt; font-family: arial, helvetica, sans-serif;\">REDACCI\u00d3N\/VISI\u00d3N CIUDDANA.<\/span><\/p>\n","protected":false},"excerpt":{"rendered":"<p>\u201cEl PRI es un partido con vocaci\u00f3n de poder. Y en la competencia por el poder pol\u00edtico, vamos a demostrar nuestra fortaleza pol\u00edtica e ideol\u00f3gica, levantando las demandas populares, estableciendo un nuevo pacto con los ciudadanos, fortaleciendo nuestra implantaci\u00f3n territorial, y defendiendo con pasi\u00f3n, pero tambi\u00e9n con razones y argumentos, lo que hemos logrado\u201d. &nbsp; [&hellip;]<\/p>\n","protected":false},"author":1,"featured_media":7007,"comment_status":"closed","ping_status":"closed","sticky":false,"template":"","format":"standard","meta":{"footnotes":""},"categories":[24],"tags":[],"ppma_author":[31],"class_list":["post-15095","post","type-post","status-publish","format-standard","has-post-thumbnail","hentry","category-relevantes"],"aioseo_notices":[],"authors":[{"term_id":31,"user_id":1,"is_guest":0,"slug":"ivan3vino","display_name":"Iv\u00e1n Trevi\u00f1o","avatar_url":{"url":"https:\/\/visionciudadana.com.mx\/oficial\/wp-content\/uploads\/2025\/09\/columna-ivan-Trevino.png","url2x":"https:\/\/visionciudadana.com.mx\/oficial\/wp-content\/uploads\/2025\/09\/columna-ivan-Trevino.png"},"0":null,"1":"","2":"","3":"","4":"","5":"","6":"","7":"","8":""}],"_links":{"self":[{"href":"https:\/\/visionciudadana.com.mx\/oficial\/wp-json\/wp\/v2\/posts\/15095","targetHints":{"allow":["GET"]}}],"collection":[{"href":"https:\/\/visionciudadana.com.mx\/oficial\/wp-json\/wp\/v2\/posts"}],"about":[{"href":"https:\/\/visionciudadana.com.mx\/oficial\/wp-json\/wp\/v2\/types\/post"}],"author":[{"embeddable":true,"href":"https:\/\/visionciudadana.com.mx\/oficial\/wp-json\/wp\/v2\/users\/1"}],"replies":[{"embeddable":true,"href":"https:\/\/visionciudadana.com.mx\/oficial\/wp-json\/wp\/v2\/comments?post=15095"}],"version-history":[{"count":1,"href":"https:\/\/visionciudadana.com.mx\/oficial\/wp-json\/wp\/v2\/posts\/15095\/revisions"}],"predecessor-version":[{"id":31311,"href":"https:\/\/visionciudadana.com.mx\/oficial\/wp-json\/wp\/v2\/posts\/15095\/revisions\/31311"}],"wp:featuredmedia":[{"embeddable":true,"href":"https:\/\/visionciudadana.com.mx\/oficial\/wp-json\/wp\/v2\/posts\/7007"}],"wp:attachment":[{"href":"https:\/\/visionciudadana.com.mx\/oficial\/wp-json\/wp\/v2\/media?parent=15095"}],"wp:term":[{"taxonomy":"category","embeddable":true,"href":"https:\/\/visionciudadana.com.mx\/oficial\/wp-json\/wp\/v2\/categories?post=15095"},{"taxonomy":"post_tag","embeddable":true,"href":"https:\/\/visionciudadana.com.mx\/oficial\/wp-json\/wp\/v2\/tags?post=15095"},{"taxonomy":"author","embeddable":true,"href":"https:\/\/visionciudadana.com.mx\/oficial\/wp-json\/wp\/v2\/ppma_author?post=15095"}],"curies":[{"name":"wp","href":"https:\/\/api.w.org\/{rel}","templated":true}]}}