{"id":15084,"date":"2021-03-18T05:59:38","date_gmt":"2021-03-18T05:59:38","guid":{"rendered":"https:\/\/visionciudadana.com.mx\/prueba\/2021\/03\/18\/se-brinda-limpieza-a-casa-afectada-por-incendio-en-capistrano\/"},"modified":"2025-06-25T00:16:52","modified_gmt":"2025-06-25T00:16:52","slug":"se-brinda-limpieza-a-casa-afectada-por-incendio-en-capistrano","status":"publish","type":"post","link":"https:\/\/visionciudadana.com.mx\/oficial\/2021\/03\/18\/se-brinda-limpieza-a-casa-afectada-por-incendio-en-capistrano\/","title":{"rendered":"Se brinda limpieza a casa afectada por incendio en Capistrano"},"content":{"rendered":"<p style=\"text-align: justify;\"><img fetchpriority=\"high\" decoding=\"async\" src=\"images\/Marzo21\/casa_quemada.PNG\" alt=\"casa quemada\" width=\"387\" height=\"200\" style=\"display: block; margin-left: auto; margin-right: auto;\" \/><\/p>\n<p class=\"x_MsoNormal\" style=\"text-align: justify;\"><span lang=\"ES\" style=\"font-size: 14pt; font-family: arial, helvetica, sans-serif;\">Luego de un incendio ocurrido en una vivienda ubicada en el fraccionamiento Capistrano sobre la calle Misi\u00f3n de Bucareli y Misi\u00f3n de Comund\u00fa, el alcalde provisional M.C. Miguel \u00c1ngel Gonz\u00e1lez Cervantes, instruy\u00f3 para que se iniciara con el apoyo a la familia afectada.<\/span><\/p>\n<p style=\"text-align: justify;\">&nbsp;<\/p>\n<p class=\"x_MsoNormal\" style=\"text-align: justify;\"><span lang=\"ES\" style=\"font-size: 14pt; font-family: arial, helvetica, sans-serif;\">Es por ello, que personal de la Direcci\u00f3n General de Servicios P\u00fablicos inici\u00f3 con los trabajos de retiro de escombros, adem\u00e1s de ropa, electrodom\u00e9sticos y muebles afectados por el fuego.<\/span><\/p>\n<p style=\"text-align: justify;\">&nbsp;<\/p>\n<p class=\"x_MsoNormal\" style=\"text-align: justify;\"><span lang=\"ES\" style=\"font-size: 14pt; font-family: arial, helvetica, sans-serif;\">En estas acciones se cont\u00f3 con el apoyo de maquinaria pesada como un cami\u00f3n de volteo, y una retroexcavadora que facilitaron la recolecci\u00f3n del material de la vivienda.<\/span><\/p>\n<p style=\"text-align: justify;\">&nbsp;<\/p>\n<p class=\"x_MsoNormal\" style=\"text-align: justify;\"><span lang=\"ES\" style=\"font-size: 14pt; font-family: arial, helvetica, sans-serif;\">El Gobierno de Culiac\u00e1n mantiene el apoyo a todos los sectores de la poblaci\u00f3n, y a las familias que han sufrido siniestros en sus hogares.<\/span><\/p>\n<p style=\"text-align: justify;\">&nbsp;<\/p>\n<p class=\"x_MsoNormal\" style=\"text-align: justify;\"><span lang=\"ES\" style=\"font-size: 14pt; font-family: arial, helvetica, sans-serif;\">Asimismo, se exhorta a la ciudadan\u00eda a extremar precauciones para evitar accidentes en casa a causa de factores como un corto circuito, veladoras encendidas y dem\u00e1s objetos.<\/span><\/p>\n<p class=\"x_MsoNormal\" style=\"text-align: justify;\"><span lang=\"ES\" style=\"font-size: 14pt; font-family: arial, helvetica, sans-serif;\"><\/span><\/p>\n<p style=\"text-align: justify;\">&nbsp;<\/p>\n<p style=\"text-align: justify;\"><span style=\"font-size: 14pt; font-family: arial, helvetica, sans-serif;\">REDACCI\u00d3N\/VISI\u00d3N CIUDADANA.<\/span><\/p>\n<p class=\"x_MsoNormal\"><span lang=\"ES\"><\/span><\/p>\n","protected":false},"excerpt":{"rendered":"<p>Luego de un incendio ocurrido en una vivienda ubicada en el fraccionamiento Capistrano sobre la calle Misi\u00f3n de Bucareli y Misi\u00f3n de Comund\u00fa, el alcalde provisional M.C. Miguel \u00c1ngel Gonz\u00e1lez Cervantes, instruy\u00f3 para que se iniciara con el apoyo a la familia afectada. &nbsp; Es por ello, que personal de la Direcci\u00f3n General de Servicios [&hellip;]<\/p>\n","protected":false},"author":1,"featured_media":6995,"comment_status":"closed","ping_status":"closed","sticky":false,"template":"","format":"standard","meta":{"footnotes":""},"categories":[13],"tags":[],"ppma_author":[31],"class_list":["post-15084","post","type-post","status-publish","format-standard","has-post-thumbnail","hentry","category-locales"],"aioseo_notices":[],"authors":[{"term_id":31,"user_id":1,"is_guest":0,"slug":"ivan3vino","display_name":"Iv\u00e1n Trevi\u00f1o","avatar_url":{"url":"https:\/\/visionciudadana.com.mx\/oficial\/wp-content\/uploads\/2025\/09\/columna-ivan-Trevino.png","url2x":"https:\/\/visionciudadana.com.mx\/oficial\/wp-content\/uploads\/2025\/09\/columna-ivan-Trevino.png"},"0":null,"1":"","2":"","3":"","4":"","5":"","6":"","7":"","8":""}],"_links":{"self":[{"href":"https:\/\/visionciudadana.com.mx\/oficial\/wp-json\/wp\/v2\/posts\/15084","targetHints":{"allow":["GET"]}}],"collection":[{"href":"https:\/\/visionciudadana.com.mx\/oficial\/wp-json\/wp\/v2\/posts"}],"about":[{"href":"https:\/\/visionciudadana.com.mx\/oficial\/wp-json\/wp\/v2\/types\/post"}],"author":[{"embeddable":true,"href":"https:\/\/visionciudadana.com.mx\/oficial\/wp-json\/wp\/v2\/users\/1"}],"replies":[{"embeddable":true,"href":"https:\/\/visionciudadana.com.mx\/oficial\/wp-json\/wp\/v2\/comments?post=15084"}],"version-history":[{"count":1,"href":"https:\/\/visionciudadana.com.mx\/oficial\/wp-json\/wp\/v2\/posts\/15084\/revisions"}],"predecessor-version":[{"id":31312,"href":"https:\/\/visionciudadana.com.mx\/oficial\/wp-json\/wp\/v2\/posts\/15084\/revisions\/31312"}],"wp:featuredmedia":[{"embeddable":true,"href":"https:\/\/visionciudadana.com.mx\/oficial\/wp-json\/wp\/v2\/posts\/6995"}],"wp:attachment":[{"href":"https:\/\/visionciudadana.com.mx\/oficial\/wp-json\/wp\/v2\/media?parent=15084"}],"wp:term":[{"taxonomy":"category","embeddable":true,"href":"https:\/\/visionciudadana.com.mx\/oficial\/wp-json\/wp\/v2\/categories?post=15084"},{"taxonomy":"post_tag","embeddable":true,"href":"https:\/\/visionciudadana.com.mx\/oficial\/wp-json\/wp\/v2\/tags?post=15084"},{"taxonomy":"author","embeddable":true,"href":"https:\/\/visionciudadana.com.mx\/oficial\/wp-json\/wp\/v2\/ppma_author?post=15084"}],"curies":[{"name":"wp","href":"https:\/\/api.w.org\/{rel}","templated":true}]}}