{"id":15083,"date":"2021-03-18T05:49:27","date_gmt":"2021-03-18T05:49:27","guid":{"rendered":"https:\/\/visionciudadana.com.mx\/prueba\/2021\/03\/18\/el-arte-te-lleva-a-un-encuentro-contigo-mismo-guadalupe-aguilar\/"},"modified":"2025-06-25T00:16:52","modified_gmt":"2025-06-25T00:16:52","slug":"el-arte-te-lleva-a-un-encuentro-contigo-mismo-guadalupe-aguilar","status":"publish","type":"post","link":"https:\/\/visionciudadana.com.mx\/oficial\/2021\/03\/18\/el-arte-te-lleva-a-un-encuentro-contigo-mismo-guadalupe-aguilar\/","title":{"rendered":"El arte te lleva a un encuentro contigo mismo: Guadalupe Aguilar"},"content":{"rendered":"<p><b>&nbsp;<img fetchpriority=\"high\" decoding=\"async\" src=\"images\/Marzo21\/el_arte.PNG\" alt=\"el arte\" width=\"355\" height=\"206\" style=\"display: block; margin-left: auto; margin-right: auto;\" \/><\/b><\/p>\n<p class=\"x_MsoNoSpacing\" style=\"text-align: justify;\"><span style=\"font-size: 14pt; font-family: arial, helvetica, sans-serif;\">\u201cEs una experiencia que te llega, ayuda a imaginar y hacer posibles otras maneras de estar y entender este mundo, reconfortante para el individuo, porque el arte te lleva a un encuentro contigo mismo\u201d, dijo la artista mazatleca, Guadalupe Aguilar.&nbsp;&nbsp;<\/span><\/p>\n<p>&nbsp;<\/p>\n<p class=\"x_MsoNoSpacing\" style=\"text-align: justify;\"><span style=\"font-size: 14pt; font-family: arial, helvetica, sans-serif;\">Alrededor de 200 asistentes a la transmisi\u00f3n virtual que el Colegio de Bachilleres del Estado de Sinaloa realiz\u00f3 hoy de la exposici\u00f3n, \u201cAzul profundo, di\u00e1logo entre veladuras\u201d, donde integra su propia expresi\u00f3n pl\u00e1stica con los paisajes del acuarelista mochiteco, Edgardo Coghlan&nbsp;<\/span><\/p>\n<p style=\"text-align: justify;\">&nbsp;<\/p>\n<p class=\"x_MsoNoSpacing\" style=\"text-align: justify;\"><span style=\"font-size: 14pt; font-family: arial, helvetica, sans-serif;\">\u201cYo soy artista, los quiero animar a que vayan al museo a admirar las obras que ah\u00ed se tienen, es necesario redescubrir nuestro entorno paisaj\u00edstico, es necesario salir a admirarlo\u201d, coment\u00f3 a prop\u00f3sito tambi\u00e9n de la oferta cultural que tiene el Museo de Arte de Sinaloa.&nbsp;<\/span><\/p>\n<p style=\"text-align: justify;\">&nbsp;<\/p>\n<p class=\"x_MsoNoSpacing\" style=\"text-align: justify;\"><span style=\"font-size: 14pt; font-family: arial, helvetica, sans-serif;\">Correspondi\u00f3 al secretario general de Cobaes, \u00d3scar Lara Salazar, dar la bienvenida a la audiencia reunida en el evento organizado por la Direcci\u00f3n de Extensi\u00f3n de la Cultura del Colegio en coordinaci\u00f3n con el Instituto Sinaloense de Cultura y el MASIN, mismo que se transmiti\u00f3 por Facebook Live.&nbsp;<\/span><\/p>\n<p style=\"text-align: justify;\">&nbsp;<\/p>\n<p class=\"x_MsoNoSpacing\" style=\"text-align: justify;\"><span style=\"font-size: 14pt; font-family: arial, helvetica, sans-serif;\">\u201cEl museo es fundamental, representa en esencia la expresi\u00f3n que refleja la creatividad en el arte y el espacio donde se exponen las ideas. Cobaes aprecia y agradece mucho este esfuerzo porque va a donde queremos, a que los j\u00f3venes aprecien la riqueza cultural que tenemos en Sinaloa\u201d, destac\u00f3.&nbsp;<\/span><\/p>\n<p style=\"text-align: justify;\">&nbsp;<\/p>\n<p class=\"x_MsoNoSpacing\" style=\"text-align: justify;\"><span style=\"font-size: 14pt; font-family: arial, helvetica, sans-serif;\">Lara Salazar resalt\u00f3 el impulso a la educaci\u00f3n y la cultura que ha encabezado el gobernador de Sinaloa, Quirino Ordaz Coppel, en beneficio de los ni\u00f1os y j\u00f3venes, quienes pueden conocer y apreciar la obra de nuestros artistas.&nbsp;<\/span><\/p>\n<p style=\"text-align: justify;\">&nbsp;<\/p>\n<p class=\"x_MsoNoSpacing\" style=\"text-align: justify;\"><span style=\"font-size: 14pt; font-family: arial, helvetica, sans-serif;\">Por su parte, Alejandra Larrondo L\u00f3pez, directora del MASIN, dijo que el recinto a su cargo ha sido un mediador en la cultura del arte sinaloense durante los 30 a\u00f1os que tiene de brindar m\u00faltiples servicios, tanto a la comunidad art\u00edstica e intelectual como a la sociedad sinaloense.&nbsp;<\/span><\/p>\n<p style=\"text-align: justify;\">&nbsp;<\/p>\n<p class=\"x_MsoNoSpacing\" style=\"text-align: justify;\"><span style=\"font-size: 14pt; font-family: arial, helvetica, sans-serif;\">\u201cTenemos de manera permanente un importante acervo del arte mexicano y contamos tambi\u00e9n con espacios para los artistas sinaloenses\u201d, afirm\u00f3.&nbsp;<\/span><\/p>\n<p style=\"text-align: justify;\">&nbsp;<\/p>\n<p class=\"x_MsoNoSpacing\" style=\"text-align: justify;\"><span style=\"font-size: 14pt; font-family: arial, helvetica, sans-serif;\">A su vez, la directora de Extensi\u00f3n de la Cultura de Cobaes, Olga Judith Pe\u00f1a Inzunza, exalt\u00f3 los valores del Museo de Arte de Sinaloa y la importancia que tiene compartir con los j\u00f3venes el acercamiento al arte y los artistas, &nbsp;<\/span><\/p>\n<p style=\"text-align: justify;\">&nbsp;<\/p>\n<p class=\"x_MsoNoSpacing\" style=\"text-align: justify;\"><span style=\"font-size: 14pt; font-family: arial, helvetica, sans-serif;\">\u201cSinaloa no es un estado de antivalores, hemos crecido y transitado por los senderos de la cultura y el arte, adem\u00e1s del inter\u00e9s de formar a nuestros j\u00f3venes como profesionistas que circulan por todo el mundo y que nos pone a la vanguardia\u201d, sostuvo.&nbsp;<\/span><\/p>\n<p style=\"text-align: justify;\">&nbsp;<\/p>\n<p class=\"x_MsoNoSpacing\" style=\"text-align: justify;\"><span style=\"font-size: 14pt; font-family: arial, helvetica, sans-serif;\">En la exposici\u00f3n virtual se proyect\u00f3 un video de la exposici\u00f3n, que fue motivo de una enriquecedora sesi\u00f3n de preguntas y respuestas entre las invitadas, Guadalupe Aguilar y Alejandra Larrondo, y los alumnos, padres de familia, delegados culturales, directores de planteles, maestros de educaci\u00f3n art\u00edstica y coordinadores ejecutivos.&nbsp;<\/span><\/p>\n<p style=\"text-align: justify;\">&nbsp;<\/p>\n<p style=\"text-align: justify;\">&nbsp;<\/p>\n<p style=\"text-align: justify;\"><span style=\"font-size: 14pt; font-family: arial, helvetica, sans-serif;\">REDACCI\u00d3N\/VISI\u00d3N CIUDADANA.<\/span><\/p>\n","protected":false},"excerpt":{"rendered":"<p>&nbsp; \u201cEs una experiencia que te llega, ayuda a imaginar y hacer posibles otras maneras de estar y entender este mundo, reconfortante para el individuo, porque el arte te lleva a un encuentro contigo mismo\u201d, dijo la artista mazatleca, Guadalupe Aguilar.&nbsp;&nbsp; &nbsp; Alrededor de 200 asistentes a la transmisi\u00f3n virtual que el Colegio de Bachilleres [&hellip;]<\/p>\n","protected":false},"author":1,"featured_media":6993,"comment_status":"closed","ping_status":"closed","sticky":false,"template":"","format":"standard","meta":{"footnotes":""},"categories":[13],"tags":[],"ppma_author":[31],"class_list":["post-15083","post","type-post","status-publish","format-standard","has-post-thumbnail","hentry","category-locales"],"aioseo_notices":[],"authors":[{"term_id":31,"user_id":1,"is_guest":0,"slug":"ivan3vino","display_name":"Iv\u00e1n Trevi\u00f1o","avatar_url":{"url":"https:\/\/visionciudadana.com.mx\/oficial\/wp-content\/uploads\/2025\/09\/columna-ivan-Trevino.png","url2x":"https:\/\/visionciudadana.com.mx\/oficial\/wp-content\/uploads\/2025\/09\/columna-ivan-Trevino.png"},"0":null,"1":"","2":"","3":"","4":"","5":"","6":"","7":"","8":""}],"_links":{"self":[{"href":"https:\/\/visionciudadana.com.mx\/oficial\/wp-json\/wp\/v2\/posts\/15083","targetHints":{"allow":["GET"]}}],"collection":[{"href":"https:\/\/visionciudadana.com.mx\/oficial\/wp-json\/wp\/v2\/posts"}],"about":[{"href":"https:\/\/visionciudadana.com.mx\/oficial\/wp-json\/wp\/v2\/types\/post"}],"author":[{"embeddable":true,"href":"https:\/\/visionciudadana.com.mx\/oficial\/wp-json\/wp\/v2\/users\/1"}],"replies":[{"embeddable":true,"href":"https:\/\/visionciudadana.com.mx\/oficial\/wp-json\/wp\/v2\/comments?post=15083"}],"version-history":[{"count":1,"href":"https:\/\/visionciudadana.com.mx\/oficial\/wp-json\/wp\/v2\/posts\/15083\/revisions"}],"predecessor-version":[{"id":31313,"href":"https:\/\/visionciudadana.com.mx\/oficial\/wp-json\/wp\/v2\/posts\/15083\/revisions\/31313"}],"wp:featuredmedia":[{"embeddable":true,"href":"https:\/\/visionciudadana.com.mx\/oficial\/wp-json\/wp\/v2\/posts\/6993"}],"wp:attachment":[{"href":"https:\/\/visionciudadana.com.mx\/oficial\/wp-json\/wp\/v2\/media?parent=15083"}],"wp:term":[{"taxonomy":"category","embeddable":true,"href":"https:\/\/visionciudadana.com.mx\/oficial\/wp-json\/wp\/v2\/categories?post=15083"},{"taxonomy":"post_tag","embeddable":true,"href":"https:\/\/visionciudadana.com.mx\/oficial\/wp-json\/wp\/v2\/tags?post=15083"},{"taxonomy":"author","embeddable":true,"href":"https:\/\/visionciudadana.com.mx\/oficial\/wp-json\/wp\/v2\/ppma_author?post=15083"}],"curies":[{"name":"wp","href":"https:\/\/api.w.org\/{rel}","templated":true}]}}