{"id":15079,"date":"2021-03-18T05:24:01","date_gmt":"2021-03-18T05:24:01","guid":{"rendered":"https:\/\/visionciudadana.com.mx\/prueba\/2021\/03\/18\/el-pas-proyecta-para-este-viernes-su-asamblea-estatal-donde-definira-sus-candidatos\/"},"modified":"2025-06-25T00:16:53","modified_gmt":"2025-06-25T00:16:53","slug":"el-pas-proyecta-para-este-viernes-su-asamblea-estatal-donde-definira-sus-candidatos","status":"publish","type":"post","link":"https:\/\/visionciudadana.com.mx\/oficial\/2021\/03\/18\/el-pas-proyecta-para-este-viernes-su-asamblea-estatal-donde-definira-sus-candidatos\/","title":{"rendered":"El PAS proyecta para este viernes su asamblea estatal donde definir\u00e1 sus candidatos"},"content":{"rendered":"<div style=\"text-align: justify;\"><img fetchpriority=\"high\" decoding=\"async\" src=\"images\/Marzo21\/PAS_hector.PNG\" alt=\"PAS hector\" width=\"377\" height=\"192\" style=\"display: block; margin-left: auto; margin-right: auto;\" \/><\/p>\n<p><span style=\"font-size: 14pt; font-family: arial, helvetica, sans-serif;\">La consolidaci\u00f3n de las estructuras del Partido Sinaloense y el Movimiento de Regeneraci\u00f3n Nacional se fortalece m\u00e1s cada d\u00eda y con ello nos declaramos listos para registrar a nuestros candidatos este domingo 21: los 18 candidatos a presidentes municipales y sus planillas y los 24 candidatos a diputados locales, manifest\u00f3 H\u00e9ctor Melesio Cu\u00e9n Ojeda.<\/span><\/div>\n<div style=\"text-align: justify;\">\n<p><span style=\"font-size: 14pt; font-family: arial, helvetica, sans-serif;\">El Partido Sinaloense definir\u00e1 este fin de semana a sus candidatos y MORENA los tendr\u00e1 a m\u00e1s tardar este s\u00e1bado, posteriormente subiremos estos registros a los portales del Instituto Estatal Electoral del Estado de Sinaloa para luego hacerlo de manera presencial en las oficinas.<\/span><\/div>\n<div style=\"text-align: justify;\">\n<p><span style=\"font-size: 14pt; font-family: arial, helvetica, sans-serif;\">\u201cLos candidatos del Partido Sinaloense los elegiremos en la Asamblea Estatal de Delegados que realizaremos este viernes o s\u00e1bado, ocho candidatos a diputados locales y 6 candidatos a presidencias municipales es lo que se definir\u00e1 en la Asamblea, pero lo m\u00e1s importante a destacar es que existe una excelente coordinaci\u00f3n entre las dirigencias de los dos partidos, sobre todo, en sus estructuras territoriales que se funden para ser una sola y tener mejores resultados este 6 de junio\u201d, expres\u00f3 H\u00e9ctor Melesio Cu\u00e9n Ojeda.<\/span><\/div>\n<div style=\"text-align: justify;\">\n<p><span style=\"font-size: 14pt; font-family: arial, helvetica, sans-serif;\">Esta alianza que suscribimos entre el PAS y MORENA nos ha dado mucha seguridad, tanto as\u00ed, que en todo el estado se siguen sumando muchos liderazgos pol\u00edticos con toda su estructura.<\/span><\/div>\n<div style=\"text-align: justify;\">\n<p><span style=\"font-size: 14pt; font-family: arial, helvetica, sans-serif;\">\u201cEsta alianza se hizo porque la gente lo pidi\u00f3, la gente ve una gran sinergia entre las dos fuerzas pol\u00edticas, los primeros resultados se est\u00e1n viendo en las encuestas que se est\u00e1n publicando, sabemos que no ser\u00e1 una elecci\u00f3n f\u00e1cil pero como siempre he dicho, en pol\u00edtica el trabajo se hace antes y en el Partido Sinaloense lo hemos realizado durante mucho tiempo y los resultados se ver\u00e1n este 6 de junio\u201d, afirm\u00f3 Cu\u00e9n Ojeda.<\/span><\/div>\n<div style=\"text-align: justify;\">\n<p><span style=\"font-size: 14pt; font-family: arial, helvetica, sans-serif;\">Sabemos que hay voces que quieren romper esta armon\u00eda entre el PAS y MORENA, pero la perfecta coordinaci\u00f3n que existe entre las dirigencias y su estructura es s\u00f3lida y con el Doctor Rub\u00e9n Rocha Moya a la cabeza obtendremos los mejores resultados este 6 de junio.<\/span><\/div>\n<div style=\"text-align: justify;\">\n<p><span style=\"font-size: 14pt; font-family: arial, helvetica, sans-serif;\">\u201cEs importante decir que no tengo pensado aparecer en las boletas, yo no ando buscando chamba, estoy dedicado a mis empresas, pero eso lo definir\u00e1 la Asamblea, adem\u00e1s yo participar\u00e9 muy cerca del candidato a gobernador Doctor Rub\u00e9n Rocha Moya\u201d concluy\u00f3 H\u00e9ctor Melesio Cu\u00e9n Ojeda.<\/span><\/div>\n<div style=\"text-align: justify;\">&nbsp;<\/div>\n<div style=\"text-align: justify;\">&nbsp;<\/div>\n<div style=\"text-align: justify;\"><span style=\"font-size: 14pt; font-family: arial, helvetica, sans-serif;\">REDACCI\u00d3N\/VISI\u00d3N CIUDADANA.<\/span><\/div>\n","protected":false},"excerpt":{"rendered":"<p>La consolidaci\u00f3n de las estructuras del Partido Sinaloense y el Movimiento de Regeneraci\u00f3n Nacional se fortalece m\u00e1s cada d\u00eda y con ello nos declaramos listos para registrar a nuestros candidatos este domingo 21: los 18 candidatos a presidentes municipales y sus planillas y los 24 candidatos a diputados locales, manifest\u00f3 H\u00e9ctor Melesio Cu\u00e9n Ojeda. El [&hellip;]<\/p>\n","protected":false},"author":1,"featured_media":6985,"comment_status":"closed","ping_status":"closed","sticky":false,"template":"","format":"standard","meta":{"footnotes":""},"categories":[24],"tags":[],"ppma_author":[31],"class_list":["post-15079","post","type-post","status-publish","format-standard","has-post-thumbnail","hentry","category-relevantes"],"aioseo_notices":[],"authors":[{"term_id":31,"user_id":1,"is_guest":0,"slug":"ivan3vino","display_name":"Iv\u00e1n Trevi\u00f1o","avatar_url":{"url":"https:\/\/visionciudadana.com.mx\/oficial\/wp-content\/uploads\/2025\/09\/columna-ivan-Trevino.png","url2x":"https:\/\/visionciudadana.com.mx\/oficial\/wp-content\/uploads\/2025\/09\/columna-ivan-Trevino.png"},"0":null,"1":"","2":"","3":"","4":"","5":"","6":"","7":"","8":""}],"_links":{"self":[{"href":"https:\/\/visionciudadana.com.mx\/oficial\/wp-json\/wp\/v2\/posts\/15079","targetHints":{"allow":["GET"]}}],"collection":[{"href":"https:\/\/visionciudadana.com.mx\/oficial\/wp-json\/wp\/v2\/posts"}],"about":[{"href":"https:\/\/visionciudadana.com.mx\/oficial\/wp-json\/wp\/v2\/types\/post"}],"author":[{"embeddable":true,"href":"https:\/\/visionciudadana.com.mx\/oficial\/wp-json\/wp\/v2\/users\/1"}],"replies":[{"embeddable":true,"href":"https:\/\/visionciudadana.com.mx\/oficial\/wp-json\/wp\/v2\/comments?post=15079"}],"version-history":[{"count":1,"href":"https:\/\/visionciudadana.com.mx\/oficial\/wp-json\/wp\/v2\/posts\/15079\/revisions"}],"predecessor-version":[{"id":31317,"href":"https:\/\/visionciudadana.com.mx\/oficial\/wp-json\/wp\/v2\/posts\/15079\/revisions\/31317"}],"wp:featuredmedia":[{"embeddable":true,"href":"https:\/\/visionciudadana.com.mx\/oficial\/wp-json\/wp\/v2\/posts\/6985"}],"wp:attachment":[{"href":"https:\/\/visionciudadana.com.mx\/oficial\/wp-json\/wp\/v2\/media?parent=15079"}],"wp:term":[{"taxonomy":"category","embeddable":true,"href":"https:\/\/visionciudadana.com.mx\/oficial\/wp-json\/wp\/v2\/categories?post=15079"},{"taxonomy":"post_tag","embeddable":true,"href":"https:\/\/visionciudadana.com.mx\/oficial\/wp-json\/wp\/v2\/tags?post=15079"},{"taxonomy":"author","embeddable":true,"href":"https:\/\/visionciudadana.com.mx\/oficial\/wp-json\/wp\/v2\/ppma_author?post=15079"}],"curies":[{"name":"wp","href":"https:\/\/api.w.org\/{rel}","templated":true}]}}