{"id":15078,"date":"2021-03-18T05:18:41","date_gmt":"2021-03-18T05:18:41","guid":{"rendered":"https:\/\/visionciudadana.com.mx\/prueba\/2021\/03\/18\/coepriss-se-reune-con-el-coordinador-del-operativo-correcaminos-para-estrategia-de-vacunacion-covid\/"},"modified":"2025-06-25T00:16:53","modified_gmt":"2025-06-25T00:16:53","slug":"coepriss-se-reune-con-el-coordinador-del-operativo-correcaminos-para-estrategia-de-vacunacion-covid","status":"publish","type":"post","link":"https:\/\/visionciudadana.com.mx\/oficial\/2021\/03\/18\/coepriss-se-reune-con-el-coordinador-del-operativo-correcaminos-para-estrategia-de-vacunacion-covid\/","title":{"rendered":"Coepriss se re\u00fane con el coordinador del Operativo Correcaminos para estrategia de vacunaci\u00f3n COVID"},"content":{"rendered":"<p class=\"x_MsoNormal\"><img fetchpriority=\"high\" decoding=\"async\" src=\"images\/Marzo21\/coepriss_se_reune.PNG\" alt=\"coepriss se reune\" width=\"390\" height=\"210\" style=\"display: block; margin-left: auto; margin-right: auto;\" \/><\/p>\n<p class=\"x_MsoNormal\" style=\"text-align: justify;\"><span style=\"font-size: 14pt; font-family: arial, helvetica, sans-serif;\">El comisionado sanitario Jorge Alan Urbina Vidales sostuvo reuni\u00f3n con el titular de la oficina de representaci\u00f3n del Instituto Mexicano de Seguro Social (IMSS) en Sinaloa, doctor Luis Rafael L\u00f3pez Oca\u00f1a, quien tambi\u00e9n es coordinador del \u201cOperativo Correcaminos\u201d, estrategia operativa de la Pol\u00edtica Nacional de vacunaci\u00f3n contra el virus SARS-CoV-2 para la prevenci\u00f3n del COVID-19 en Sinaloa.<\/span><\/p>\n<p style=\"text-align: justify;\">&nbsp;<\/p>\n<p class=\"x_MsoNormal\" style=\"text-align: justify;\"><span style=\"font-size: 14pt; font-family: arial, helvetica, sans-serif;\">El titular de la Comisi\u00f3n para la Protecci\u00f3n contra Riesgos Sanitarios de Sinaloa (Coepriss) explic\u00f3 que existe una estrecha coordinaci\u00f3n entre la federaci\u00f3n y Sinaloa en este proceso de inmunizaci\u00f3n contra el virus SARS-CoV-2 desde la instalaci\u00f3n del Consejo Estatal de Vacunaci\u00f3n (COEVA), mismo que coordina las \u201cBrigadas Correcaminos\u201d.<\/span><\/p>\n<p style=\"text-align: justify;\">&nbsp;<\/p>\n<p class=\"x_MsoNormal\" style=\"text-align: justify;\"><span style=\"font-size: 14pt; font-family: arial, helvetica, sans-serif;\">El comisionado Jorge Alan Urbina Vidales subray\u00f3 que Coepriss participa en esta coordinaci\u00f3n, de acuerdo a las directrices dictadas por la Comisi\u00f3n Federal para la Protecci\u00f3n contra Riesgos Sanitarios (COFEPRIS), en el operativo de vigilancia para garantizar la seguridad sanitaria en la aplicaci\u00f3n de la vacuna en Sinaloa contra el virus SARS-CoV-2, causante del COVID-19.<\/span><\/p>\n<p style=\"text-align: justify;\">&nbsp;<\/p>\n<p class=\"x_MsoNormal\" style=\"text-align: justify;\"><span style=\"font-size: 14pt; font-family: arial, helvetica, sans-serif;\">Sostuvo que las brigadas sanitarias trabajan arduamente en esta estrategia multisectorial cumpliendo las instrucciones del gobernador Quirino Ordaz Coppel y el secretario de salud Dr. Efr\u00e9n Encinas Torres para proteger el bienestar de la poblaci\u00f3n sinaloense.<\/span><\/p>\n<p style=\"text-align: justify;\">&nbsp;<\/p>\n<p class=\"x_MsoNormal\" style=\"text-align: justify;\"><span style=\"font-size: 14pt; font-family: arial, helvetica, sans-serif;\">Conforme al acuerdo publicado en el Diario Oficial de la Federaci\u00f3n, Luis Rafael L\u00f3pez Oca\u00f1a es el coordinador designado por el presidente de M\u00e9xico Andr\u00e9s Manuel L\u00f3pez Obrador para coordinar la estrategia de vacunaci\u00f3n contra el virus SARS-CoV-2 en la entidad en sinton\u00eda con la Secretar\u00eda de Salud de Sinaloa.<\/span><\/p>\n<p style=\"text-align: justify;\">&nbsp;<\/p>\n<p class=\"x_MsoNormal\" style=\"text-align: justify;\"><span style=\"font-size: 14pt; font-family: arial, helvetica, sans-serif;\">Precis\u00f3 que el \u201cOperativo Correcaminos\u201d es la estrategia multisectorial del Gobierno de M\u00e9xico para coordinar la vacunaci\u00f3n contra el virus SARS-CoV-2 y en Sinaloa es el Consejo Estatal de Vacunaci\u00f3n (COEVA) el \u00f3rgano que coordina las \u201cBrigadas Correcaminos\u201d.<\/span><\/p>\n<p style=\"text-align: justify;\">&nbsp;<\/p>\n<p class=\"x_MsoNormal\" style=\"text-align: justify;\"><span style=\"font-size: 14pt; font-family: arial, helvetica, sans-serif;\">\u201cSe trata de una acci\u00f3n extraordinaria en materia de salubridad general en la que coincidimos diversas instituciones para hacer posible la Pol\u00edtica Nacional de Vacunaci\u00f3n contra el virus SARS-CoV-2 para la prevenci\u00f3n de la COVID-19\u201d, apunt\u00f3.<\/span><\/p>\n<p style=\"text-align: justify;\">&nbsp;<\/p>\n<p class=\"x_MsoNormal\" style=\"text-align: justify;\"><span style=\"font-size: 14pt; font-family: arial, helvetica, sans-serif;\">Las brigadas especiales en el marco del \u201cOperativo Correcaminos\u201d tienen el prop\u00f3sito de lograr la cobertura de vacuna contra el virus SARS-CoV-2 de manera eficaz y efectiva de toda la poblaci\u00f3n mexicana mientras que el personal de Coepriss verifica que las condiciones garanticen la seguridad sanitaria y proteger de cualquier riesgo a la ciudadan\u00eda sinaloense.<\/span><\/p>\n<p style=\"text-align: justify;\">&nbsp;<\/p>\n<p style=\"text-align: justify;\">&nbsp;<\/p>\n<p style=\"text-align: justify;\"><span style=\"font-size: 14pt; font-family: arial, helvetica, sans-serif;\">REDACCI\u00d3N\/VISI\u00d3N CIUDADANA.<\/span><\/p>\n","protected":false},"excerpt":{"rendered":"<p>El comisionado sanitario Jorge Alan Urbina Vidales sostuvo reuni\u00f3n con el titular de la oficina de representaci\u00f3n del Instituto Mexicano de Seguro Social (IMSS) en Sinaloa, doctor Luis Rafael L\u00f3pez Oca\u00f1a, quien tambi\u00e9n es coordinador del \u201cOperativo Correcaminos\u201d, estrategia operativa de la Pol\u00edtica Nacional de vacunaci\u00f3n contra el virus SARS-CoV-2 para la prevenci\u00f3n del COVID-19 [&hellip;]<\/p>\n","protected":false},"author":1,"featured_media":6983,"comment_status":"closed","ping_status":"closed","sticky":false,"template":"","format":"standard","meta":{"footnotes":""},"categories":[24],"tags":[],"ppma_author":[31],"class_list":["post-15078","post","type-post","status-publish","format-standard","has-post-thumbnail","hentry","category-relevantes"],"aioseo_notices":[],"authors":[{"term_id":31,"user_id":1,"is_guest":0,"slug":"ivan3vino","display_name":"Iv\u00e1n Trevi\u00f1o","avatar_url":{"url":"https:\/\/visionciudadana.com.mx\/oficial\/wp-content\/uploads\/2025\/09\/columna-ivan-Trevino.png","url2x":"https:\/\/visionciudadana.com.mx\/oficial\/wp-content\/uploads\/2025\/09\/columna-ivan-Trevino.png"},"0":null,"1":"","2":"","3":"","4":"","5":"","6":"","7":"","8":""}],"_links":{"self":[{"href":"https:\/\/visionciudadana.com.mx\/oficial\/wp-json\/wp\/v2\/posts\/15078","targetHints":{"allow":["GET"]}}],"collection":[{"href":"https:\/\/visionciudadana.com.mx\/oficial\/wp-json\/wp\/v2\/posts"}],"about":[{"href":"https:\/\/visionciudadana.com.mx\/oficial\/wp-json\/wp\/v2\/types\/post"}],"author":[{"embeddable":true,"href":"https:\/\/visionciudadana.com.mx\/oficial\/wp-json\/wp\/v2\/users\/1"}],"replies":[{"embeddable":true,"href":"https:\/\/visionciudadana.com.mx\/oficial\/wp-json\/wp\/v2\/comments?post=15078"}],"version-history":[{"count":1,"href":"https:\/\/visionciudadana.com.mx\/oficial\/wp-json\/wp\/v2\/posts\/15078\/revisions"}],"predecessor-version":[{"id":31318,"href":"https:\/\/visionciudadana.com.mx\/oficial\/wp-json\/wp\/v2\/posts\/15078\/revisions\/31318"}],"wp:featuredmedia":[{"embeddable":true,"href":"https:\/\/visionciudadana.com.mx\/oficial\/wp-json\/wp\/v2\/posts\/6983"}],"wp:attachment":[{"href":"https:\/\/visionciudadana.com.mx\/oficial\/wp-json\/wp\/v2\/media?parent=15078"}],"wp:term":[{"taxonomy":"category","embeddable":true,"href":"https:\/\/visionciudadana.com.mx\/oficial\/wp-json\/wp\/v2\/categories?post=15078"},{"taxonomy":"post_tag","embeddable":true,"href":"https:\/\/visionciudadana.com.mx\/oficial\/wp-json\/wp\/v2\/tags?post=15078"},{"taxonomy":"author","embeddable":true,"href":"https:\/\/visionciudadana.com.mx\/oficial\/wp-json\/wp\/v2\/ppma_author?post=15078"}],"curies":[{"name":"wp","href":"https:\/\/api.w.org\/{rel}","templated":true}]}}