{"id":15077,"date":"2021-03-18T05:11:16","date_gmt":"2021-03-18T05:11:16","guid":{"rendered":"https:\/\/visionciudadana.com.mx\/prueba\/2021\/03\/18\/el-gobierno-federal-no-garantiza-el-estado-de-derecho-en-mexico-paola-garate\/"},"modified":"2025-06-25T00:16:53","modified_gmt":"2025-06-25T00:16:53","slug":"el-gobierno-federal-no-garantiza-el-estado-de-derecho-en-mexico-paola-garate","status":"publish","type":"post","link":"https:\/\/visionciudadana.com.mx\/oficial\/2021\/03\/18\/el-gobierno-federal-no-garantiza-el-estado-de-derecho-en-mexico-paola-garate\/","title":{"rendered":"El gobierno Federal no garantiza el estado de Derecho en M\u00e9xico: Paola G\u00e1rate"},"content":{"rendered":"<p style=\"text-align: justify;\"><img fetchpriority=\"high\" decoding=\"async\" src=\"images\/Marzo21\/pao_garates.PNG\" alt=\"pao garates\" width=\"349\" height=\"193\" style=\"display: block; margin-left: auto; margin-right: auto;\" \/><\/p>\n<p class=\"x_MsoNormal\" style=\"text-align: justify;\"><span lang=\"ES-MX\" style=\"font-size: 14pt; font-family: arial, helvetica, sans-serif;\">Hace unos d\u00edas, el presidente atac\u00f3 al Poder Judicial y amenaz\u00f3 a algunos jueces por otorgar amparos a empresas perjudicadas por la nueva ley de la industria el\u00e9ctrica, a\u00fan y cuando los cambios a la ley rompen con los acuerdos establecidos en el Tratado M\u00e9xico, Estados Unidos y Canad\u00e1 mejor conocido como T-MEC.<\/span><\/p>\n<p class=\"x_MsoNormal\" style=\"text-align: justify;\"><span lang=\"ES-MX\" style=\"font-size: 14pt; font-family: arial, helvetica, sans-serif;\"><\/span><\/p>\n<p class=\"x_MsoNormal\" style=\"text-align: justify;\"><span lang=\"ES-MX\" style=\"font-size: 14pt; font-family: arial, helvetica, sans-serif;\">Al respeto, Paola G\u00e1rate declar\u00f3 que una condici\u00f3n esencial para que se experimente un desarrollo econ\u00f3mico constante es que exista un respeto \u00edntegro al estado de derecho, la mayor asignatura pendiente en t\u00e9rminos jur\u00eddicos en nuestro pa\u00eds. \u201cEl presidente ha roto acuerdos internacionales y, desafortunadamente, no genera certeza jur\u00eddica\u201d a\u00f1adi\u00f3.<\/span><\/p>\n<p class=\"x_MsoNormal\" style=\"text-align: justify;\"><span lang=\"ES-MX\" style=\"font-size: 14pt; font-family: arial, helvetica, sans-serif;\"><\/span><\/p>\n<p class=\"x_MsoNormal\" style=\"text-align: justify;\"><span lang=\"ES-MX\" style=\"font-size: 14pt; font-family: arial, helvetica, sans-serif;\">Finalmente, G\u00e1rate Valenzuela lament\u00f3 que en pleno 2021 no se respete la separaci\u00f3n de poderes y la independencia judicial. \u201cEste ambiente tan col\u00e9rico entre AMLO y los jueces lo \u00fanico que genera es la p\u00e9rdida de confianza en nuestro pa\u00eds y, por lo tanto, ahuyenta las inversiones\u201d.<\/span><\/p>\n<p style=\"text-align: justify;\">&nbsp;<\/p>\n<p style=\"text-align: justify;\"><span style=\"font-size: 14pt; font-family: arial, helvetica, sans-serif;\">REDACCI\u00d3N\/VISI\u00d3N CIUDADANA.<\/span><\/p>\n","protected":false},"excerpt":{"rendered":"<p>Hace unos d\u00edas, el presidente atac\u00f3 al Poder Judicial y amenaz\u00f3 a algunos jueces por otorgar amparos a empresas perjudicadas por la nueva ley de la industria el\u00e9ctrica, a\u00fan y cuando los cambios a la ley rompen con los acuerdos establecidos en el Tratado M\u00e9xico, Estados Unidos y Canad\u00e1 mejor conocido como T-MEC. Al respeto, [&hellip;]<\/p>\n","protected":false},"author":1,"featured_media":6981,"comment_status":"closed","ping_status":"closed","sticky":false,"template":"","format":"standard","meta":{"footnotes":""},"categories":[24],"tags":[],"ppma_author":[31],"class_list":["post-15077","post","type-post","status-publish","format-standard","has-post-thumbnail","hentry","category-relevantes"],"aioseo_notices":[],"authors":[{"term_id":31,"user_id":1,"is_guest":0,"slug":"ivan3vino","display_name":"Iv\u00e1n Trevi\u00f1o","avatar_url":{"url":"https:\/\/visionciudadana.com.mx\/oficial\/wp-content\/uploads\/2025\/09\/columna-ivan-Trevino.png","url2x":"https:\/\/visionciudadana.com.mx\/oficial\/wp-content\/uploads\/2025\/09\/columna-ivan-Trevino.png"},"0":null,"1":"","2":"","3":"","4":"","5":"","6":"","7":"","8":""}],"_links":{"self":[{"href":"https:\/\/visionciudadana.com.mx\/oficial\/wp-json\/wp\/v2\/posts\/15077","targetHints":{"allow":["GET"]}}],"collection":[{"href":"https:\/\/visionciudadana.com.mx\/oficial\/wp-json\/wp\/v2\/posts"}],"about":[{"href":"https:\/\/visionciudadana.com.mx\/oficial\/wp-json\/wp\/v2\/types\/post"}],"author":[{"embeddable":true,"href":"https:\/\/visionciudadana.com.mx\/oficial\/wp-json\/wp\/v2\/users\/1"}],"replies":[{"embeddable":true,"href":"https:\/\/visionciudadana.com.mx\/oficial\/wp-json\/wp\/v2\/comments?post=15077"}],"version-history":[{"count":1,"href":"https:\/\/visionciudadana.com.mx\/oficial\/wp-json\/wp\/v2\/posts\/15077\/revisions"}],"predecessor-version":[{"id":31319,"href":"https:\/\/visionciudadana.com.mx\/oficial\/wp-json\/wp\/v2\/posts\/15077\/revisions\/31319"}],"wp:featuredmedia":[{"embeddable":true,"href":"https:\/\/visionciudadana.com.mx\/oficial\/wp-json\/wp\/v2\/posts\/6981"}],"wp:attachment":[{"href":"https:\/\/visionciudadana.com.mx\/oficial\/wp-json\/wp\/v2\/media?parent=15077"}],"wp:term":[{"taxonomy":"category","embeddable":true,"href":"https:\/\/visionciudadana.com.mx\/oficial\/wp-json\/wp\/v2\/categories?post=15077"},{"taxonomy":"post_tag","embeddable":true,"href":"https:\/\/visionciudadana.com.mx\/oficial\/wp-json\/wp\/v2\/tags?post=15077"},{"taxonomy":"author","embeddable":true,"href":"https:\/\/visionciudadana.com.mx\/oficial\/wp-json\/wp\/v2\/ppma_author?post=15077"}],"curies":[{"name":"wp","href":"https:\/\/api.w.org\/{rel}","templated":true}]}}