{"id":15076,"date":"2021-03-18T05:03:26","date_gmt":"2021-03-18T05:03:26","guid":{"rendered":"https:\/\/visionciudadana.com.mx\/prueba\/2021\/03\/18\/con-afluencia-limitada-se-abriran-espacios-de-recreo-en-salvador-alvarado\/"},"modified":"2025-06-25T00:16:53","modified_gmt":"2025-06-25T00:16:53","slug":"con-afluencia-limitada-se-abriran-espacios-de-recreo-en-salvador-alvarado","status":"publish","type":"post","link":"https:\/\/visionciudadana.com.mx\/oficial\/2021\/03\/18\/con-afluencia-limitada-se-abriran-espacios-de-recreo-en-salvador-alvarado\/","title":{"rendered":"Con afluencia limitada se abrir\u00e1n espacios de recreo en Salvador Alvarado"},"content":{"rendered":"<p><img fetchpriority=\"high\" decoding=\"async\" src=\"images\/Marzo21\/salvador_a.PNG\" alt=\"salvador a\" width=\"367\" height=\"215\" style=\"display: block; margin-left: auto; margin-right: auto;\" \/><\/p>\n<p class=\"x_MsoNormal\" style=\"text-align: justify;\"><span style=\"font-size: 14pt; font-family: arial, helvetica, sans-serif;\"> Las autoridades municipales de Salvador Alvarado, encabezadas por las presidenta Pier Angely Camacho de Ortiz, sostuvieron una reuni\u00f3n este mi\u00e9rcoles, donde se determinaron las acciones que se estar\u00e1n implementando en los d\u00edas de Semana Santa.<\/span><\/p>\n<p style=\"text-align: justify;\">&nbsp;<\/p>\n<p class=\"x_MsoNormal\" style=\"text-align: justify;\"><span style=\"font-size: 14pt; font-family: arial, helvetica, sans-serif;\">El director de Gesti\u00f3n Integral de Riesgos y Protecci\u00f3n Civil, Luis Alberto Gast\u00e9lum Camacho, dio a conocer que se permitir\u00e1 la apertura de parques y balnearios, en aquellos donde se pueda tener un control en los accesos, ya que se tendr\u00e1 restringida la afluencia de visitantes.<\/span><\/p>\n<p style=\"text-align: justify;\">&nbsp;<\/p>\n<p class=\"x_MsoNormal\" style=\"text-align: justify;\"><span style=\"font-size: 14pt; font-family: arial, helvetica, sans-serif;\">En el caso del parque mirador de la presa Eustaquio Buelna, se estar\u00e1n haciendo recorridos de supervisi\u00f3n junto con Seguridad P\u00fablica, para persuadir a la ciudadan\u00eda a seguir los protocolos de salud, ya que el tema de la pandemia del Covid-19, obliga a mantener las medidas de seguridad.<\/span><\/p>\n<p style=\"text-align: justify;\">&nbsp;<\/p>\n<p class=\"x_MsoNormal\" style=\"text-align: justify;\"><span style=\"font-size: 14pt; font-family: arial, helvetica, sans-serif;\">Gast\u00e9lum Camacho detall\u00f3 que el \u00e1rea recreativa de Los Mezquites permanecer\u00e1 cerrada, ya que por las condiciones del espacio es muy complicado mantener un control de la afluencia de personas, y precis\u00f3 que tambi\u00e9n acordaron suspender las actividades de Semana Santa que los habitantes acostumbran realizar en la comunidad de La Ci\u00e9nega de Casal, como son las coleadas y una fiesta tradicional.<\/span><\/p>\n<p style=\"text-align: justify;\">&nbsp;<\/p>\n<p class=\"x_MsoNormal\" style=\"text-align: justify;\"><span style=\"font-size: 14pt; font-family: arial, helvetica, sans-serif;\">El funcionario municipal agreg\u00f3 que en esta reuni\u00f3n tambi\u00e9n decidieron que se emitir\u00e1n las recomendaciones para los vacacionistas, sobre todo que en los espacios p\u00fablicos eviten interactuar con personas que no son de su c\u00edrculo familiar cercano, que mantengan la sana distancia y todas las medidas de salud.<\/span><\/p>\n<p style=\"text-align: justify;\">&nbsp;<\/p>\n<p class=\"x_MsoNormal\" style=\"text-align: justify;\"><span style=\"font-size: 14pt; font-family: arial, helvetica, sans-serif;\">Reiter\u00f3 que estar\u00e1n atentos, junto con las otras dependencias, como Bomberos, Cruz Roja y Seguridad P\u00fablica, por lo que pidi\u00f3 a los vacacionistas acatar las medidas que se establezcan en los espacios de recreo, principalmente en la playa de Bella Vista, donde la mayor\u00eda de los que acuden son personas de este municipio.<\/span><\/p>\n<p style=\"text-align: justify;\">&nbsp;<\/p>\n<p style=\"text-align: justify;\"><span style=\"font-size: 14pt; font-family: arial, helvetica, sans-serif;\">REDACCI\u00d3N\/VISI\u00d3N CIUDADANA.<\/span><\/p>\n","protected":false},"excerpt":{"rendered":"<p>Las autoridades municipales de Salvador Alvarado, encabezadas por las presidenta Pier Angely Camacho de Ortiz, sostuvieron una reuni\u00f3n este mi\u00e9rcoles, donde se determinaron las acciones que se estar\u00e1n implementando en los d\u00edas de Semana Santa. &nbsp; El director de Gesti\u00f3n Integral de Riesgos y Protecci\u00f3n Civil, Luis Alberto Gast\u00e9lum Camacho, dio a conocer que se [&hellip;]<\/p>\n","protected":false},"author":1,"featured_media":6979,"comment_status":"closed","ping_status":"closed","sticky":false,"template":"","format":"standard","meta":{"footnotes":""},"categories":[24],"tags":[],"ppma_author":[31],"class_list":["post-15076","post","type-post","status-publish","format-standard","has-post-thumbnail","hentry","category-relevantes"],"aioseo_notices":[],"authors":[{"term_id":31,"user_id":1,"is_guest":0,"slug":"ivan3vino","display_name":"Iv\u00e1n Trevi\u00f1o","avatar_url":{"url":"https:\/\/visionciudadana.com.mx\/oficial\/wp-content\/uploads\/2025\/09\/columna-ivan-Trevino.png","url2x":"https:\/\/visionciudadana.com.mx\/oficial\/wp-content\/uploads\/2025\/09\/columna-ivan-Trevino.png"},"0":null,"1":"","2":"","3":"","4":"","5":"","6":"","7":"","8":""}],"_links":{"self":[{"href":"https:\/\/visionciudadana.com.mx\/oficial\/wp-json\/wp\/v2\/posts\/15076","targetHints":{"allow":["GET"]}}],"collection":[{"href":"https:\/\/visionciudadana.com.mx\/oficial\/wp-json\/wp\/v2\/posts"}],"about":[{"href":"https:\/\/visionciudadana.com.mx\/oficial\/wp-json\/wp\/v2\/types\/post"}],"author":[{"embeddable":true,"href":"https:\/\/visionciudadana.com.mx\/oficial\/wp-json\/wp\/v2\/users\/1"}],"replies":[{"embeddable":true,"href":"https:\/\/visionciudadana.com.mx\/oficial\/wp-json\/wp\/v2\/comments?post=15076"}],"version-history":[{"count":1,"href":"https:\/\/visionciudadana.com.mx\/oficial\/wp-json\/wp\/v2\/posts\/15076\/revisions"}],"predecessor-version":[{"id":31320,"href":"https:\/\/visionciudadana.com.mx\/oficial\/wp-json\/wp\/v2\/posts\/15076\/revisions\/31320"}],"wp:featuredmedia":[{"embeddable":true,"href":"https:\/\/visionciudadana.com.mx\/oficial\/wp-json\/wp\/v2\/posts\/6979"}],"wp:attachment":[{"href":"https:\/\/visionciudadana.com.mx\/oficial\/wp-json\/wp\/v2\/media?parent=15076"}],"wp:term":[{"taxonomy":"category","embeddable":true,"href":"https:\/\/visionciudadana.com.mx\/oficial\/wp-json\/wp\/v2\/categories?post=15076"},{"taxonomy":"post_tag","embeddable":true,"href":"https:\/\/visionciudadana.com.mx\/oficial\/wp-json\/wp\/v2\/tags?post=15076"},{"taxonomy":"author","embeddable":true,"href":"https:\/\/visionciudadana.com.mx\/oficial\/wp-json\/wp\/v2\/ppma_author?post=15076"}],"curies":[{"name":"wp","href":"https:\/\/api.w.org\/{rel}","templated":true}]}}