{"id":15075,"date":"2021-03-18T04:54:02","date_gmt":"2021-03-18T04:54:02","guid":{"rendered":"https:\/\/visionciudadana.com.mx\/prueba\/2021\/03\/18\/arriban-a-la-uas-17-mil-550-vacunas-contra-covid-para-continuar-con-inmunizacion-de-adultos-mayores\/"},"modified":"2025-06-25T00:16:54","modified_gmt":"2025-06-25T00:16:54","slug":"arriban-a-la-uas-17-mil-550-vacunas-contra-covid-para-continuar-con-inmunizacion-de-adultos-mayores","status":"publish","type":"post","link":"https:\/\/visionciudadana.com.mx\/oficial\/2021\/03\/18\/arriban-a-la-uas-17-mil-550-vacunas-contra-covid-para-continuar-con-inmunizacion-de-adultos-mayores\/","title":{"rendered":"Arriban a la UAS 17 mil 550 vacunas contra COVID para continuar con inmunizaci\u00f3n de adultos mayores"},"content":{"rendered":"<p><img fetchpriority=\"high\" decoding=\"async\" src=\"images\/Marzo21\/arriban_a_la_uas.PNG\" alt=\"arriban a la uas\" width=\"405\" height=\"237\" style=\"display: block; margin-left: auto; margin-right: auto;\" \/><\/p>\n<p class=\"x_MsoNormal\" style=\"text-align: justify;\"><span style=\"font-size: 14pt; font-family: arial, helvetica, sans-serif;\"><br \/>Un nuevo paquete de 17 mil 550 vacunas del laboratorio Pfizer contra el COVID-19 que ser\u00e1n destinadas a inmunizar a los adultos mayores de 60 a\u00f1os en la zona rural de Ahome y en los municipios de Sinaloa y El Fuerte, arribaron esta ma\u00f1ana a la Universidad Aut\u00f3noma de Sinaloa (UAS) para su resguardo en los refrigeradores de ultracongelaci\u00f3n de la Facultad de Ciencias Qu\u00edmico Biol\u00f3gicas en el transcurso de este fin de semana.<\/span><\/p>\n<p style=\"text-align: justify;\">&nbsp;<\/p>\n<p class=\"x_MsoNormal\" style=\"text-align: justify;\"><span style=\"font-size: 14pt; font-family: arial, helvetica, sans-serif;\">El doctor Gerardo Alapizco Castro, secretario general de la Universidad explic\u00f3 que, a pesar de que ya se est\u00e1 llegando a las 100 mil dosis recibidas, esta casa de estudios cuenta con capacidad para hospedar hasta un mill\u00f3n de dosis en los 30 refrigeradores de ultracongelaci\u00f3n que el Rector, doctor Juan Eulogio Guerra Liera puso a disposici\u00f3n del Gobierno Federal para garantizar la conservaci\u00f3n del biol\u00f3gico que ser\u00e1 distribuido en el norte del pa\u00eds.<\/span><\/p>\n<p style=\"text-align: justify;\">&nbsp;<\/p>\n<p class=\"x_MsoNormal\" style=\"text-align: justify;\"><span style=\"font-size: 14pt; font-family: arial, helvetica, sans-serif;\">La Universidad, adem\u00e1s de poner a disposici\u00f3n sus refrigeradores de ultracongelaci\u00f3n, tambi\u00e9n tiene ya registrados m\u00e1s 3 mil brigadistas que est\u00e1n participando en las labores de vacunaci\u00f3n que se llevan a cabo a lo largo y ancho del estado.<\/span><\/p>\n<p style=\"text-align: justify;\">&nbsp;<\/p>\n<p class=\"x_MsoNormal\" style=\"text-align: justify;\"><span style=\"font-size: 14pt; font-family: arial, helvetica, sans-serif;\">Jos\u00e9 Jaime Montes Salas, delegado de los Programas para el Desarrollo del Gobierno Federal en el estado de Sinaloa detall\u00f3 que son 17 mil 550 las dosis que est\u00e1n arribando en este nuevo paquete y que este jueves llegar\u00e1n los insumos necesarios para proceder a trasladarlas al norte del Estado.<\/span><\/p>\n<p style=\"text-align: justify;\">&nbsp;<\/p>\n<p class=\"x_MsoNormal\" style=\"text-align: justify;\"><span style=\"font-size: 14pt; font-family: arial, helvetica, sans-serif;\">\u201cLe pedimos a la poblaci\u00f3n que tenga paciencia ya que es cuesti\u00f3n de d\u00edas para que les toque su turno en los centros de vacunaci\u00f3n que ya tienen ubicados en los distintos centros de poblaci\u00f3n\u201d, expres\u00f3<\/span><\/p>\n<p style=\"text-align: justify;\">&nbsp;<\/p>\n<p class=\"x_MsoNormal\" style=\"text-align: justify;\"><span style=\"font-size: 14pt; font-family: arial, helvetica, sans-serif;\">Por su parte, el doctor Luis Rafael L\u00f3pez Oca\u00f1a, delegado del Instituto Mexicano del Seguro Social (IMSS) en Sinaloa y coordinador del Comando COVID-19 dijo que se estima que la poblaci\u00f3n de adultos mayores de los municipios de Sinaloa de Leyva, Ahome y El Fuerte quedar\u00e1 inmunizada en el transcurso de este fin de semana.<\/span><\/p>\n<p style=\"text-align: justify;\">&nbsp;<\/p>\n<p class=\"x_MsoNormal\" style=\"text-align: justify;\"><span style=\"font-size: 14pt; font-family: arial, helvetica, sans-serif;\">Anticip\u00f3 que de acuerdo con declaraciones de autoridades federales se espera la llegada de fuertes cantidades de vacunas en los pr\u00f3ximos d\u00edas para continuar con la inmunizaci\u00f3n de los adultos mayores de las principales ciudades de la entidad, as\u00ed como tambi\u00e9n con los maestros y personal de salud que a\u00fan est\u00e1 pendiente de vacunar.<\/span><\/p>\n<p style=\"text-align: justify;\">&nbsp;<\/p>\n<p class=\"x_MsoNormal\" style=\"text-align: justify;\"><span style=\"font-size: 14pt; font-family: arial, helvetica, sans-serif;\">El coordinador del Comando COVID-19 en Sinaloa reconoci\u00f3 la disposici\u00f3n mostrada por la Universidad Aut\u00f3noma de Sinaloa para prestar sus laboratorios de ultracongelaci\u00f3n y sumarse al Plan Nacional de Vacunaci\u00f3n con los m\u00e1s de 3 mil brigadistas en todo el Estado.<\/span><\/p>\n<p style=\"text-align: justify;\">&nbsp;<\/p>\n<p style=\"text-align: justify;\"><span style=\"font-size: 14pt; font-family: arial, helvetica, sans-serif;\">REDACCI\u00d3N\/VISI\u00d3N CIUDADANA.<\/span><\/p>\n","protected":false},"excerpt":{"rendered":"<p>Un nuevo paquete de 17 mil 550 vacunas del laboratorio Pfizer contra el COVID-19 que ser\u00e1n destinadas a inmunizar a los adultos mayores de 60 a\u00f1os en la zona rural de Ahome y en los municipios de Sinaloa y El Fuerte, arribaron esta ma\u00f1ana a la Universidad Aut\u00f3noma de Sinaloa (UAS) para su resguardo en [&hellip;]<\/p>\n","protected":false},"author":1,"featured_media":6977,"comment_status":"closed","ping_status":"closed","sticky":false,"template":"","format":"standard","meta":{"footnotes":""},"categories":[24],"tags":[],"ppma_author":[31],"class_list":["post-15075","post","type-post","status-publish","format-standard","has-post-thumbnail","hentry","category-relevantes"],"aioseo_notices":[],"authors":[{"term_id":31,"user_id":1,"is_guest":0,"slug":"ivan3vino","display_name":"Iv\u00e1n Trevi\u00f1o","avatar_url":{"url":"https:\/\/visionciudadana.com.mx\/oficial\/wp-content\/uploads\/2025\/09\/columna-ivan-Trevino.png","url2x":"https:\/\/visionciudadana.com.mx\/oficial\/wp-content\/uploads\/2025\/09\/columna-ivan-Trevino.png"},"0":null,"1":"","2":"","3":"","4":"","5":"","6":"","7":"","8":""}],"_links":{"self":[{"href":"https:\/\/visionciudadana.com.mx\/oficial\/wp-json\/wp\/v2\/posts\/15075","targetHints":{"allow":["GET"]}}],"collection":[{"href":"https:\/\/visionciudadana.com.mx\/oficial\/wp-json\/wp\/v2\/posts"}],"about":[{"href":"https:\/\/visionciudadana.com.mx\/oficial\/wp-json\/wp\/v2\/types\/post"}],"author":[{"embeddable":true,"href":"https:\/\/visionciudadana.com.mx\/oficial\/wp-json\/wp\/v2\/users\/1"}],"replies":[{"embeddable":true,"href":"https:\/\/visionciudadana.com.mx\/oficial\/wp-json\/wp\/v2\/comments?post=15075"}],"version-history":[{"count":1,"href":"https:\/\/visionciudadana.com.mx\/oficial\/wp-json\/wp\/v2\/posts\/15075\/revisions"}],"predecessor-version":[{"id":31321,"href":"https:\/\/visionciudadana.com.mx\/oficial\/wp-json\/wp\/v2\/posts\/15075\/revisions\/31321"}],"wp:featuredmedia":[{"embeddable":true,"href":"https:\/\/visionciudadana.com.mx\/oficial\/wp-json\/wp\/v2\/posts\/6977"}],"wp:attachment":[{"href":"https:\/\/visionciudadana.com.mx\/oficial\/wp-json\/wp\/v2\/media?parent=15075"}],"wp:term":[{"taxonomy":"category","embeddable":true,"href":"https:\/\/visionciudadana.com.mx\/oficial\/wp-json\/wp\/v2\/categories?post=15075"},{"taxonomy":"post_tag","embeddable":true,"href":"https:\/\/visionciudadana.com.mx\/oficial\/wp-json\/wp\/v2\/tags?post=15075"},{"taxonomy":"author","embeddable":true,"href":"https:\/\/visionciudadana.com.mx\/oficial\/wp-json\/wp\/v2\/ppma_author?post=15075"}],"curies":[{"name":"wp","href":"https:\/\/api.w.org\/{rel}","templated":true}]}}