{"id":15074,"date":"2021-03-18T04:48:19","date_gmt":"2021-03-18T04:48:19","guid":{"rendered":"https:\/\/visionciudadana.com.mx\/prueba\/2021\/03\/18\/abre-uas-padron-para-registrar-a-trabajadores-que-deseen-recibir-vacuna-contra-covid\/"},"modified":"2025-06-25T00:16:54","modified_gmt":"2025-06-25T00:16:54","slug":"abre-uas-padron-para-registrar-a-trabajadores-que-deseen-recibir-vacuna-contra-covid","status":"publish","type":"post","link":"https:\/\/visionciudadana.com.mx\/oficial\/2021\/03\/18\/abre-uas-padron-para-registrar-a-trabajadores-que-deseen-recibir-vacuna-contra-covid\/","title":{"rendered":"Abre UAS padr\u00f3n para registrar a trabajadores que deseen recibir vacuna contra COVID"},"content":{"rendered":"<p><img fetchpriority=\"high\" decoding=\"async\" src=\"images\/Marzo21\/abre_padr\u00f3n.PNG\" alt=\"abre padr\u00f3n\" width=\"293\" height=\"188\" style=\"display: block; margin-left: auto; margin-right: auto;\" \/><\/p>\n<p class=\"x_MsoNormal\" style=\"text-align: justify;\" align=\"right\"><span style=\"font-size: 14pt; font-family: arial, helvetica, sans-serif;\">En coordinaci\u00f3n con el Gobierno Federal, a trav\u00e9s de la Subsecretar\u00eda de Educaci\u00f3n Superior y la ANUIES, la&nbsp;Universidad Aut\u00f3noma de Sinaloa (UAS) abri\u00f3 este d\u00eda un padr\u00f3n en su portal de empleado para registrar a todos los trabajadores universitarios acad\u00e9micos y administrativos, tanto activos como jubilados, que deseen recibir de manera voluntaria la vacuna contra el COVID-19, con la finalidad de contar con el n\u00famero de dosis que requiera la instituci\u00f3n cuando el Gobierno Federal env\u00ede las vacunas al sector educativo de la entidad.<\/span><\/p>\n<p style=\"text-align: justify;\">&nbsp;<\/p>\n<p class=\"x_MsoNormal\" style=\"text-align: justify;\"><span style=\"font-size: 14pt; font-family: arial, helvetica, sans-serif;\">El Rector, doctor Juan Eulogio Guerra Liera, inform\u00f3 desde el Sal\u00f3n de Protocolos de Rector\u00eda, a trav\u00e9s de una transmisi\u00f3n especial por Radio UAS, que todo aquel universitario que desee ser vacunado debe ingresar a la p\u00e1gina institucional&nbsp;<a href=\"http:\/\/www.siia.uasnet.mx\/empleado\" target=\"_blank\" rel=\"noopener noreferrer\" data-auth=\"NotApplicable\">siia.uasnet.mx\/empleado<\/a>&nbsp;&nbsp;en donde llenar\u00e1 un formato con datos personales como nombre completo, CURP, fecha de nacimiento, n\u00famero de celular, correo electr\u00f3nico, centro de trabajo, y domicilio particular.<\/span><\/p>\n<p style=\"text-align: justify;\">&nbsp;<\/p>\n<p class=\"x_MsoNormal\" style=\"text-align: justify;\"><span style=\"font-size: 14pt; font-family: arial, helvetica, sans-serif;\">\u201cEn coordinaci\u00f3n con el Gobierno Federal, en este caso con la Subsecretar\u00eda de Educaci\u00f3n Superior, con el doctor Luciano Concheiro B\u00f3rquez y Carmen Rodr\u00edguez de la DGESU y con el l\u00edder de la ANUIES, maestro Jaime Valls hemos estado en estrecha coordinaci\u00f3n y ha surgido una iniciativa de parte de Luciano Concheiro y se nos ha pedido del Gobierno Federal y de ANUIES la informaci\u00f3n: abrir, tener una plataforma o centro de informaci\u00f3n estad\u00edstica individualizada para integrar ese padr\u00f3n y el d\u00eda de hoy estamos dando a conocer que se abre un padr\u00f3n, es un registro al padr\u00f3n de vacunaci\u00f3n del personal universitario, esto en coordinaci\u00f3n con el Gobierno Federal, la Subsecretar\u00eda de Educaci\u00f3n Superior y la ANUIES\u201d, detall\u00f3 Guerra Liera.<\/span><\/p>\n<p style=\"text-align: justify;\">&nbsp;<\/p>\n<p class=\"x_MsoNormal\" style=\"text-align: justify;\"><span style=\"font-size: 14pt; font-family: arial, helvetica, sans-serif;\">\u201cEsto es exclusivo para la UAS para que el trabajador se registre en este padr\u00f3n para que en el momento en que lleguen las vacunas lo tengamos terminado y que la mayor\u00eda de manera voluntaria haya accedido a inscribirse en \u00e9l, tiene que ser una decisi\u00f3n del empleado\u201d, dijo.<\/span><\/p>\n<p style=\"text-align: justify;\">&nbsp;<\/p>\n<p class=\"x_MsoNormal\" style=\"text-align: justify;\"><span style=\"font-size: 14pt; font-family: arial, helvetica, sans-serif;\">Explic\u00f3 que hay universitarios que, por su edad y domicilio, o por su actividad (m\u00e9dicos, enfermeras, etc.) ya fueron vacunados, estos no deber\u00e1n registrarse.<\/span><\/p>\n<p style=\"text-align: justify;\">&nbsp;<\/p>\n<p class=\"x_MsoNormal\" style=\"text-align: justify;\"><span style=\"font-size: 14pt; font-family: arial, helvetica, sans-serif;\">Guerra Liera se\u00f1al\u00f3 que las universidades p\u00fablicas en el pa\u00eds coinciden en que para concretarse el regreso a clases de manera presencial se debe cumplir con las tres \u201cV\u201d: que sea voluntario, que el sem\u00e1foro est\u00e9 en verde y que todo el personal universitario, docente, administrativo y jubilado, est\u00e9 vacunado.<\/span><\/p>\n<p style=\"text-align: justify;\">&nbsp;<\/p>\n<p class=\"x_MsoNormal\" style=\"text-align: justify;\"><span style=\"font-size: 14pt; font-family: arial, helvetica, sans-serif;\">\u201cHay el planteamiento del Presidente de vacunar a los docentes (&#8230;) nosotros&nbsp;recibimos con benepl\u00e1cito&nbsp;esa posibilidad de&nbsp;que el personal&nbsp;universitario&nbsp;sea vacunado&nbsp;y que este sea uno de los pasos a cumplir para regresar a la clase presencial\u201d, expres\u00f3.<\/span><\/p>\n<p style=\"text-align: justify;\">&nbsp;<\/p>\n<p class=\"x_MsoNormal\" style=\"text-align: justify;\"><span style=\"font-size: 14pt; font-family: arial, helvetica, sans-serif;\">El Rector enfatiz\u00f3 que el portal se abri\u00f3 este d\u00eda, permanecer\u00e1 abierto las 24 horas para que se puedan hacer los registros y se cerrar\u00e1 el pr\u00f3ximo d\u00eda lunes 22 para hacer un balance y ver la respuesta que se tenga de parte de los trabajadores.<\/span><\/p>\n<p style=\"text-align: justify;\">&nbsp;<\/p>\n<p class=\"x_MsoNormal\" style=\"text-align: justify;\"><span style=\"font-size: 14pt; font-family: arial, helvetica, sans-serif;\">\u201cEl llamado es que de manera voluntaria y quien est\u00e9 en disposici\u00f3n de ser vacunado, que sean empleados de la Universidad Aut\u00f3noma de Sinaloa, acad\u00e9micos, administrativos, en el estatus activos o jubilados puedan registrase en ese padr\u00f3n y que lo tengamos lo m\u00e1s pronto posible terminado para entregarlo a ANUIES y al Gobierno Federal para que tengan contempladas las dosis que se requieran para los trabajadores de la UAS\u201d, indic\u00f3.<\/span><\/p>\n<p style=\"text-align: justify;\">&nbsp;<\/p>\n<p class=\"x_MsoNormal\" style=\"text-align: justify;\"><span style=\"font-size: 14pt; font-family: arial, helvetica, sans-serif;\">El Rector agreg\u00f3 que la instancia responsable al interior de la Universidad de este padr\u00f3n es el Comit\u00e9 de Salud y aclar\u00f3 que la instituci\u00f3n no administra las vacunas ni la secuencia en que se deben aplicar, ni define a qu\u00e9 sector de la poblaci\u00f3n y dio su punto de vista sobre el posible regreso a clases de manera presencial.<\/span><\/p>\n<p style=\"text-align: justify;\">&nbsp;<\/p>\n<p class=\"x_MsoNormal\" style=\"text-align: justify;\"><span style=\"font-size: 14pt; font-family: arial, helvetica, sans-serif;\">\u201cLa posici\u00f3n es: no vamos a regresar de manera presencial si hay, aunque sea peque\u00f1a, una posibilidad de contagio que da\u00f1e a alguno de nuestros compa\u00f1eros universitarios; \u00bfcu\u00e1l es la condici\u00f3n ideal? Yo por eso manejaba las tres V, que sea sem\u00e1foro verde (\u2026) que sea voluntario y que est\u00e9s vacunado\u201d, opin\u00f3.<\/span><\/p>\n<p style=\"text-align: justify;\">&nbsp;<\/p>\n<p class=\"x_MsoNormal\" style=\"text-align: justify;\"><span style=\"font-size: 14pt; font-family: arial, helvetica, sans-serif;\">A\u00f1adi\u00f3 que es necesario asumir con mucha responsabilidad el periodo vacacional de Semana Santa ya que con las playas abiertas se puede asumir una actitud temeraria, se puede pensar que por estar una parte de la poblaci\u00f3n vacunada el riesgo de contagio disminuy\u00f3. &nbsp;<\/span><\/p>\n<p style=\"text-align: justify;\">&nbsp;<\/p>\n<p class=\"x_MsoNormal\" style=\"text-align: justify;\"><span style=\"font-size: 14pt; font-family: arial, helvetica, sans-serif;\">\u201cEl llamado es a que controlemos nuestras emociones, el enfado, el hast\u00edo, la molestia, hay que imponer el sentido racional, la cordura de decir aglutinarme en centros de recreaci\u00f3n en vacaciones de Semana Santa (\u2026) donde circula mucha gente que no trae cubrebocas y la sana distancia con el ansia de salir disminuye esa precauci\u00f3n\u201d, advirti\u00f3.<\/span><\/p>\n<p style=\"text-align: justify;\">&nbsp;<\/p>\n<p style=\"text-align: justify;\">&nbsp;<\/p>\n<p style=\"text-align: justify;\"><span style=\"font-size: 14pt; font-family: arial, helvetica, sans-serif;\">REDACCI\u00d3N\/VISI\u00d3N CIUDADANA.<\/span><\/p>\n","protected":false},"excerpt":{"rendered":"<p>En coordinaci\u00f3n con el Gobierno Federal, a trav\u00e9s de la Subsecretar\u00eda de Educaci\u00f3n Superior y la ANUIES, la&nbsp;Universidad Aut\u00f3noma de Sinaloa (UAS) abri\u00f3 este d\u00eda un padr\u00f3n en su portal de empleado para registrar a todos los trabajadores universitarios acad\u00e9micos y administrativos, tanto activos como jubilados, que deseen recibir de manera voluntaria la vacuna contra [&hellip;]<\/p>\n","protected":false},"author":1,"featured_media":6975,"comment_status":"closed","ping_status":"closed","sticky":false,"template":"","format":"standard","meta":{"footnotes":""},"categories":[24],"tags":[],"ppma_author":[31],"class_list":["post-15074","post","type-post","status-publish","format-standard","has-post-thumbnail","hentry","category-relevantes"],"aioseo_notices":[],"authors":[{"term_id":31,"user_id":1,"is_guest":0,"slug":"ivan3vino","display_name":"Iv\u00e1n Trevi\u00f1o","avatar_url":{"url":"https:\/\/visionciudadana.com.mx\/oficial\/wp-content\/uploads\/2025\/09\/columna-ivan-Trevino.png","url2x":"https:\/\/visionciudadana.com.mx\/oficial\/wp-content\/uploads\/2025\/09\/columna-ivan-Trevino.png"},"0":null,"1":"","2":"","3":"","4":"","5":"","6":"","7":"","8":""}],"_links":{"self":[{"href":"https:\/\/visionciudadana.com.mx\/oficial\/wp-json\/wp\/v2\/posts\/15074","targetHints":{"allow":["GET"]}}],"collection":[{"href":"https:\/\/visionciudadana.com.mx\/oficial\/wp-json\/wp\/v2\/posts"}],"about":[{"href":"https:\/\/visionciudadana.com.mx\/oficial\/wp-json\/wp\/v2\/types\/post"}],"author":[{"embeddable":true,"href":"https:\/\/visionciudadana.com.mx\/oficial\/wp-json\/wp\/v2\/users\/1"}],"replies":[{"embeddable":true,"href":"https:\/\/visionciudadana.com.mx\/oficial\/wp-json\/wp\/v2\/comments?post=15074"}],"version-history":[{"count":1,"href":"https:\/\/visionciudadana.com.mx\/oficial\/wp-json\/wp\/v2\/posts\/15074\/revisions"}],"predecessor-version":[{"id":31322,"href":"https:\/\/visionciudadana.com.mx\/oficial\/wp-json\/wp\/v2\/posts\/15074\/revisions\/31322"}],"wp:featuredmedia":[{"embeddable":true,"href":"https:\/\/visionciudadana.com.mx\/oficial\/wp-json\/wp\/v2\/posts\/6975"}],"wp:attachment":[{"href":"https:\/\/visionciudadana.com.mx\/oficial\/wp-json\/wp\/v2\/media?parent=15074"}],"wp:term":[{"taxonomy":"category","embeddable":true,"href":"https:\/\/visionciudadana.com.mx\/oficial\/wp-json\/wp\/v2\/categories?post=15074"},{"taxonomy":"post_tag","embeddable":true,"href":"https:\/\/visionciudadana.com.mx\/oficial\/wp-json\/wp\/v2\/tags?post=15074"},{"taxonomy":"author","embeddable":true,"href":"https:\/\/visionciudadana.com.mx\/oficial\/wp-json\/wp\/v2\/ppma_author?post=15074"}],"curies":[{"name":"wp","href":"https:\/\/api.w.org\/{rel}","templated":true}]}}