{"id":15069,"date":"2021-03-17T03:36:53","date_gmt":"2021-03-17T03:36:53","guid":{"rendered":"https:\/\/visionciudadana.com.mx\/prueba\/2021\/03\/17\/la-primera-dosis-de-vacuna-no-es-suficiente-para-crear-la-concentracion-suficiente-de-anticuerpos\/"},"modified":"2025-06-25T00:16:54","modified_gmt":"2025-06-25T00:16:54","slug":"la-primera-dosis-de-vacuna-no-es-suficiente-para-crear-la-concentracion-suficiente-de-anticuerpos","status":"publish","type":"post","link":"https:\/\/visionciudadana.com.mx\/oficial\/2021\/03\/17\/la-primera-dosis-de-vacuna-no-es-suficiente-para-crear-la-concentracion-suficiente-de-anticuerpos\/","title":{"rendered":"La primera dosis de vacuna no es suficiente para crear la concentraci\u00f3n suficiente de anticuerpos: Cu\u00e9n Ojeda"},"content":{"rendered":"<p>&nbsp;<\/p>\n<p><img fetchpriority=\"high\" decoding=\"async\" src=\"images\/Vision_12.PNG\" alt=\"Vision 12\" width=\"510\" height=\"357\" style=\"display: block; margin-left: auto; margin-right: auto;\" \/><\/p>\n<p style=\"text-align: justify;\"><span style=\"font-size: 12pt; font-family: arial, helvetica, sans-serif;\">En M\u00e9xico han recibido la dosis para evitar el contagio del COVID 19 alrededor de 4.3 millones de personas, sin embargo, se debe tener suma claridad de que por el hecho de recibir la primera dosis ya est\u00e1s completamente protegido, que inmediatamente estas inmunizado, no es as\u00ed, el organismo tarda aproximadamente 14 d\u00edas para generar los primeros anticuerpos.<\/span><\/p>\n<div style=\"text-align: justify;\"><span style=\"font-size: 12pt; font-family: arial, helvetica, sans-serif;\"><\/span><\/div>\n<div style=\"text-align: justify;\">&nbsp;<\/div>\n<div style=\"text-align: justify;\"><span style=\"font-size: 12pt; font-family: arial, helvetica, sans-serif;\">Cu\u00e9n Ojeda explic\u00f3 \u201cque para generar la concentraci\u00f3n suficiente para poder neutralizar al virus cuando penetra a nuestro organismo generalmente tarda 21 d\u00edas, pero en la mayor\u00eda de las vacunas se necesita un refuerzo, es por ello que en la vacunaci\u00f3n se necesitan dos dosis, la primera dosis por estudios que se tienen, solo alcanza a proteger un 70-80 %\u201d.<\/span><\/div>\n<div style=\"text-align: justify;\">&nbsp;<\/div>\n<div style=\"text-align: justify;\"><span style=\"font-size: 12pt; font-family: arial, helvetica, sans-serif;\"><\/span><\/div>\n<div style=\"text-align: justify;\"><span style=\"font-size: 12pt; font-family: arial, helvetica, sans-serif;\">Las personas necesitan una inmunidad m\u00e1s duradera, una inmunidad m\u00e1s protectora, raz\u00f3n por lo cual necesitamos la segunda dosis para que haya una respuesta, una reacci\u00f3n en nuestro organismo para que genere un pico alto de anticuerpos y con ello lograr la concentraci\u00f3n suficiente para defendernos cuando llegue el agente infeccioso, detall\u00f3 Cu\u00e9n Ojeda.<\/span><\/div>\n<div style=\"text-align: justify;\"><span style=\"font-size: 12pt; font-family: arial, helvetica, sans-serif;\"><\/span><\/div>\n<div style=\"text-align: justify;\">&nbsp;<\/div>\n<div style=\"text-align: justify;\"><span style=\"font-size: 12pt; font-family: arial, helvetica, sans-serif;\">Los estudios indican que, para estar protegidos en este caso del COVID 19, se tiene que recibir la primera dosis, y a los 21 d\u00edas posteriores aplicarse la segunda dosis, dejar correr 10 d\u00edas m\u00e1s y se puede decir que la persona ya est\u00e1 protegida. As\u00ed lo indican las investigaciones que se han llevado a cabo sobre las vacunas, afirm\u00f3 H\u00e9ctor Melesio Cu\u00e9n Ojeda.<\/span><\/div>\n<div style=\"text-align: justify;\">&nbsp;<\/div>\n<div style=\"text-align: justify;\"><span style=\"font-size: 12pt; font-family: arial, helvetica, sans-serif;\"><\/span><\/div>\n<div style=\"text-align: justify;\"><span style=\"font-size: 12pt; font-family: arial, helvetica, sans-serif;\">Es importante entender que hay vacunas que se manejan en una sola dosis, pero tambi\u00e9n con estas se tiene que esperar la reacci\u00f3n de ellas para obtener la inmunidad suficiente.<\/span><\/div>\n<div style=\"text-align: justify;\"><span style=\"font-size: 12pt; font-family: arial, helvetica, sans-serif;\"><\/span><\/div>\n<div style=\"text-align: justify;\">&nbsp;<\/div>\n<div style=\"text-align: justify;\"><span style=\"font-size: 12pt; font-family: arial, helvetica, sans-serif;\">Pr\u00e1cticamente es un mes el tiempo que se necesita para alcanzar la inmunidad suficiente.<\/span><\/div>\n<div style=\"text-align: justify;\"><span style=\"font-size: 12pt; font-family: arial, helvetica, sans-serif;\"><\/span><\/div>\n<div style=\"text-align: justify;\">&nbsp;<\/div>\n<div style=\"text-align: justify;\"><span style=\"font-size: 12pt; font-family: arial, helvetica, sans-serif;\">En conclusi\u00f3n, se debe reiterar los cuidados a\u00fan cuando se haya recibido la dosis de la vacuna, no relajarse, porque por ello ya han muerto dos personas del \u00e1rea de la salud.<\/span><\/div>\n<div style=\"text-align: justify;\">&nbsp;<\/div>\n<div style=\"text-align: justify;\"><span style=\"font-size: 12pt; font-family: arial, helvetica, sans-serif;\"><\/span><\/div>\n<div style=\"text-align: justify;\"><span style=\"font-size: 12pt; font-family: arial, helvetica, sans-serif;\">Viene la tercera ola, la Semana Santa &nbsp;y las campa\u00f1as pol\u00edticas son tumultos sin ning\u00fan cuidado y esto traer\u00e1 consecuencias.<\/span><\/div>\n<div style=\"text-align: justify;\">&nbsp;<\/div>\n<div style=\"text-align: justify;\">&nbsp;<\/div>\n<div style=\"text-align: justify;\">&nbsp;<\/div>\n<div style=\"text-align: justify;\">&nbsp;<\/div>\n<div style=\"text-align: justify;\">&nbsp;<\/div>\n<div style=\"text-align: justify;\"><span style=\"font-family: arial, helvetica, sans-serif; font-size: 12pt;\">Redacci\u00f3n\/Visi\u00f3n Ciudadana&nbsp;<\/span><\/div>\n","protected":false},"excerpt":{"rendered":"<p>&nbsp; En M\u00e9xico han recibido la dosis para evitar el contagio del COVID 19 alrededor de 4.3 millones de personas, sin embargo, se debe tener suma claridad de que por el hecho de recibir la primera dosis ya est\u00e1s completamente protegido, que inmediatamente estas inmunizado, no es as\u00ed, el organismo tarda aproximadamente 14 d\u00edas para [&hellip;]<\/p>\n","protected":false},"author":1,"featured_media":6969,"comment_status":"closed","ping_status":"closed","sticky":false,"template":"","format":"standard","meta":{"footnotes":""},"categories":[24],"tags":[],"ppma_author":[31],"class_list":["post-15069","post","type-post","status-publish","format-standard","has-post-thumbnail","hentry","category-relevantes"],"aioseo_notices":[],"authors":[{"term_id":31,"user_id":1,"is_guest":0,"slug":"ivan3vino","display_name":"Iv\u00e1n Trevi\u00f1o","avatar_url":{"url":"https:\/\/visionciudadana.com.mx\/oficial\/wp-content\/uploads\/2025\/09\/columna-ivan-Trevino.png","url2x":"https:\/\/visionciudadana.com.mx\/oficial\/wp-content\/uploads\/2025\/09\/columna-ivan-Trevino.png"},"0":null,"1":"","2":"","3":"","4":"","5":"","6":"","7":"","8":""}],"_links":{"self":[{"href":"https:\/\/visionciudadana.com.mx\/oficial\/wp-json\/wp\/v2\/posts\/15069","targetHints":{"allow":["GET"]}}],"collection":[{"href":"https:\/\/visionciudadana.com.mx\/oficial\/wp-json\/wp\/v2\/posts"}],"about":[{"href":"https:\/\/visionciudadana.com.mx\/oficial\/wp-json\/wp\/v2\/types\/post"}],"author":[{"embeddable":true,"href":"https:\/\/visionciudadana.com.mx\/oficial\/wp-json\/wp\/v2\/users\/1"}],"replies":[{"embeddable":true,"href":"https:\/\/visionciudadana.com.mx\/oficial\/wp-json\/wp\/v2\/comments?post=15069"}],"version-history":[{"count":1,"href":"https:\/\/visionciudadana.com.mx\/oficial\/wp-json\/wp\/v2\/posts\/15069\/revisions"}],"predecessor-version":[{"id":31323,"href":"https:\/\/visionciudadana.com.mx\/oficial\/wp-json\/wp\/v2\/posts\/15069\/revisions\/31323"}],"wp:featuredmedia":[{"embeddable":true,"href":"https:\/\/visionciudadana.com.mx\/oficial\/wp-json\/wp\/v2\/posts\/6969"}],"wp:attachment":[{"href":"https:\/\/visionciudadana.com.mx\/oficial\/wp-json\/wp\/v2\/media?parent=15069"}],"wp:term":[{"taxonomy":"category","embeddable":true,"href":"https:\/\/visionciudadana.com.mx\/oficial\/wp-json\/wp\/v2\/categories?post=15069"},{"taxonomy":"post_tag","embeddable":true,"href":"https:\/\/visionciudadana.com.mx\/oficial\/wp-json\/wp\/v2\/tags?post=15069"},{"taxonomy":"author","embeddable":true,"href":"https:\/\/visionciudadana.com.mx\/oficial\/wp-json\/wp\/v2\/ppma_author?post=15069"}],"curies":[{"name":"wp","href":"https:\/\/api.w.org\/{rel}","templated":true}]}}