{"id":15068,"date":"2021-03-17T03:28:21","date_gmt":"2021-03-17T03:28:21","guid":{"rendered":"https:\/\/visionciudadana.com.mx\/prueba\/2021\/03\/17\/coepriss-verifico-la-seguridad-sanitaria-de-los-contenedores-especiales-de-la-uas-donde-se-almacenan-las-vacunas-contra-el-virus-sars-cov-2\/"},"modified":"2025-06-25T00:16:54","modified_gmt":"2025-06-25T00:16:54","slug":"coepriss-verifico-la-seguridad-sanitaria-de-los-contenedores-especiales-de-la-uas-donde-se-almacenan-las-vacunas-contra-el-virus-sars-cov-2","status":"publish","type":"post","link":"https:\/\/visionciudadana.com.mx\/oficial\/2021\/03\/17\/coepriss-verifico-la-seguridad-sanitaria-de-los-contenedores-especiales-de-la-uas-donde-se-almacenan-las-vacunas-contra-el-virus-sars-cov-2\/","title":{"rendered":"Coepriss verific\u00f3 la seguridad sanitaria de los contenedores especiales de la UAS donde se almacenan las vacunas contra el virus SARS-CoV-2"},"content":{"rendered":"<p>&nbsp;<\/p>\n<p style=\"text-align: justify;\"><img fetchpriority=\"high\" decoding=\"async\" src=\"images\/Vision_11.PNG\" alt=\"Vision 11\" width=\"679\" height=\"497\" style=\"display: block; margin-left: auto; margin-right: auto;\" \/><\/p>\n<p><span style=\"font-family: arial, helvetica, sans-serif; font-size: 12pt;\">El doctor Gerardo Alapizco Castro, secretario general y coordinador de las acciones de salud en la Universidad Aut\u00f3noma de Sinaloa, recibi\u00f3 a los verificadores sanitarios que revisaron los contenedores especiales donde se almacenan las vacunas contra el COVID-19.<\/span><\/p>\n<blockquote>\n<div dir=\"ltr\">\n<div dir=\"ltr\">\n<div class=\"x_gmail_quote\">\n<div dir=\"ltr\">\n<div>\n<p class=\"x_MsoNormal\"><span style=\"font-family: arial, helvetica, sans-serif; font-size: 12pt;\">El comisionado Jorge Alan Urbina Vidales inform\u00f3 que los verificadores del departamento de regulaci\u00f3n de servicios e insumos para la salud de la Comisi\u00f3n para la Protecci\u00f3n contra Riesgos Sanitarios de Sinaloa (Coepriss) visitaron las instalaciones de la Unidad del Programa Regional de Biotecnolog\u00eda de la Facultad de Ciencias Qu\u00edmico Biol\u00f3gicas de la Universidad Aut\u00f3noma de Sinaloa (UAS).<\/span><\/p>\n<p>&nbsp;<\/p>\n<p class=\"x_MsoNormal\"><span style=\"font-family: arial, helvetica, sans-serif; font-size: 12pt;\">\u201cDurante la visita se verificaron las condiciones de conservaci\u00f3n de las vacunas contra el SARS-CoV-2, virus causante del COVID-19. Tambi\u00e9n revisamos la transportaci\u00f3n para la distribuci\u00f3n de las mismas y registro de temperatura la cual se monitorea cinco veces al d\u00eda\u201d, explic\u00f3.<\/span><\/p>\n<p>&nbsp;<\/p>\n<p class=\"x_MsoNormal\"><span style=\"font-family: arial, helvetica, sans-serif; font-size: 12pt;\">El secretario general de la UAS, Dr. Gerardo Alapizco Castro, recibi\u00f3 al personal de la Secretar\u00eda de Salud, adscritos a Coepriss, quienes confirmaron que la infraestructura es adecuada pues cuenta con planta de energ\u00eda el\u00e9ctrica de emergencia.<\/span><\/p>\n<p>&nbsp;<\/p>\n<p class=\"x_MsoNormal\"><span style=\"font-family: arial, helvetica, sans-serif; font-size: 12pt;\">&nbsp;\u201cLos contendedores tienen term\u00f3metro integrado con registro de mapeo a una temperatura de -79 grados cent\u00edgrados, cuentan con cajas t\u00e9rmicas especiales con term\u00f3metro integrado para la transportaci\u00f3n y cumplen con las medidas de conservaci\u00f3n del producto\u201d, precis\u00f3.<\/span><\/p>\n<p>&nbsp;<\/p>\n<p class=\"x_MsoNormal\"><span style=\"font-family: arial, helvetica, sans-serif; font-size: 12pt;\">Los verificadores&nbsp; sanitarios de Coepriss Adolfo Cordero Iribe y Joel L\u00f3pez Trujillo revisaron los ultra congeladores, confirmando que los refrigeradores uno y dos tienen una capacidad de 40,000 viales y los refrigeradores tres y cuatro una capacidad de 80,000 viales.<\/span><\/p>\n<p>&nbsp;<\/p>\n<p class=\"x_MsoNormal\"><span style=\"font-family: arial, helvetica, sans-serif; font-size: 12pt;\">El comisionado Jorge Alan Urbina Vidales subray\u00f3 que la visita forma parte del&nbsp; operativo de vigilancia que se lleva a cabo para garantizar la seguridad sanitaria en la aplicaci\u00f3n de la vacuna en Sinaloa contra el virus SARS-CoV-2, causante del COVID-19.<\/span><\/p>\n<p>&nbsp;<\/p>\n<p class=\"x_MsoNormal\"><span style=\"font-family: arial, helvetica, sans-serif; font-size: 12pt;\">\u201cLa aportaci\u00f3n de la Universidad Aut\u00f3noma de Sinaloa es estrat\u00e9gica e importante al proporcionar estos equipos de alta tecnolog\u00eda para beneficio de la poblaci\u00f3n sinaloense pues permite la log\u00edstica adecuada de las vacunas\u201d, coment\u00f3.<\/span><\/p>\n<p>&nbsp;<\/p>\n<p class=\"x_MsoNormal\"><span style=\"font-family: arial, helvetica, sans-serif; font-size: 12pt;\">El comisionado sanitario precis\u00f3 que en la Facultad de Ciencias Qu\u00edmico Biol\u00f3gicas de la Universidad Aut\u00f3noma de Sinaloa (UAS) se encuentra una parte de los 30 ultracongeladores que ha puesto a disposici\u00f3n la casa rosalina del proceso de vacunaci\u00f3n en Sinaloa.<\/span><\/p>\n<\/div>\n<\/div>\n<\/div>\n<\/div>\n<\/div>\n<\/blockquote>\n<div>\n<div dir=\"ltr\">\n<div dir=\"ltr\">\n<div class=\"x_gmail_quote\">\n<div dir=\"ltr\">\n<div>\n<p class=\"x_MsoNormal\"><span style=\"font-family: arial, helvetica, sans-serif; font-size: 12pt;\"><\/span><\/p>\n<p>Redacci\u00f3n\/Visi\u00f3n Ciudadana&nbsp;<\/p>\n<p>&nbsp;<\/p>\n<p>Redacci\u00f3n\/ Visi\u00f3n Ciudadana&nbsp;<\/p>\n<\/div>\n<\/div>\n<\/div>\n<\/div>\n<\/div>\n<\/div>\n","protected":false},"excerpt":{"rendered":"<p>&nbsp; El doctor Gerardo Alapizco Castro, secretario general y coordinador de las acciones de salud en la Universidad Aut\u00f3noma de Sinaloa, recibi\u00f3 a los verificadores sanitarios que revisaron los contenedores especiales donde se almacenan las vacunas contra el COVID-19. El comisionado Jorge Alan Urbina Vidales inform\u00f3 que los verificadores del departamento de regulaci\u00f3n de servicios [&hellip;]<\/p>\n","protected":false},"author":1,"featured_media":6967,"comment_status":"closed","ping_status":"closed","sticky":false,"template":"","format":"standard","meta":{"footnotes":""},"categories":[24],"tags":[],"ppma_author":[31],"class_list":["post-15068","post","type-post","status-publish","format-standard","has-post-thumbnail","hentry","category-relevantes"],"aioseo_notices":[],"authors":[{"term_id":31,"user_id":1,"is_guest":0,"slug":"ivan3vino","display_name":"Iv\u00e1n Trevi\u00f1o","avatar_url":{"url":"https:\/\/visionciudadana.com.mx\/oficial\/wp-content\/uploads\/2025\/09\/columna-ivan-Trevino.png","url2x":"https:\/\/visionciudadana.com.mx\/oficial\/wp-content\/uploads\/2025\/09\/columna-ivan-Trevino.png"},"0":null,"1":"","2":"","3":"","4":"","5":"","6":"","7":"","8":""}],"_links":{"self":[{"href":"https:\/\/visionciudadana.com.mx\/oficial\/wp-json\/wp\/v2\/posts\/15068","targetHints":{"allow":["GET"]}}],"collection":[{"href":"https:\/\/visionciudadana.com.mx\/oficial\/wp-json\/wp\/v2\/posts"}],"about":[{"href":"https:\/\/visionciudadana.com.mx\/oficial\/wp-json\/wp\/v2\/types\/post"}],"author":[{"embeddable":true,"href":"https:\/\/visionciudadana.com.mx\/oficial\/wp-json\/wp\/v2\/users\/1"}],"replies":[{"embeddable":true,"href":"https:\/\/visionciudadana.com.mx\/oficial\/wp-json\/wp\/v2\/comments?post=15068"}],"version-history":[{"count":1,"href":"https:\/\/visionciudadana.com.mx\/oficial\/wp-json\/wp\/v2\/posts\/15068\/revisions"}],"predecessor-version":[{"id":31324,"href":"https:\/\/visionciudadana.com.mx\/oficial\/wp-json\/wp\/v2\/posts\/15068\/revisions\/31324"}],"wp:featuredmedia":[{"embeddable":true,"href":"https:\/\/visionciudadana.com.mx\/oficial\/wp-json\/wp\/v2\/posts\/6967"}],"wp:attachment":[{"href":"https:\/\/visionciudadana.com.mx\/oficial\/wp-json\/wp\/v2\/media?parent=15068"}],"wp:term":[{"taxonomy":"category","embeddable":true,"href":"https:\/\/visionciudadana.com.mx\/oficial\/wp-json\/wp\/v2\/categories?post=15068"},{"taxonomy":"post_tag","embeddable":true,"href":"https:\/\/visionciudadana.com.mx\/oficial\/wp-json\/wp\/v2\/tags?post=15068"},{"taxonomy":"author","embeddable":true,"href":"https:\/\/visionciudadana.com.mx\/oficial\/wp-json\/wp\/v2\/ppma_author?post=15068"}],"curies":[{"name":"wp","href":"https:\/\/api.w.org\/{rel}","templated":true}]}}