{"id":15067,"date":"2021-03-17T03:16:23","date_gmt":"2021-03-17T03:16:23","guid":{"rendered":"https:\/\/visionciudadana.com.mx\/prueba\/2021\/03\/17\/esperamos-anuncio-de-morena-para-registro-de-candidatos-ruben-rocha-moya\/"},"modified":"2025-06-25T00:16:54","modified_gmt":"2025-06-25T00:16:54","slug":"esperamos-anuncio-de-morena-para-registro-de-candidatos-ruben-rocha-moya","status":"publish","type":"post","link":"https:\/\/visionciudadana.com.mx\/oficial\/2021\/03\/17\/esperamos-anuncio-de-morena-para-registro-de-candidatos-ruben-rocha-moya\/","title":{"rendered":"Esperamos anuncio de Morena para registro de candidatos\u201d: Rub\u00e9n Rocha Moya"},"content":{"rendered":"<p>&nbsp;<\/p>\n<p><img fetchpriority=\"high\" decoding=\"async\" src=\"images\/Vision_10.PNG\" alt=\"Vision 10\" width=\"477\" height=\"279\" style=\"display: block; margin-left: auto; margin-right: auto;\" \/><\/p>\n<p>\u201cVamos bien, estamos en la intercampa\u00f1a; tenemos que prepararnos, en estos momentos estamos tratando de estar listos para registrar debidamente las f\u00f3rmulas de Morena en todas las candidaturas, desde las presidencias municipales, regidur\u00edas y diputaciones y, por supuesto, &nbsp;la candidatura a gobernador; estamos en eso, haciendo un equipo porque no es f\u00e1cil el registro, los requerimientos que te pide la autoridad competente \u201d.<\/p>\n<div>&nbsp;<\/div>\n<div>Abordado sobre la alianza con el Partido Sinaloense, puntualiz\u00f3 que la militancia de Morena est\u00e1 respondiendo bien:<\/div>\n<div>&nbsp;<\/div>\n<div>\u201cRegularmente esto no es algo extraordinario, regularmente ocurre, los partidos nos aliamos, el 2018 fuimos aliados con el PT y el PES, hoy estamos en esta alianza con el PAS, los otros partidos de enfrente tienen sus alianzas; esto ya es com\u00fan que ocurra y, claro, tiene que ver con la estrategia que traza cada partido, entonces Morena es un partido que busca alianzas y esta alianza la busc\u00f3 fundamentalmente con el PAS\u201d.<\/div>\n<div>&nbsp;<\/div>\n<div>Rocha Moya se defini\u00f3 como un pol\u00edtico de plena identificaci\u00f3n con el com\u00fan de la sociedad; un humano, una persona que puede convivir con cualquiera de sus compa\u00f1eros y compa\u00f1eras en Culiac\u00e1n, en Mazatl\u00e1n, en Escuinapa, en cualquier parte de Sinaloa y de M\u00e9xico.<\/div>\n<div>&nbsp;<\/div>\n<div>En ese sentido, se\u00f1al\u00f3 que la izquierda est\u00e1 fortaleci\u00e9ndose cada vez m\u00e1s, con flexibilidad y apertura, sin mayores complicaciones para la militancia, convirti\u00e9ndose en una izquierda moderna que lucha por el sentido social y humano, y que se identifica con las causas m\u00e1s justas, con las reivindicaciones de los sectores m\u00e1s desprotegidos<\/div>\n<div>&nbsp;<\/div>\n<div>\u201cEs una izquierda que se est\u00e1 fortaleciendo, que est\u00e1 construyendo su perfil; una izquierda que se est\u00e1 ense\u00f1ando, que est\u00e1 tratando de aprender a estar en el poder y que desde ah\u00ed pueda irradiar el mayor beneficio a las capas sociales m\u00e1s vulnerables\u201d, resalt\u00f3.<\/div>\n<div>&nbsp;<\/div>\n<div>El Dr. Rocha Moya record\u00f3 que en sus inicios en la pol\u00edtica milit\u00f3 en la izquierda comunista y fue candidato a gobernador, la primera ocasi\u00f3n, como abanderado del Partido Socialista Unificado de M\u00e9xico (PSUM) y, posteriormente, el PRD lo postul\u00f3 en 1998.<\/div>\n<div>&nbsp;<\/div>\n<div>\u201cAquella ideolog\u00eda que nos ense\u00f1aba o nos impon\u00eda ciertos dogmas de comportamiento y cierta cultura y moral, te volv\u00eda persona r\u00edgida y a veces poco compatible con el com\u00fan de la sociedad, esa izquierda ya pas\u00f3, est\u00e1 en desuso, ahora estamos en una izquierda abierta, conectada con la sociedad de manera plena, no estamos apartados, somos comunes y corrientes\u201d, manifest\u00f3.<\/div>\n<div>&nbsp;<\/div>\n<div>Rub\u00e9n Rocha Moya precis\u00f3 que los ciudadanos no se fijan principalmente en la geometr\u00eda de las ideolog\u00edas, es decir, en la izquierda, el centro y la derecha, sino en qu\u00e9 tanto se identifican con las propuestas de pol\u00edticas p\u00fablicas.<\/div>\n<div>&nbsp;<\/div>\n<div>&nbsp;<\/div>\n<div>&nbsp;<\/div>\n<div>&nbsp;<\/div>\n<div>Redacci\u00f3n\/ Visi\u00f3n Ciudadana&nbsp;<\/div>\n","protected":false},"excerpt":{"rendered":"<p>&nbsp; \u201cVamos bien, estamos en la intercampa\u00f1a; tenemos que prepararnos, en estos momentos estamos tratando de estar listos para registrar debidamente las f\u00f3rmulas de Morena en todas las candidaturas, desde las presidencias municipales, regidur\u00edas y diputaciones y, por supuesto, &nbsp;la candidatura a gobernador; estamos en eso, haciendo un equipo porque no es f\u00e1cil el registro, [&hellip;]<\/p>\n","protected":false},"author":1,"featured_media":6965,"comment_status":"closed","ping_status":"closed","sticky":false,"template":"","format":"standard","meta":{"footnotes":""},"categories":[24],"tags":[],"ppma_author":[31],"class_list":["post-15067","post","type-post","status-publish","format-standard","has-post-thumbnail","hentry","category-relevantes"],"aioseo_notices":[],"authors":[{"term_id":31,"user_id":1,"is_guest":0,"slug":"ivan3vino","display_name":"Iv\u00e1n Trevi\u00f1o","avatar_url":{"url":"https:\/\/visionciudadana.com.mx\/oficial\/wp-content\/uploads\/2025\/09\/columna-ivan-Trevino.png","url2x":"https:\/\/visionciudadana.com.mx\/oficial\/wp-content\/uploads\/2025\/09\/columna-ivan-Trevino.png"},"0":null,"1":"","2":"","3":"","4":"","5":"","6":"","7":"","8":""}],"_links":{"self":[{"href":"https:\/\/visionciudadana.com.mx\/oficial\/wp-json\/wp\/v2\/posts\/15067","targetHints":{"allow":["GET"]}}],"collection":[{"href":"https:\/\/visionciudadana.com.mx\/oficial\/wp-json\/wp\/v2\/posts"}],"about":[{"href":"https:\/\/visionciudadana.com.mx\/oficial\/wp-json\/wp\/v2\/types\/post"}],"author":[{"embeddable":true,"href":"https:\/\/visionciudadana.com.mx\/oficial\/wp-json\/wp\/v2\/users\/1"}],"replies":[{"embeddable":true,"href":"https:\/\/visionciudadana.com.mx\/oficial\/wp-json\/wp\/v2\/comments?post=15067"}],"version-history":[{"count":1,"href":"https:\/\/visionciudadana.com.mx\/oficial\/wp-json\/wp\/v2\/posts\/15067\/revisions"}],"predecessor-version":[{"id":31325,"href":"https:\/\/visionciudadana.com.mx\/oficial\/wp-json\/wp\/v2\/posts\/15067\/revisions\/31325"}],"wp:featuredmedia":[{"embeddable":true,"href":"https:\/\/visionciudadana.com.mx\/oficial\/wp-json\/wp\/v2\/posts\/6965"}],"wp:attachment":[{"href":"https:\/\/visionciudadana.com.mx\/oficial\/wp-json\/wp\/v2\/media?parent=15067"}],"wp:term":[{"taxonomy":"category","embeddable":true,"href":"https:\/\/visionciudadana.com.mx\/oficial\/wp-json\/wp\/v2\/categories?post=15067"},{"taxonomy":"post_tag","embeddable":true,"href":"https:\/\/visionciudadana.com.mx\/oficial\/wp-json\/wp\/v2\/tags?post=15067"},{"taxonomy":"author","embeddable":true,"href":"https:\/\/visionciudadana.com.mx\/oficial\/wp-json\/wp\/v2\/ppma_author?post=15067"}],"curies":[{"name":"wp","href":"https:\/\/api.w.org\/{rel}","templated":true}]}}