{"id":15065,"date":"2021-03-17T02:57:12","date_gmt":"2021-03-17T02:57:12","guid":{"rendered":"https:\/\/visionciudadana.com.mx\/prueba\/2021\/03\/17\/la-vacuna-es-la-medida-preventiva-mas-eficiente-para-no-contraer-enfermedades\/"},"modified":"2025-06-25T00:32:15","modified_gmt":"2025-06-25T00:32:15","slug":"la-vacuna-es-la-medida-preventiva-mas-eficiente-para-no-contraer-enfermedades","status":"publish","type":"post","link":"https:\/\/visionciudadana.com.mx\/oficial\/2021\/03\/17\/la-vacuna-es-la-medida-preventiva-mas-eficiente-para-no-contraer-enfermedades\/","title":{"rendered":"La vacuna es la medida preventiva m\u00e1s eficiente para no contraer enfermedades."},"content":{"rendered":"<p>&nbsp;<\/p>\n<p><img fetchpriority=\"high\" decoding=\"async\" src=\"images\/vision_8.PNG\" alt=\"vision 8\" width=\"408\" height=\"262\" style=\"display: block; margin-left: auto; margin-right: auto;\" \/><\/p>\n<p>H\u00e9ctor Melesio Cu\u00e9n Ojeda lament\u00f3 que a nivel mundial se est\u00e9 dando una \u201cguerra comercial\u201d en relaci\u00f3n a las vacunas, algunas empresas valoran sus vacunas producidas, y al mismo tiempo descalifican a otras marcas, lo cual es crear un ambiente de desconfianza de la poblaci\u00f3n. Afortunadamente en M\u00e9xico se avanza en la jornada de vacunaci\u00f3n y se proyecta una inoculaci\u00f3n promedio diaria de 600 mil vacunas a los mexicanos.<\/p>\n<p>A nivel mundial supuestamente se han presentado algunos casos donde la aplicaci\u00f3n de la vacuna AstraZeneka han presentado problemas de salud y hasta p\u00e9rdida de vidas humanas, sin embargo, la Organizaci\u00f3n Mundial de la Salud (OMS) no ha suspendido la aplicaci\u00f3n de esta vacuna.<\/p>\n<p>En los pr\u00f3ximos d\u00edas, en opini\u00f3n del Secretario de Relaciones Exteriores Marcelo Ebrard, llegar\u00e1n millones de dosis de la vacuna AstraZeneka, y lo que tenemos que hacer es la deliberaci\u00f3n que tendr\u00e1 la OMS.<\/p>\n<p>Cu\u00e9n Ojeda coment\u00f3 que siempre hay efectos colaterales con la aplicaci\u00f3n de las vacunas y as\u00ed lo expres\u00f3; \u201cen este momento se nota mucho cualquier efecto colateral, secundario porque hay una vacunaci\u00f3n masiva, y es por ello que es f\u00e1cil difundir efectos colaterales o secuelas de estas vacunas, sin embargo, el beneficio que genera va mucho m\u00e1s all\u00e1\u201d.<\/p>\n<p>Yo le recuerdo a la gente que cuando nacen nuestros ni\u00f1os, lo primero que hacemos con ellos es arrancar al sector salud para que les apliquen las vacunas contra la poliomielitis, la tuberculosis, \u00bfpor qu\u00e9?, pues la raz\u00f3n es muy sencilla deseamos protegerlos de estas enfermedades, esto se da porque la prevenci\u00f3n es lo mejor y en este sentido la vacuna es lo importante.<\/p>\n<p>\u201cYo invito a la gente a que no tenga miedo, que se vacune toda la gente, esto es important\u00edsimo, lamentablemente hay alrededor de un 30 % a nivel mundial que no cree en las vacunas y esto nos pega a todos porque en la medida en que la gente no se vacune, en esa medida vamos a batallar para romper las cadenas de contagio\u201d, expres\u00f3 Cu\u00e9n Ojeda.<\/p>\n<p>&nbsp;<\/p>\n<p>&nbsp;<\/p>\n<p>Redacci\u00f3n\/Visi\u00f3n Ciudadana&nbsp;<\/p>\n","protected":false},"excerpt":{"rendered":"<p>&nbsp; H\u00e9ctor Melesio Cu\u00e9n Ojeda lament\u00f3 que a nivel mundial se est\u00e9 dando una \u201cguerra comercial\u201d en relaci\u00f3n a las vacunas, algunas empresas valoran sus vacunas producidas, y al mismo tiempo descalifican a otras marcas, lo cual es crear un ambiente de desconfianza de la poblaci\u00f3n. Afortunadamente en M\u00e9xico se avanza en la jornada de [&hellip;]<\/p>\n","protected":false},"author":1,"featured_media":6962,"comment_status":"closed","ping_status":"closed","sticky":false,"template":"","format":"standard","meta":{"footnotes":""},"categories":[24],"tags":[],"ppma_author":[31],"class_list":["post-15065","post","type-post","status-publish","format-standard","has-post-thumbnail","hentry","category-relevantes"],"aioseo_notices":[],"authors":[{"term_id":31,"user_id":1,"is_guest":0,"slug":"ivan3vino","display_name":"Iv\u00e1n Trevi\u00f1o","avatar_url":{"url":"https:\/\/visionciudadana.com.mx\/oficial\/wp-content\/uploads\/2025\/09\/columna-ivan-Trevino.png","url2x":"https:\/\/visionciudadana.com.mx\/oficial\/wp-content\/uploads\/2025\/09\/columna-ivan-Trevino.png"},"0":null,"1":"","2":"","3":"","4":"","5":"","6":"","7":"","8":""}],"_links":{"self":[{"href":"https:\/\/visionciudadana.com.mx\/oficial\/wp-json\/wp\/v2\/posts\/15065","targetHints":{"allow":["GET"]}}],"collection":[{"href":"https:\/\/visionciudadana.com.mx\/oficial\/wp-json\/wp\/v2\/posts"}],"about":[{"href":"https:\/\/visionciudadana.com.mx\/oficial\/wp-json\/wp\/v2\/types\/post"}],"author":[{"embeddable":true,"href":"https:\/\/visionciudadana.com.mx\/oficial\/wp-json\/wp\/v2\/users\/1"}],"replies":[{"embeddable":true,"href":"https:\/\/visionciudadana.com.mx\/oficial\/wp-json\/wp\/v2\/comments?post=15065"}],"version-history":[{"count":1,"href":"https:\/\/visionciudadana.com.mx\/oficial\/wp-json\/wp\/v2\/posts\/15065\/revisions"}],"predecessor-version":[{"id":31327,"href":"https:\/\/visionciudadana.com.mx\/oficial\/wp-json\/wp\/v2\/posts\/15065\/revisions\/31327"}],"wp:featuredmedia":[{"embeddable":true,"href":"https:\/\/visionciudadana.com.mx\/oficial\/wp-json\/wp\/v2\/posts\/6962"}],"wp:attachment":[{"href":"https:\/\/visionciudadana.com.mx\/oficial\/wp-json\/wp\/v2\/media?parent=15065"}],"wp:term":[{"taxonomy":"category","embeddable":true,"href":"https:\/\/visionciudadana.com.mx\/oficial\/wp-json\/wp\/v2\/categories?post=15065"},{"taxonomy":"post_tag","embeddable":true,"href":"https:\/\/visionciudadana.com.mx\/oficial\/wp-json\/wp\/v2\/tags?post=15065"},{"taxonomy":"author","embeddable":true,"href":"https:\/\/visionciudadana.com.mx\/oficial\/wp-json\/wp\/v2\/ppma_author?post=15065"}],"curies":[{"name":"wp","href":"https:\/\/api.w.org\/{rel}","templated":true}]}}