{"id":15064,"date":"2021-03-17T02:50:05","date_gmt":"2021-03-17T02:50:05","guid":{"rendered":"https:\/\/visionciudadana.com.mx\/prueba\/2021\/03\/17\/inicia-ceaip-transparencia-a-la-carta-cursos-dirigidos-a-la-ciudadania\/"},"modified":"2025-06-25T00:32:15","modified_gmt":"2025-06-25T00:32:15","slug":"inicia-ceaip-transparencia-a-la-carta-cursos-dirigidos-a-la-ciudadania","status":"publish","type":"post","link":"https:\/\/visionciudadana.com.mx\/oficial\/2021\/03\/17\/inicia-ceaip-transparencia-a-la-carta-cursos-dirigidos-a-la-ciudadania\/","title":{"rendered":"Inicia Ceaip \u201cTransparencia a la carta\u201d, cursos dirigidos a la ciudadan\u00eda"},"content":{"rendered":"<p>&nbsp;<\/p>\n<p><img fetchpriority=\"high\" decoding=\"async\" src=\"images\/Vision_7.PNG\" alt=\"Vision 7\" width=\"683\" height=\"432\" style=\"display: block; margin-left: auto; margin-right: auto;\" \/><\/p>\n<p>La Comisi\u00f3n Estatal para el Acceso a la Informaci\u00f3n P\u00fablica arranc\u00f3 este d\u00eda las jornadas de socializaci\u00f3n virtual \u201cTransparencia a la Carta\u201d.<\/p>\n<p class=\"x_MsoNormal\">Se trata de un programa de 8 cursos cortos, gratuitos, de 60 minutos, en un mismo horario, con entrega de constancia, dirigidos a la ciudadan\u00eda. La asistencia para cada sesi\u00f3n es de 100 personas.<\/p>\n<p class=\"x_MsoNormal\">La jornada inici\u00f3 con el curso denominado introducci\u00f3n a la Ley General de Archivos y su implementaci\u00f3n en la Ceaip, transmitido a trav\u00e9s de videoconferencia.<\/p>\n<p class=\"x_MsoNormal\">Debido al \u00e9xito de la convocatoria, Ceaip decidi\u00f3 aceptar m\u00e1s asistentes y en la jornada inaugural participaron 140 personas.<\/p>\n<p class=\"x_MsoNormal\">Jos\u00e9 Alfredo Beltr\u00e1n Estrada, Presidente de Ceaip, explic\u00f3&nbsp;que esta serie de minicursos junto con el Seminario Derecho de Acceso a la Informaci\u00f3n que se imparte los s\u00e1bados, se busca el reencuentro con los ciudadanos en estos temas trascendentales para la vida de todos.<\/p>\n<p class=\"x_MsoNormal\">\u201cCon estas actividades se trata de que haya mucha retroalimentaci\u00f3n, que se d\u00e9 el contacto de los ciudadanos con sujetos obligados a rendir cuentas y llevarlos de la mano en la exploraci\u00f3n de estos derechos que son el Acceso a la Informaci\u00f3n P\u00fablica y la Protecci\u00f3n de Datos Personales\u201d, indic\u00f3.<\/p>\n<p class=\"x_MsoNormal\">Extendi\u00f3 la invitaci\u00f3n a la ciudadan\u00eda en general a sumarse a los cursos cortos.<\/p>\n<p class=\"x_MsoNormal\">Por su parte el Comisionado Jos\u00e9 Luis Moreno, afirm\u00f3 que en Ceaip est\u00e1n convencidos de la necesidad de que los ciudadanos adquieran un rol m\u00e1s activo en la vigilancia del ejercicio de los gobiernos.<\/p>\n<p class=\"x_MsoNormal\">\u201cNos interesa que las generaciones actuales y las nuevas generaciones se convenzan de que el escrutinio p\u00fablico transforma y estimula cambios, que la voluntad de b\u00fasqueda de transparencia y la exigencia de rendici\u00f3n de cuentas nos lleva a la construcci\u00f3n de un pa\u00eds m\u00e1s abierto\u201d, se\u00f1al\u00f3.<\/p>\n<p class=\"x_MsoNormal\">Presente tambi\u00e9n en este acto de inicio de las jornadas de socializaci\u00f3n virtual, la Comisionada Liliana Margarita Campuzano Vega.<\/p>\n<p class=\"x_MsoNormal\">Enseguida se encuentra la \u201cCarta\u201d de temas a exponer, mismos a los que se invita a los interesados a elegir los de su preferencia:<\/p>\n<p class=\"x_MsoNormal\"><b>Mi\u00e9rcoles 17<\/b>: El ABC de Gobierno Abierto.<\/p>\n<p class=\"x_MsoNormal\"><b>&nbsp;<\/b><b>Jueves 18<\/b>: \u00bfC\u00f3mo ejerzo mi Derecho de Acceso a la Informaci\u00f3n?<\/p>\n<p class=\"x_MsoNormal\"><b>Viernes 19<\/b>: Consulta de informaci\u00f3n a trav\u00e9s de la Plataforma Nacional de Transparencia.<\/p>\n<p class=\"x_MsoNormal\"><b>Lunes 22<\/b>: La protecci\u00f3n de Datos Personales \u00bfQu\u00e9 debemos hacer?<\/p>\n<p class=\"x_MsoNormal\"><b>Martes 23<\/b>&nbsp;Obligaciones en materia de Datos Personales.<\/p>\n<p class=\"x_MsoNormal\"><b>Mi\u00e9rcoles 24<\/b>: Lineamientos para el cumplimiento de Obligaciones de Transparencia.<\/p>\n<p class=\"x_MsoNormal\"><b>Jueves 25<\/b>&nbsp;de marzo: Criterios de interpretaci\u00f3n en Materia de Transparencia.<\/p>\n<p class=\"x_MsoNormal\">Todos los cursos son de 11 a 12 horas.<\/p>\n<p>&nbsp;<\/p>\n<p>&nbsp;<\/p>\n<p>&nbsp;<\/p>\n<p>Redacci\u00f3n\/ Visi\u00f3n Ciudadana&nbsp;<\/p>\n","protected":false},"excerpt":{"rendered":"<p>&nbsp; La Comisi\u00f3n Estatal para el Acceso a la Informaci\u00f3n P\u00fablica arranc\u00f3 este d\u00eda las jornadas de socializaci\u00f3n virtual \u201cTransparencia a la Carta\u201d. Se trata de un programa de 8 cursos cortos, gratuitos, de 60 minutos, en un mismo horario, con entrega de constancia, dirigidos a la ciudadan\u00eda. La asistencia para cada sesi\u00f3n es de [&hellip;]<\/p>\n","protected":false},"author":1,"featured_media":6960,"comment_status":"closed","ping_status":"closed","sticky":false,"template":"","format":"standard","meta":{"footnotes":""},"categories":[24],"tags":[],"ppma_author":[31],"class_list":["post-15064","post","type-post","status-publish","format-standard","has-post-thumbnail","hentry","category-relevantes"],"aioseo_notices":[],"authors":[{"term_id":31,"user_id":1,"is_guest":0,"slug":"ivan3vino","display_name":"Iv\u00e1n Trevi\u00f1o","avatar_url":{"url":"https:\/\/visionciudadana.com.mx\/oficial\/wp-content\/uploads\/2025\/09\/columna-ivan-Trevino.png","url2x":"https:\/\/visionciudadana.com.mx\/oficial\/wp-content\/uploads\/2025\/09\/columna-ivan-Trevino.png"},"0":null,"1":"","2":"","3":"","4":"","5":"","6":"","7":"","8":""}],"_links":{"self":[{"href":"https:\/\/visionciudadana.com.mx\/oficial\/wp-json\/wp\/v2\/posts\/15064","targetHints":{"allow":["GET"]}}],"collection":[{"href":"https:\/\/visionciudadana.com.mx\/oficial\/wp-json\/wp\/v2\/posts"}],"about":[{"href":"https:\/\/visionciudadana.com.mx\/oficial\/wp-json\/wp\/v2\/types\/post"}],"author":[{"embeddable":true,"href":"https:\/\/visionciudadana.com.mx\/oficial\/wp-json\/wp\/v2\/users\/1"}],"replies":[{"embeddable":true,"href":"https:\/\/visionciudadana.com.mx\/oficial\/wp-json\/wp\/v2\/comments?post=15064"}],"version-history":[{"count":1,"href":"https:\/\/visionciudadana.com.mx\/oficial\/wp-json\/wp\/v2\/posts\/15064\/revisions"}],"predecessor-version":[{"id":31328,"href":"https:\/\/visionciudadana.com.mx\/oficial\/wp-json\/wp\/v2\/posts\/15064\/revisions\/31328"}],"wp:featuredmedia":[{"embeddable":true,"href":"https:\/\/visionciudadana.com.mx\/oficial\/wp-json\/wp\/v2\/posts\/6960"}],"wp:attachment":[{"href":"https:\/\/visionciudadana.com.mx\/oficial\/wp-json\/wp\/v2\/media?parent=15064"}],"wp:term":[{"taxonomy":"category","embeddable":true,"href":"https:\/\/visionciudadana.com.mx\/oficial\/wp-json\/wp\/v2\/categories?post=15064"},{"taxonomy":"post_tag","embeddable":true,"href":"https:\/\/visionciudadana.com.mx\/oficial\/wp-json\/wp\/v2\/tags?post=15064"},{"taxonomy":"author","embeddable":true,"href":"https:\/\/visionciudadana.com.mx\/oficial\/wp-json\/wp\/v2\/ppma_author?post=15064"}],"curies":[{"name":"wp","href":"https:\/\/api.w.org\/{rel}","templated":true}]}}