{"id":15046,"date":"2021-03-12T00:27:52","date_gmt":"2021-03-12T00:27:52","guid":{"rendered":"https:\/\/visionciudadana.com.mx\/prueba\/2021\/03\/12\/en-el-imss-ha-habido-un-trabajo-muy-intenso-sobre-todo-en-esta-pandemia-rector\/"},"modified":"2025-06-25T00:32:15","modified_gmt":"2025-06-25T00:32:15","slug":"en-el-imss-ha-habido-un-trabajo-muy-intenso-sobre-todo-en-esta-pandemia-rector","status":"publish","type":"post","link":"https:\/\/visionciudadana.com.mx\/oficial\/2021\/03\/12\/en-el-imss-ha-habido-un-trabajo-muy-intenso-sobre-todo-en-esta-pandemia-rector\/","title":{"rendered":"En el IMSS ha habido un trabajo muy intenso, sobre todo en esta pandemia: Rector"},"content":{"rendered":"<p>&nbsp;<\/p>\n<p><img fetchpriority=\"high\" decoding=\"async\" src=\"images\/Vision_4.PNG\" alt=\"Vision 4\" width=\"509\" height=\"341\" style=\"display: block; margin-left: auto; margin-right: auto;\" \/><\/p>\n<p><span style=\"font-size: 12pt; font-family: arial, helvetica, sans-serif;\">En el Instituto Mexicano del Seguro Social (IMSS) ha habido un trabajo muy intenso, sobre todo en esta pandemia y as\u00ed qued\u00f3 demostrado durante el Primer Informe de Labores del delegado en Sinaloa, doctor Luis Rafael L\u00f3pez Oca\u00f1a, opin\u00f3 el Rector de la Universidad Aut\u00f3noma de Sinaloa (UAS), doctor Juan Eulogio Guerra Liera.<\/span><\/p>\n<p class=\"x_MsoNormal\"><span lang=\"ES\" style=\"font-size: 12pt; font-family: arial, helvetica, sans-serif;\"><\/span><\/p>\n<p class=\"x_MsoNormal\"><span lang=\"ES\" style=\"font-size: 12pt; font-family: arial, helvetica, sans-serif;\">\u201cCreo que fue un informe muy completo, con datos precisos, pero hay que reconocer que (el delegado) ha sabido hacer equipo aqu\u00ed en Sinaloa con las diferentes instituciones de salud, con el \u00e1rea de salud de Gobierno del Estado, con el Gobernador del Estado, Quirino Ordaz Coppel, y en este caso con la Universidad Aut\u00f3noma de Sinaloa\u201d, expres\u00f3 Guerra Liera al t\u00e9rmino del evento al que asisti\u00f3 como invitado especial y que cont\u00f3 con la presencia del mandatario estatal y del director General del IMSS, Zo\u00e9 Robledo.<\/span><\/p>\n<p class=\"x_MsoNormal\"><span lang=\"ES\" style=\"font-size: 12pt; font-family: arial, helvetica, sans-serif;\"><\/span><\/p>\n<p class=\"x_MsoNormal\"><span lang=\"ES\" style=\"font-size: 12pt; font-family: arial, helvetica, sans-serif;\">El dirigente universitario se\u00f1al\u00f3 que la Casa Rosalina desde un inicio, a trav\u00e9s del doctor Gerardo Alapizco Castro, Secretario General y parte del Comando de Vacunaci\u00f3n ha puesto sobre la mesa diferentes componentes para paliar esta pandemia como son infraestructura, material humano, la producci\u00f3n de insumos y se ha formado un gran equipo con las instituciones de salud, entre ellas con el IMSS.<\/span><\/p>\n<p class=\"x_MsoNormal\"><span lang=\"ES\" style=\"font-size: 12pt; font-family: arial, helvetica, sans-serif;\"><\/span><\/p>\n<p class=\"x_MsoNormal\"><span lang=\"ES\" style=\"font-size: 12pt; font-family: arial, helvetica, sans-serif;\">\u201cHoy me voy muy satisfecho porque en tres ocasiones, se hizo alusi\u00f3n a la Universidad Aut\u00f3noma de Sinaloa y la Universidad tiene un trabajo colectivo, sus trabajadores, sus acad\u00e9micos, sus integrantes del \u00e1rea de la salud y de las diferentes unidades acad\u00e9micas que se ven reflejados en los cerca de 3 mil brigadistas voluntarios que se han estado moviendo por todo el estado vacunando a quien as\u00ed lo requiere (\u2026) creo que fue un buen informe, una persona sencilla, seguiremos nosotros trabajando por el bien de nuestro pa\u00eds y de nuestro estado\u201d, manifest\u00f3 el Rector.<\/span><\/p>\n<p class=\"x_MsoNormal\"><span lang=\"ES\" style=\"font-size: 12pt; font-family: arial, helvetica, sans-serif;\"><\/span><\/p>\n<p class=\"x_MsoNormal\"><span lang=\"ES\" style=\"font-size: 12pt; font-family: arial, helvetica, sans-serif;\">Sobre el tema de los residentes, que fue abordado por el delegado del IMSS en su Informe, el Rector consider\u00f3 que el trabajo de los residentes pocas veces se valora y el reconocimiento del delegado del Seguro Social a la Universidad por preparar a estos profesionales de la salud no ha sido labor de la fortuna sino del prestigio, del reconocimiento y de la manera tan intensa como se trabaja en la Universidad, la cual es una de las mejores a nivel nacional y su Facultad de Medicina tambi\u00e9n es una de las mejores del pa\u00eds.<\/span><\/p>\n<p class=\"x_MsoNormal\"><span lang=\"ES\" style=\"font-size: 12pt; font-family: arial, helvetica, sans-serif;\"><\/span><\/p>\n<p class=\"x_MsoNormal\"><span lang=\"ES\" style=\"font-size: 12pt; font-family: arial, helvetica, sans-serif;\">Durante su Informe de Labores, el delegado del IMSS, Luis Rafael L\u00f3pez Oca\u00f1a, dio a detalle la numeralia de todas las acciones realizadas en el \u00faltimo a\u00f1o, donde destaca la reconversi\u00f3n de los hospitales para atender a los pacientes con COVID-19 y la inversi\u00f3n en obra y equipamiento para ello, la autorizaci\u00f3n de plazas temporales, la entrega de bonos COVID al personal, el n\u00famero de trabajadores destinados a la atenci\u00f3n de la pandemia, la atenci\u00f3n a pacientes con COVID-19, el surtimiento de recetas, entre otros aspectos, incluido un breve homenaje al personal en activo v\u00edctima del COVID, que en Sinaloa suman 33 defunciones.<\/span><\/p>\n<p class=\"x_MsoNormal\"><span lang=\"ES\" style=\"font-size: 12pt; font-family: arial, helvetica, sans-serif;\"><\/span><\/p>\n<p class=\"x_MsoNormal\"><span style=\"font-size: 12pt; font-family: arial, helvetica, sans-serif;\"><b>\u201c<\/b>Algo a lo que nos llev\u00f3 la pandemia&nbsp;fue la falta de m\u00e9dicos especialistas, aqu\u00ed hago un especial reconocimiento, ya que hicimos un planteamiento, y agradezco a nuestro Rector, doctor Juan Eulogio Guerra Liera, muchas gracias por todo el apoyo, se\u00f1or Director, somos la representaci\u00f3n que m\u00e1s residentes y m\u00e9dicos incrementan a partir de este a\u00f1o, llegaron 126 plazas nuevas y tenemos un incremento de 132 por ciento\u201d, dijo L\u00f3pez Oca\u00f1a.<\/span><\/p>\n<p class=\"x_MsoNormal\"><span style=\"font-size: 12pt; font-family: arial, helvetica, sans-serif;\">Se\u00f1al\u00f3 que ser\u00e1n residentes terminales en el Hospital donde se tienen las residencias en Medicina Interna, cirug\u00eda, ginecolog\u00eda, pediatr\u00eda, anestesiolog\u00eda, traumatolog\u00eda, urgencias m\u00e9dico-quir\u00fargicas y medicina familiar, adicionalmente se autoriz\u00f3 la remodelaci\u00f3n de las \u00e1reas de descanso y de estudio de los residentes.<\/span><\/p>\n<p>&nbsp;<\/p>\n<p>&nbsp;<\/p>\n<p class=\"x_MsoNormal\"><span style=\"font-size: 12pt; font-family: arial, helvetica, sans-serif;\">\u201cDe nuevo recalco el apoyo de la Universidad Aut\u00f3noma de Sinaloa porque tenemos profesores preparados y certificados por ustedes para que puedan salir m<\/span><\/p>\n<p class=\"x_MsoNormal\"><span style=\"font-size: 12pt; font-family: arial, helvetica, sans-serif;\">uy bien preparados nuestros m\u00e9dicos en el futuro, muchas gracias\u201d, dijo el delegado del IMSS.<\/span><\/p>\n<p>&nbsp;<\/p>\n<p class=\"x_MsoNormal\"><span style=\"font-size: 12pt; font-family: arial, helvetica, sans-serif;\">Por su parte, tanto el director general del IMSS, Zo\u00e9 Robledo, como el Gobernador del Estado, Quirino Ordaz Coppel, ponderaron el trabajo de L\u00f3pez Oca\u00f1a desde su llegada hace un a\u00f1o a la delegaci\u00f3n, destacando su entrega, lealtad, experiencia, y valorando su desempe\u00f1o en beneficio del instituto y de la poblaci\u00f3n de Sinaloa, as\u00ed mismo reconocieron la labor de todo el personal del instituto durante esta pandemia.<\/span><\/p>\n<p>&nbsp;<\/p>\n<p class=\"x_MsoNormal\"><span style=\"font-size: 12pt; font-family: arial, helvetica, sans-serif;\">\u201cSe trata de ver y valorar que es el resultado de un gran trabajo en equipo, se ha trabajado muy bien hacia adentro y hacia afuera, no ha sido f\u00e1cil (&#8230;) estar en la raya, eso es lo que se valora mucho al personal del IMSS\u201d, consider\u00f3 el Gobernador.<\/span><\/p>\n<p class=\"x_MsoNormal\"><span lang=\"ES\" style=\"font-size: 12pt; font-family: arial, helvetica, sans-serif;\"><\/span><\/p>\n<div><span style=\"font-size: 12pt; font-family: arial, helvetica, sans-serif;\"><\/span><\/div>\n<div><span style=\"font-size: 12pt; font-family: arial, helvetica, sans-serif;\">Redacci\u00f3n\/ Visi\u00f3n Ciudadana<\/span><\/div>\n","protected":false},"excerpt":{"rendered":"<p>&nbsp; En el Instituto Mexicano del Seguro Social (IMSS) ha habido un trabajo muy intenso, sobre todo en esta pandemia y as\u00ed qued\u00f3 demostrado durante el Primer Informe de Labores del delegado en Sinaloa, doctor Luis Rafael L\u00f3pez Oca\u00f1a, opin\u00f3 el Rector de la Universidad Aut\u00f3noma de Sinaloa (UAS), doctor Juan Eulogio Guerra Liera. \u201cCreo [&hellip;]<\/p>\n","protected":false},"author":1,"featured_media":6940,"comment_status":"closed","ping_status":"closed","sticky":false,"template":"","format":"standard","meta":{"footnotes":""},"categories":[13],"tags":[],"ppma_author":[31],"class_list":["post-15046","post","type-post","status-publish","format-standard","has-post-thumbnail","hentry","category-locales"],"aioseo_notices":[],"authors":[{"term_id":31,"user_id":1,"is_guest":0,"slug":"ivan3vino","display_name":"Iv\u00e1n Trevi\u00f1o","avatar_url":{"url":"https:\/\/visionciudadana.com.mx\/oficial\/wp-content\/uploads\/2025\/09\/columna-ivan-Trevino.png","url2x":"https:\/\/visionciudadana.com.mx\/oficial\/wp-content\/uploads\/2025\/09\/columna-ivan-Trevino.png"},"0":null,"1":"","2":"","3":"","4":"","5":"","6":"","7":"","8":""}],"_links":{"self":[{"href":"https:\/\/visionciudadana.com.mx\/oficial\/wp-json\/wp\/v2\/posts\/15046","targetHints":{"allow":["GET"]}}],"collection":[{"href":"https:\/\/visionciudadana.com.mx\/oficial\/wp-json\/wp\/v2\/posts"}],"about":[{"href":"https:\/\/visionciudadana.com.mx\/oficial\/wp-json\/wp\/v2\/types\/post"}],"author":[{"embeddable":true,"href":"https:\/\/visionciudadana.com.mx\/oficial\/wp-json\/wp\/v2\/users\/1"}],"replies":[{"embeddable":true,"href":"https:\/\/visionciudadana.com.mx\/oficial\/wp-json\/wp\/v2\/comments?post=15046"}],"version-history":[{"count":1,"href":"https:\/\/visionciudadana.com.mx\/oficial\/wp-json\/wp\/v2\/posts\/15046\/revisions"}],"predecessor-version":[{"id":31331,"href":"https:\/\/visionciudadana.com.mx\/oficial\/wp-json\/wp\/v2\/posts\/15046\/revisions\/31331"}],"wp:featuredmedia":[{"embeddable":true,"href":"https:\/\/visionciudadana.com.mx\/oficial\/wp-json\/wp\/v2\/posts\/6940"}],"wp:attachment":[{"href":"https:\/\/visionciudadana.com.mx\/oficial\/wp-json\/wp\/v2\/media?parent=15046"}],"wp:term":[{"taxonomy":"category","embeddable":true,"href":"https:\/\/visionciudadana.com.mx\/oficial\/wp-json\/wp\/v2\/categories?post=15046"},{"taxonomy":"post_tag","embeddable":true,"href":"https:\/\/visionciudadana.com.mx\/oficial\/wp-json\/wp\/v2\/tags?post=15046"},{"taxonomy":"author","embeddable":true,"href":"https:\/\/visionciudadana.com.mx\/oficial\/wp-json\/wp\/v2\/ppma_author?post=15046"}],"curies":[{"name":"wp","href":"https:\/\/api.w.org\/{rel}","templated":true}]}}