{"id":15045,"date":"2021-03-12T00:20:11","date_gmt":"2021-03-12T00:20:11","guid":{"rendered":"https:\/\/visionciudadana.com.mx\/prueba\/2021\/03\/12\/coepriss-realiza-operativo-de-vigilancia-y-seguridad-sanitaria-en-la-aplicacion-de-la-vacuna-contra-el-virus-sars-cov-2\/"},"modified":"2025-06-25T00:32:15","modified_gmt":"2025-06-25T00:32:15","slug":"coepriss-realiza-operativo-de-vigilancia-y-seguridad-sanitaria-en-la-aplicacion-de-la-vacuna-contra-el-virus-sars-cov-2","status":"publish","type":"post","link":"https:\/\/visionciudadana.com.mx\/oficial\/2021\/03\/12\/coepriss-realiza-operativo-de-vigilancia-y-seguridad-sanitaria-en-la-aplicacion-de-la-vacuna-contra-el-virus-sars-cov-2\/","title":{"rendered":"Coepriss realiza operativo de vigilancia y seguridad sanitaria en la aplicaci\u00f3n de la vacuna contra el Virus SARS-CoV-2"},"content":{"rendered":"<p>&nbsp;<\/p>\n<p><img fetchpriority=\"high\" decoding=\"async\" src=\"images\/Vision_3.PNG\" alt=\"Vision 3\" width=\"547\" height=\"336\" style=\"display: block; margin-left: auto; margin-right: auto;\" \/><\/p>\n<p style=\"text-align: justify;\"><span style=\"font-size: 12pt; font-family: arial, helvetica, sans-serif;\">La Secretar\u00eda de Salud, a trav\u00e9s de la Comisi\u00f3n para la Protecci\u00f3n contra Riesgos Sanitarios de Sinaloa (Coepriss), lleva a cabo un &nbsp;operativo de vigilancia y seguridad sanitaria durante la aplicaci\u00f3n de la vacuna contra el Virus SARS-CoV-2.<\/span><\/p>\n<p class=\"x_MsoNormal\" style=\"text-align: justify;\"><span style=\"font-family: arial, helvetica, sans-serif; font-size: 12pt;\">El comisionado Jorge Alan Urbina Vidales inform\u00f3 que el operativo de vigilancia para garantizar la seguridad sanitaria se realiza por personal de Coepriss durante todo el proceso de la aplicaci\u00f3n de las vacunas supervisando el cumplimiento de diversas disposiciones que permiten adem\u00e1s realizar un seguimiento estrecho cuando la vacuna se administra a la poblaci\u00f3n para poder identificar posibles riesgos.<\/span><\/p>\n<p class=\"x_MsoNormal\" style=\"text-align: justify;\"><span style=\"font-family: arial, helvetica, sans-serif; font-size: 12pt;\">Precis\u00f3 que este operativo se implement\u00f3 con fundamento en los acuerdos espec\u00edficos de coordinaci\u00f3n para el ejercicio de facultades en materia de control y fomento sanitarios, celebrados por la Secretar\u00eda de Salud, con la participaci\u00f3n de la Comisi\u00f3n Federal para la Protecci\u00f3n contra Riesgos Sanitarios, y las entidades federativas.<\/span><\/p>\n<p class=\"x_MsoNormal\" style=\"text-align: justify;\"><span style=\"font-family: arial, helvetica, sans-serif; font-size: 12pt;\">\u201cEstamos vigilando el proceso de vacunaci\u00f3n en Sinaloa contra el virus SARS-Cov-2, causante del COVID-19, en conformidad con el acuerdo por el que se declar\u00f3 como emergencia sanitaria por causa de fuerza mayor a la epidemia de esta enfermedad publicado en el Diario Oficial de la Federaci\u00f3n el 30 de marzo de 2020\u201d, coment\u00f3.<\/span><\/p>\n<p class=\"x_MsoNormal\" style=\"text-align: justify;\"><span style=\"font-family: arial, helvetica, sans-serif; font-size: 12pt;\">Jorge Alan Urbina Vidales precis\u00f3 que este operativo se realiza en coordinaci\u00f3n con las estrategias implementadas por las diferentes dependencias de la administraci\u00f3n p\u00fablica federal y del gobierno del estado, para la conservaci\u00f3n, distribuci\u00f3n y aplicaci\u00f3n de dicha vacuna.<\/span><\/p>\n<p class=\"x_MsoNormal\" style=\"text-align: justify;\"><span style=\"font-family: arial, helvetica, sans-serif; font-size: 12pt;\">\u201cDesignamos personal verificador adscrito al \u00e1rea de protecci\u00f3n contra riesgos sanitarios en los m\u00f3dulos de vacunaci\u00f3n asignados en todo Sinaloa, a fin de que est\u00e9n constatando durante y posterior al proceso de vacunaci\u00f3n el cumplimiento de las recomendaciones sanitarias emitidas a nivel federal\u201d, explic\u00f3.<\/span><\/p>\n<p class=\"x_MsoNormal\" style=\"text-align: justify;\"><span style=\"font-family: arial, helvetica, sans-serif; font-size: 12pt;\">Indic\u00f3 que por disposici\u00f3n federal todos los centros de vacunaci\u00f3n contra el COVID-19 deben contar con filtro sanitario que contemple term\u00f3metro (toma de temperatura), gel antibacterial y \u00e1rea de lavado de manos, y los puestos de vacunaci\u00f3n deben encontrarse limpios e identificados con se\u00f1al\u00e9tica que oriente y garantice la sana distancia.<\/span><\/p>\n<p class=\"x_MsoNormal\" style=\"text-align: justify;\"><span style=\"font-family: arial, helvetica, sans-serif; font-size: 12pt;\">\u201cLa mesa de vacunaci\u00f3n debe estar limpia con t\u00e9cnica de asepsia y el sistema de refrigeraci\u00f3n adecuado, es decir, refrigerador o termo de 9 litros, term\u00f3metro de v\u00e1stago y juego de paquetes refrigerantes, as\u00ed como torundero con torundas h\u00famedas o almohadillas alcoholadas con r\u00f3tulo que especifique fecha de preparaci\u00f3n y colocaci\u00f3n, y por supuesto jeringas est\u00e9riles en lugar seguro y libre de humedad\u201d, precis\u00f3.<\/span><\/p>\n<p class=\"x_MsoNormal\" style=\"text-align: justify;\"><span style=\"font-family: arial, helvetica, sans-serif; font-size: 12pt;\">Luego sostuvo que el manejo de residuos peligrosos biol\u00f3gico infecciosos (RPBI) debe hacerse en contenedores r\u00edgidos y contar con bolsa de polietileno para basura com\u00fan.<\/span><\/p>\n<p class=\"x_MsoNormal\" style=\"text-align: justify;\"><span style=\"font-family: arial, helvetica, sans-serif; font-size: 12pt;\">\u201cEs importante verificar que el sol no le d\u00e9 directamente al termo que contiene el biol\u00f3gico y el puesto de vacunaci\u00f3n debe contar con un \u00e1rea de observaci\u00f3n post vacunaci\u00f3n donde deben permanecer 30 minutos las personas que hayan recibido la vacuna para vigilancia de posibles reacciones\u201d, dijo.<\/span><\/p>\n<p class=\"x_MsoNormal\" style=\"text-align: justify;\"><span style=\"font-family: arial, helvetica, sans-serif; font-size: 12pt;\">Jorge Alan Urbina Vidales apunt\u00f3 que los verificadores tambi\u00e9n revisan los elementos en la cadena de fr\u00edo, en especial que las condiciones de traslado garanticen las especificaciones descritas en el marbete de la vacuna, es decir, el espacio donde se indica la informaci\u00f3n relacionada con la vacuna.<\/span><\/p>\n<p class=\"x_MsoNormal\" style=\"text-align: justify;\"><span style=\"font-family: arial, helvetica, sans-serif; font-size: 12pt;\">\u201cEstamos verificando continuamente la temperatura de conservaci\u00f3n desde su recepci\u00f3n y durante su almacenamiento y que las vacunas se conserven a las temperaturas espec\u00edficas por el proveedor o las especificaciones en su marbete\u201d, dijo.<\/span><\/p>\n<p class=\"x_MsoNormal\" style=\"text-align: justify;\"><span style=\"font-family: arial, helvetica, sans-serif; font-size: 12pt;\">Puntualiz\u00f3 que los sistemas de conservaci\u00f3n refrigerador, hielera de traslado y hielera de mesa, deben cumplir las temperaturas de conservaci\u00f3n recomendada y la red de fr\u00edo debe contar con gr\u00e1fica de registro y control de temperatura. \u201cEstamos verificando que los equipos de conservaci\u00f3n se encuentren en buen estado de mantenimiento\u201d, dijo.<\/span><\/p>\n<p class=\"x_MsoNormal\" style=\"text-align: justify;\"><span style=\"font-family: arial, helvetica, sans-serif; font-size: 12pt;\">El comisionado Jorge Alan Urbina Vidales sostuvo que se debe contar con el plan de contingencia en caso de que las temperaturas salgan de los l\u00edmites de conservaci\u00f3n y los instrumentos utilizados para el monitoreo de la red de fr\u00edo deben tener la calibraci\u00f3n vigente.<\/span><\/p>\n<p class=\"x_MsoNormal\" style=\"text-align: justify;\"><span style=\"font-family: arial, helvetica, sans-serif; font-size: 12pt;\">Finalmente advirti\u00f3 que de encontrarse irregularidades las har\u00e1n del conocimiento en el sitio al encargado del m\u00f3dulo de vacunaci\u00f3n o con quien se entienda la visita, para subsanarlas de inmediato, de modo que los equipos se encuentren en \u00f3ptimo estado para su desempe\u00f1o.<\/span><\/p>\n","protected":false},"excerpt":{"rendered":"<p>&nbsp; La Secretar\u00eda de Salud, a trav\u00e9s de la Comisi\u00f3n para la Protecci\u00f3n contra Riesgos Sanitarios de Sinaloa (Coepriss), lleva a cabo un &nbsp;operativo de vigilancia y seguridad sanitaria durante la aplicaci\u00f3n de la vacuna contra el Virus SARS-CoV-2. El comisionado Jorge Alan Urbina Vidales inform\u00f3 que el operativo de vigilancia para garantizar la seguridad [&hellip;]<\/p>\n","protected":false},"author":1,"featured_media":6938,"comment_status":"closed","ping_status":"closed","sticky":false,"template":"","format":"standard","meta":{"footnotes":""},"categories":[24],"tags":[],"ppma_author":[31],"class_list":["post-15045","post","type-post","status-publish","format-standard","has-post-thumbnail","hentry","category-relevantes"],"aioseo_notices":[],"authors":[{"term_id":31,"user_id":1,"is_guest":0,"slug":"ivan3vino","display_name":"Iv\u00e1n Trevi\u00f1o","avatar_url":{"url":"https:\/\/visionciudadana.com.mx\/oficial\/wp-content\/uploads\/2025\/09\/columna-ivan-Trevino.png","url2x":"https:\/\/visionciudadana.com.mx\/oficial\/wp-content\/uploads\/2025\/09\/columna-ivan-Trevino.png"},"0":null,"1":"","2":"","3":"","4":"","5":"","6":"","7":"","8":""}],"_links":{"self":[{"href":"https:\/\/visionciudadana.com.mx\/oficial\/wp-json\/wp\/v2\/posts\/15045","targetHints":{"allow":["GET"]}}],"collection":[{"href":"https:\/\/visionciudadana.com.mx\/oficial\/wp-json\/wp\/v2\/posts"}],"about":[{"href":"https:\/\/visionciudadana.com.mx\/oficial\/wp-json\/wp\/v2\/types\/post"}],"author":[{"embeddable":true,"href":"https:\/\/visionciudadana.com.mx\/oficial\/wp-json\/wp\/v2\/users\/1"}],"replies":[{"embeddable":true,"href":"https:\/\/visionciudadana.com.mx\/oficial\/wp-json\/wp\/v2\/comments?post=15045"}],"version-history":[{"count":1,"href":"https:\/\/visionciudadana.com.mx\/oficial\/wp-json\/wp\/v2\/posts\/15045\/revisions"}],"predecessor-version":[{"id":31332,"href":"https:\/\/visionciudadana.com.mx\/oficial\/wp-json\/wp\/v2\/posts\/15045\/revisions\/31332"}],"wp:featuredmedia":[{"embeddable":true,"href":"https:\/\/visionciudadana.com.mx\/oficial\/wp-json\/wp\/v2\/posts\/6938"}],"wp:attachment":[{"href":"https:\/\/visionciudadana.com.mx\/oficial\/wp-json\/wp\/v2\/media?parent=15045"}],"wp:term":[{"taxonomy":"category","embeddable":true,"href":"https:\/\/visionciudadana.com.mx\/oficial\/wp-json\/wp\/v2\/categories?post=15045"},{"taxonomy":"post_tag","embeddable":true,"href":"https:\/\/visionciudadana.com.mx\/oficial\/wp-json\/wp\/v2\/tags?post=15045"},{"taxonomy":"author","embeddable":true,"href":"https:\/\/visionciudadana.com.mx\/oficial\/wp-json\/wp\/v2\/ppma_author?post=15045"}],"curies":[{"name":"wp","href":"https:\/\/api.w.org\/{rel}","templated":true}]}}