{"id":15043,"date":"2021-03-11T23:38:27","date_gmt":"2021-03-11T23:38:27","guid":{"rendered":"https:\/\/visionciudadana.com.mx\/prueba\/2021\/03\/11\/juan-diego-mascareno-lopez-nuevo-titular-del-ceprevsin-del-sesesp\/"},"modified":"2025-06-25T00:32:16","modified_gmt":"2025-06-25T00:32:16","slug":"juan-diego-mascareno-lopez-nuevo-titular-del-ceprevsin-del-sesesp","status":"publish","type":"post","link":"https:\/\/visionciudadana.com.mx\/oficial\/2021\/03\/11\/juan-diego-mascareno-lopez-nuevo-titular-del-ceprevsin-del-sesesp\/","title":{"rendered":"Juan Diego Mascare\u00f1o L\u00f3pez, nuevo titular del CEPREVSIN del SESESP"},"content":{"rendered":"<p><img fetchpriority=\"high\" decoding=\"async\" src=\"images\/vision_1.PNG\" alt=\"vision 1\" width=\"696\" height=\"406\" style=\"display: block; margin-left: auto; margin-right: auto;\" \/><\/p>\n<p><span style=\"font-family: arial, helvetica, sans-serif; font-size: 12pt;\">Por instrucci\u00f3n del Gobernador, Quirino Ordaz Coppel, el secretario del Secretariado Ejecutivo del Sistema Estatal de Seguridad P\u00fablica (SESESP), Renato Ocampo Alc\u00e1ntar, tom\u00f3 protesta a Juan Diego Mascare\u00f1o L\u00f3pez, como titular del Centro Estatal de Prevenci\u00f3n y Participaci\u00f3n Ciudadana en sustituci\u00f3n de Paola Iveth G\u00e1rate Valenzuela.<\/span><\/p>\n<p>&nbsp;<\/p>\n<p><span style=\"font-family: arial, helvetica, sans-serif; font-size: 12pt;\">Durante el acto protocolario Ocampo Alc\u00e1ntar, lo exhort\u00f3 a trabajar en equipo con responsabilidad y eficiencia; atendiendo siempre las demandas de la sociedad; y propiciar mejores condiciones de seguridad para la poblaci\u00f3n porque \u201cSinaloa se Construye con Hechos\u201d:<\/span><\/p>\n<p><span style=\"font-family: arial, helvetica, sans-serif; font-size: 12pt;\">En el mismo tenor el titular del SESESP, se\u00f1al\u00f3 que a trav\u00e9s de las acciones que se realizan en el CEPREVSIN se han logrado avances en materia de prevenci\u00f3n del delito, participaci\u00f3n ciudadana, proximidad social, bajo los compromisos que ha hecho el Ejecutivo Estatal.<\/span><\/p>\n<p><span style=\"font-family: arial, helvetica, sans-serif; font-size: 12pt;\">En su intervenci\u00f3n, el nuevo titular del Centro, dijo que este nombramiento es una oportunidad para continuar con la construcci\u00f3n de soluciones y respuestas en momentos como \u00e9ste, con la nueva normalidad.<\/span><\/p>\n<p><span style=\"font-family: arial, helvetica, sans-serif; font-size: 12pt;\">Juan Diego Mascare\u00f1o L\u00f3pez, se ha desempe\u00f1ado como subgerente de Asistencia al Usuario de la Japac, asesor del H. Congreso del Estado de Sinaloa, director de operaci\u00f3n del Instituto Sinaloense para la Educaci\u00f3n de los Adultos (ISEA), director de Servicios P\u00fablicos Municipales del H. Ayuntamiento de Culiac\u00e1n, entre otros.<\/span><\/p>\n<p><span style=\"font-family: arial, helvetica, sans-serif; font-size: 12pt;\">Quien hoy es el director del Centro Estatal de Prevenci\u00f3n y Participaci\u00f3n Ciudadana, protest\u00f3 de manera responsable y se comprometi\u00f3 a mantener su vocaci\u00f3n de servicio a la ciudadan\u00eda, para continuar trabajando por un \u00a1Mejor Sinaloa!.<\/span><\/p>\n<p>&nbsp;<\/p>\n<p>&nbsp;<\/p>\n<p>REDACCI\u00d3N\/ Visi\u00f3n Ciudadana&nbsp;<\/p>\n","protected":false},"excerpt":{"rendered":"<p>Por instrucci\u00f3n del Gobernador, Quirino Ordaz Coppel, el secretario del Secretariado Ejecutivo del Sistema Estatal de Seguridad P\u00fablica (SESESP), Renato Ocampo Alc\u00e1ntar, tom\u00f3 protesta a Juan Diego Mascare\u00f1o L\u00f3pez, como titular del Centro Estatal de Prevenci\u00f3n y Participaci\u00f3n Ciudadana en sustituci\u00f3n de Paola Iveth G\u00e1rate Valenzuela. &nbsp; Durante el acto protocolario Ocampo Alc\u00e1ntar, lo exhort\u00f3 [&hellip;]<\/p>\n","protected":false},"author":1,"featured_media":5962,"comment_status":"closed","ping_status":"closed","sticky":false,"template":"","format":"standard","meta":{"footnotes":""},"categories":[24],"tags":[],"ppma_author":[31],"class_list":["post-15043","post","type-post","status-publish","format-standard","has-post-thumbnail","hentry","category-relevantes"],"aioseo_notices":[],"authors":[{"term_id":31,"user_id":1,"is_guest":0,"slug":"ivan3vino","display_name":"Iv\u00e1n Trevi\u00f1o","avatar_url":{"url":"https:\/\/visionciudadana.com.mx\/oficial\/wp-content\/uploads\/2025\/09\/columna-ivan-Trevino.png","url2x":"https:\/\/visionciudadana.com.mx\/oficial\/wp-content\/uploads\/2025\/09\/columna-ivan-Trevino.png"},"0":null,"1":"","2":"","3":"","4":"","5":"","6":"","7":"","8":""}],"_links":{"self":[{"href":"https:\/\/visionciudadana.com.mx\/oficial\/wp-json\/wp\/v2\/posts\/15043","targetHints":{"allow":["GET"]}}],"collection":[{"href":"https:\/\/visionciudadana.com.mx\/oficial\/wp-json\/wp\/v2\/posts"}],"about":[{"href":"https:\/\/visionciudadana.com.mx\/oficial\/wp-json\/wp\/v2\/types\/post"}],"author":[{"embeddable":true,"href":"https:\/\/visionciudadana.com.mx\/oficial\/wp-json\/wp\/v2\/users\/1"}],"replies":[{"embeddable":true,"href":"https:\/\/visionciudadana.com.mx\/oficial\/wp-json\/wp\/v2\/comments?post=15043"}],"version-history":[{"count":1,"href":"https:\/\/visionciudadana.com.mx\/oficial\/wp-json\/wp\/v2\/posts\/15043\/revisions"}],"predecessor-version":[{"id":31334,"href":"https:\/\/visionciudadana.com.mx\/oficial\/wp-json\/wp\/v2\/posts\/15043\/revisions\/31334"}],"wp:featuredmedia":[{"embeddable":true,"href":"https:\/\/visionciudadana.com.mx\/oficial\/wp-json\/wp\/v2\/media\/5962"}],"wp:attachment":[{"href":"https:\/\/visionciudadana.com.mx\/oficial\/wp-json\/wp\/v2\/media?parent=15043"}],"wp:term":[{"taxonomy":"category","embeddable":true,"href":"https:\/\/visionciudadana.com.mx\/oficial\/wp-json\/wp\/v2\/categories?post=15043"},{"taxonomy":"post_tag","embeddable":true,"href":"https:\/\/visionciudadana.com.mx\/oficial\/wp-json\/wp\/v2\/tags?post=15043"},{"taxonomy":"author","embeddable":true,"href":"https:\/\/visionciudadana.com.mx\/oficial\/wp-json\/wp\/v2\/ppma_author?post=15043"}],"curies":[{"name":"wp","href":"https:\/\/api.w.org\/{rel}","templated":true}]}}