{"id":15032,"date":"2021-03-09T00:30:39","date_gmt":"2021-03-09T00:30:39","guid":{"rendered":"https:\/\/visionciudadana.com.mx\/prueba\/2021\/03\/09\/en-la-xliii-legislatura-se-trabajo-para-disminuir-las-brechas-de-la-desigualdad\/"},"modified":"2025-06-25T00:32:16","modified_gmt":"2025-06-25T00:32:16","slug":"en-la-xliii-legislatura-se-trabajo-para-disminuir-las-brechas-de-la-desigualdad","status":"publish","type":"post","link":"https:\/\/visionciudadana.com.mx\/oficial\/2021\/03\/09\/en-la-xliii-legislatura-se-trabajo-para-disminuir-las-brechas-de-la-desigualdad\/","title":{"rendered":"En la XLIII legislatura se trabaj\u00f3 para disminuir las brechas de la desigualdad"},"content":{"rendered":"<div style=\"text-align: justify;\"><img fetchpriority=\"high\" decoding=\"async\" src=\"images\/Marzos21\/se\u00f1ora_pas.PNG\" alt=\"se\u00f1ora pas\" width=\"447\" height=\"236\" style=\"display: block; margin-left: auto; margin-right: auto;\" \/><\/div>\n<div style=\"text-align: justify;\">&nbsp;<\/div>\n<div style=\"text-align: justify;\"><span style=\"font-size: 14pt; font-family: arial, helvetica, sans-serif;\">En el Marco del D\u00eda Internacional de las Mujeres, la diputada con licencia y secretaria del Activismo Social del Partido Sinaloense, Ang\u00e9lica D\u00edaz de Cu\u00e9n se\u00f1al\u00f3, durante la Conferencia Magistral Mujeres L\u00edderes, impartida por el presidente del PAS, H\u00e9ctor Melesio Cu\u00e9n Ojeda, en modalidad virtual, organizada la Secretar\u00eda de Asuntos de G\u00e9nero e Inclusi\u00f3n Social del Partido Sinaloense, que preside Marisol Mendoza, que no hay mejor conmemoraci\u00f3n para las mujeres, como el de trabajar desde la competencia de cada quien para disminuir las brechas de desigualdad, por ello, de las 321 iniciativas, presentadas en el Congreso del Estado; 31 est\u00e1n encaminadas directamente a favorecer a las mujeres, lo que la ha colocado como la diputada m\u00e1s productiva de la LXIII Legislatura y una incansable luchadora por los derechos de las mujeres.<\/span><\/div>\n<div style=\"text-align: justify;\">&nbsp;<\/div>\n<div style=\"text-align: justify;\"><span style=\"font-size: 14pt; font-family: arial, helvetica, sans-serif;\"><\/span><\/div>\n<div style=\"text-align: justify;\"><span style=\"font-size: 14pt; font-family: arial, helvetica, sans-serif;\">Ante la presencia de m\u00e1s de m\u00e1s de mil mujeres en plataforma Zoom y 7 mil 700 en FaceLive, y la presencia del Senador con permiso, Rub\u00e9n Rocha Moya, D\u00edaz de Cu\u00e9n enfatiz\u00f3 que el trabajo como legisladora es y ha sido para las mujeres; el objetivo siempre es por buscar el reconocimiento y la ampliaci\u00f3n de los derechos a favor de todas.<\/span><\/div>\n<div style=\"text-align: justify;\"><span style=\"font-size: 14pt; font-family: arial, helvetica, sans-serif;\"><\/span><\/div>\n<div style=\"text-align: justify;\">&nbsp;<\/div>\n<div style=\"text-align: justify;\"><span style=\"font-size: 14pt; font-family: arial, helvetica, sans-serif;\">\u201cAplaudo y reconozco a &nbsp;todas las mujeres, pues creo en el empoderamiento de la mujer no como una imposici\u00f3n ideol\u00f3gica, sino por justicia, creo en esto porque somos poderosas cuando decidimos hacer algo, somos invencibles en la lucha por ser reconocidas, somos mujeres, somos s\u00edmbolo de fuerza, de entrega, de amor, de ternura y tambi\u00e9n somos madres, hijas, esposas, amigas, compa\u00f1eras, seres capaces de hacer todo desde el rol que desempe\u00f1emos\u201d.<\/span><\/div>\n<div style=\"text-align: justify;\"><span style=\"font-size: 14pt; font-family: arial, helvetica, sans-serif;\"><\/span><\/div>\n<div style=\"text-align: justify;\">&nbsp;<\/div>\n<div style=\"text-align: justify;\"><span style=\"font-size: 14pt; font-family: arial, helvetica, sans-serif;\">\u201cEste 8 de Marzo es la fecha que nos recuerda que debemos seguir exigiendo m\u00e1s cambios para eliminar todas las desigualdades. Hoy m\u00e1s que nunca, necesitamos determinaci\u00f3n para lograr avances sin precedentes\u201d.&nbsp;<\/span><\/div>\n<div style=\"text-align: justify;\">&nbsp;<\/div>\n<div style=\"text-align: justify;\"><span style=\"font-size: 14pt; font-family: arial, helvetica, sans-serif;\"><\/span><\/div>\n<div style=\"text-align: justify;\"><span style=\"font-size: 14pt; font-family: arial, helvetica, sans-serif;\">D\u00edaz de Cu\u00e9n advierte que; este contexto desigual solo se resolver\u00e1 con la presencia de las mujeres en los puestos de decisi\u00f3n y poder, es decir; democracia real. Por ello, es fundamental que las mujeres se inserten en la vida p\u00fablica, de poder y toma de decisiones, pues el empoderamiento de las mujeres es un elemento fundamental &nbsp;para garantizar el desarrollo pleno de todas.<\/span><\/div>\n<div style=\"text-align: justify;\">&nbsp;<\/div>\n<div style=\"text-align: justify;\"><span style=\"font-size: 14pt; font-family: arial, helvetica, sans-serif;\"><\/span><\/div>\n<div style=\"text-align: justify;\"><span style=\"font-size: 14pt; font-family: arial, helvetica, sans-serif;\">\u201cDe las 321 iniciativas presentadas en la LXIII Legislatura, 31 benefician a las mujeres y 10 de \u00e9stas logramos que fueran aprobadas, as\u00ed mismo, de los 197 posicionamientos expuestos en tribuna, 37 eran temas a favor de la Mujer\u201d.<\/span><\/div>\n<div style=\"text-align: justify;\">&nbsp;<\/div>\n<div style=\"text-align: justify;\"><span style=\"font-size: 14pt; font-family: arial, helvetica, sans-serif;\"><\/span><\/div>\n<div style=\"text-align: justify;\"><span style=\"font-size: 14pt; font-family: arial, helvetica, sans-serif;\">1. Iniciativa que reforma a la Ley de Seguridad P\u00fablica del Estado de Sinaloa. Tiene por objeto homologar las pensiones que reciben las viudas de agentes policiales fallecidos.<\/span><\/div>\n<div style=\"text-align: justify;\">&nbsp;<\/div>\n<div style=\"text-align: justify;\"><span style=\"font-size: 14pt; font-family: arial, helvetica, sans-serif;\">2. Iniciativa de reforma al art\u00edculo 171 del C\u00f3digo Familiar del Estado de Sinaloa. Tiene por objeto que las concubinas tengan el mismo plazo que las c\u00f3nyuges para ejercer la acci\u00f3n de alimentos.<\/span><\/div>\n<div style=\"text-align: justify;\">&nbsp;<\/div>\n<div style=\"text-align: justify;\"><span style=\"font-size: 14pt; font-family: arial, helvetica, sans-serif;\">3. Iniciativa que expide la Ley de Apoyo a Personas en Situaci\u00f3n de Dependencia y a sus Cuidadores del Estado de Sinaloa.<\/span><\/div>\n<div style=\"text-align: justify;\">&nbsp;<\/div>\n<div style=\"text-align: justify;\"><span style=\"font-size: 14pt; font-family: arial, helvetica, sans-serif;\">4. Iniciativa de reformas y adiciones a la Constituci\u00f3n Pol\u00edtica del Estado de Sinaloa en materia Pol\u00edtico-electoral y paridad de g\u00e9nero.<\/span><\/div>\n<div style=\"text-align: justify;\">&nbsp;<\/div>\n<div style=\"text-align: justify;\"><span style=\"font-size: 14pt; font-family: arial, helvetica, sans-serif;\">5. Iniciativa de Decreto por el que se expiden reformas y adiciones a diversas Leyes del Estado de Sinaloa, para regular la violencia pol\u00edtica en raz\u00f3n de g\u00e9nero.<\/span><\/div>\n<div style=\"text-align: justify;\">&nbsp;<\/div>\n<div style=\"text-align: justify;\"><span style=\"font-size: 14pt; font-family: arial, helvetica, sans-serif;\">6. Iniciativa para reformar y adicionar diversas Leyes del Estado de Sinaloa en materia de paridad de G\u00e9nero.<\/span><\/div>\n<div style=\"text-align: justify;\">&nbsp;<\/div>\n<div style=\"text-align: justify;\"><span style=\"font-size: 14pt; font-family: arial, helvetica, sans-serif;\">7. Iniciativa que reforma a la Ley de Acceso de las Mujeres a una Vida Libre de Violencia para el Estado de Sinaloa, para establecer el Protocolo Alba.<\/span><\/div>\n<div style=\"text-align: justify;\"><span style=\"font-size: 14pt; font-family: arial, helvetica, sans-serif;\">8. Iniciativa para reformar la Ley de Instituciones y Procedimientos Electorales del Estado de Sinaloa, para garantizar la paridad de g\u00e9nero en la conformaci\u00f3n de las Diputaciones que integran el Congreso del Estado de Sinaloa.<\/span><\/div>\n<div style=\"text-align: justify;\">&nbsp;<\/div>\n<div style=\"text-align: justify;\"><span style=\"font-size: 14pt; font-family: arial, helvetica, sans-serif;\">9. Iniciativa para expedir la Ley de Educaci\u00f3n del Estado de Sinaloa, que incluye la propuesta de establecer programas de estudio con perspectiva de g\u00e9nero.<\/span><\/div>\n<div style=\"text-align: justify;\">&nbsp;<\/div>\n<div style=\"text-align: justify;\"><span style=\"font-size: 14pt; font-family: arial, helvetica, sans-serif;\">10. Iniciativa que propone expedir la Ley de Amnist\u00eda para el Estado de Sinaloa, que incluye beneficios para las mujeres que est\u00e9n en prisi\u00f3n por el delito de aborto.<\/span><\/div>\n<div style=\"text-align: justify;\">&nbsp;<\/div>\n<div style=\"text-align: justify;\">&nbsp;<\/div>\n<div style=\"text-align: justify;\"><span style=\"font-size: 14pt; font-family: arial, helvetica, sans-serif;\">REDACCI\u00d3N\/VISI\u00d3N CIUDADANA.<\/span><\/div>\n","protected":false},"excerpt":{"rendered":"<p>&nbsp; En el Marco del D\u00eda Internacional de las Mujeres, la diputada con licencia y secretaria del Activismo Social del Partido Sinaloense, Ang\u00e9lica D\u00edaz de Cu\u00e9n se\u00f1al\u00f3, durante la Conferencia Magistral Mujeres L\u00edderes, impartida por el presidente del PAS, H\u00e9ctor Melesio Cu\u00e9n Ojeda, en modalidad virtual, organizada la Secretar\u00eda de Asuntos de G\u00e9nero e Inclusi\u00f3n [&hellip;]<\/p>\n","protected":false},"author":1,"featured_media":6923,"comment_status":"closed","ping_status":"closed","sticky":false,"template":"","format":"standard","meta":{"footnotes":""},"categories":[24],"tags":[],"ppma_author":[31],"class_list":["post-15032","post","type-post","status-publish","format-standard","has-post-thumbnail","hentry","category-relevantes"],"aioseo_notices":[],"authors":[{"term_id":31,"user_id":1,"is_guest":0,"slug":"ivan3vino","display_name":"Iv\u00e1n Trevi\u00f1o","avatar_url":{"url":"https:\/\/visionciudadana.com.mx\/oficial\/wp-content\/uploads\/2025\/09\/columna-ivan-Trevino.png","url2x":"https:\/\/visionciudadana.com.mx\/oficial\/wp-content\/uploads\/2025\/09\/columna-ivan-Trevino.png"},"0":null,"1":"","2":"","3":"","4":"","5":"","6":"","7":"","8":""}],"_links":{"self":[{"href":"https:\/\/visionciudadana.com.mx\/oficial\/wp-json\/wp\/v2\/posts\/15032","targetHints":{"allow":["GET"]}}],"collection":[{"href":"https:\/\/visionciudadana.com.mx\/oficial\/wp-json\/wp\/v2\/posts"}],"about":[{"href":"https:\/\/visionciudadana.com.mx\/oficial\/wp-json\/wp\/v2\/types\/post"}],"author":[{"embeddable":true,"href":"https:\/\/visionciudadana.com.mx\/oficial\/wp-json\/wp\/v2\/users\/1"}],"replies":[{"embeddable":true,"href":"https:\/\/visionciudadana.com.mx\/oficial\/wp-json\/wp\/v2\/comments?post=15032"}],"version-history":[{"count":1,"href":"https:\/\/visionciudadana.com.mx\/oficial\/wp-json\/wp\/v2\/posts\/15032\/revisions"}],"predecessor-version":[{"id":31336,"href":"https:\/\/visionciudadana.com.mx\/oficial\/wp-json\/wp\/v2\/posts\/15032\/revisions\/31336"}],"wp:featuredmedia":[{"embeddable":true,"href":"https:\/\/visionciudadana.com.mx\/oficial\/wp-json\/wp\/v2\/posts\/6923"}],"wp:attachment":[{"href":"https:\/\/visionciudadana.com.mx\/oficial\/wp-json\/wp\/v2\/media?parent=15032"}],"wp:term":[{"taxonomy":"category","embeddable":true,"href":"https:\/\/visionciudadana.com.mx\/oficial\/wp-json\/wp\/v2\/categories?post=15032"},{"taxonomy":"post_tag","embeddable":true,"href":"https:\/\/visionciudadana.com.mx\/oficial\/wp-json\/wp\/v2\/tags?post=15032"},{"taxonomy":"author","embeddable":true,"href":"https:\/\/visionciudadana.com.mx\/oficial\/wp-json\/wp\/v2\/ppma_author?post=15032"}],"curies":[{"name":"wp","href":"https:\/\/api.w.org\/{rel}","templated":true}]}}