{"id":15031,"date":"2021-03-09T00:06:50","date_gmt":"2021-03-09T00:06:50","guid":{"rendered":"https:\/\/visionciudadana.com.mx\/prueba\/2021\/03\/09\/firma-pri-agenda-por-las-mujeres-a-nivel-nacional\/"},"modified":"2025-06-25T00:32:16","modified_gmt":"2025-06-25T00:32:16","slug":"firma-pri-agenda-por-las-mujeres-a-nivel-nacional","status":"publish","type":"post","link":"https:\/\/visionciudadana.com.mx\/oficial\/2021\/03\/09\/firma-pri-agenda-por-las-mujeres-a-nivel-nacional\/","title":{"rendered":"Firma PRI \u00abAgenda por las mujeres\u00bb a nivel nacional"},"content":{"rendered":"<p style=\"text-align: justify;\"><img fetchpriority=\"high\" decoding=\"async\" src=\"images\/Marzos21\/firma_el_pri.PNG\" alt=\"firma el pri\" width=\"463\" height=\"280\" style=\"display: block; margin-left: auto; margin-right: auto;\" \/><\/p>\n<p style=\"text-align: justify;\"><span style=\"font-size: 14pt; font-family: arial, helvetica, sans-serif;\">En el marco conmemorativo del D\u00eda Internacional de la Mujer, el Partido Revolucionario Institucional, realiz\u00f3 a nivel nacional la firma de la \u201cAgenda por las Mujeres\u201d, reafirmando el compromiso por un pa\u00eds libre de violencia de g\u00e9nero, en el que se respeten los derechos de las mujeres.<\/span><\/p>\n<p style=\"text-align: justify;\">&nbsp;<\/p>\n<p class=\"x_MsoNormal\" style=\"text-align: justify;\"><span style=\"font-size: 14pt; font-family: arial, helvetica, sans-serif;\">Jes\u00fas Vald\u00e9s Palazuelos, presidente del PRI en Sinaloa, ante la secretaria general, Cinthia Valenzuela Langarica;&nbsp; la presidenta del ONMPRI en Sinaloa, Ivette Valenzuela Ram\u00edrez y la se\u00f1ora Wendy Ibarra de Zamora, se\u00f1al\u00f3 que \u201ccomo partido hemos tenido grandes logros y acciones en materia de igualdad de g\u00e9nero y participaci\u00f3n pol\u00edtica\u201d.<\/span><\/p>\n<p style=\"text-align: justify;\">&nbsp;<\/p>\n<p class=\"x_MsoNormal\" style=\"text-align: justify;\"><span style=\"font-size: 14pt; font-family: arial, helvetica, sans-serif;\">\u201cEn el Consejo Pol\u00edtico Nacional se aprob\u00f3 el protocolo para prevenir, atender, sancionar y erradicar la violencia pol\u00edtica contra las mujeres en raz\u00f3n de g\u00e9nero, tenemos un programa de capacitaci\u00f3n, promoci\u00f3n y desarrollo del liderazgo pol\u00edtico de la mujer que ha beneficiado a miles de mujeres a nivel nacional\u201d destac\u00f3 el presidente estatal.<\/span><\/p>\n<p style=\"text-align: justify;\">&nbsp;<\/p>\n<p class=\"x_MsoNormal\" style=\"text-align: justify;\"><span style=\"font-size: 14pt; font-family: arial, helvetica, sans-serif;\">En su mensaje, la se\u00f1ora Wendy Ibarra, dijo que \u201choy en d\u00eda, ya se est\u00e1 logrando ver m\u00e1s mujeres tan valiosas y preparadas y han conseguido tener igualdad de condiciones, derechos y oportunidades, siempre activas siendo algunas madres solteras, con esposo, con hijos, con trabajo, amas de casas, con diversas actividades, es digno de reconocer el d\u00eda a d\u00eda de cada una\u201d.&nbsp;<\/span><\/p>\n<p style=\"text-align: justify;\">&nbsp;<\/p>\n<p class=\"x_MsoNormal\" style=\"text-align: justify;\"><span style=\"font-size: 14pt; font-family: arial, helvetica, sans-serif;\">A su vez, Ivette Valenzuela en su intervenci\u00f3n, dijo&nbsp; \u201choy sin duda es momento hist\u00f3rico para las mujeres del PRI, porque en el marco del D\u00eda Internacional de la Mujer, una vez&nbsp; m\u00e1s nuestro partido da muestra que es el \u00fanico partido que realmente defiende y lucha por las causas de las f\u00e9minas en nuestro pa\u00eds\u201d.<\/span><\/p>\n<p style=\"text-align: justify;\">&nbsp;<\/p>\n<p class=\"x_MsoNormal\" style=\"text-align: justify;\"><span style=\"font-size: 14pt; font-family: arial, helvetica, sans-serif;\">\u201cLas mujeres del PRI, no solo han hecho historia, si no que contin\u00faan haci\u00e9ndola; merecemos una sociedad m\u00e1s justa, sin estigma, ni violencia, una sociedad con m\u00e1s oportunidades y un gobierno que nos brinde mejores condiciones de vida\u201d, puntualizo la dirigente del ONMPRI en Sinaloa.<\/span><\/p>\n<p style=\"text-align: justify;\">&nbsp;<\/p>\n<p class=\"x_MsoNormal\" style=\"text-align: justify;\"><span style=\"font-size: 14pt; font-family: arial, helvetica, sans-serif;\">Posteriormente, el candidato Mario Zamora, plasm\u00f3 su firma sum\u00e1ndose a esta \u00abAgenda por las mujeres\u00bb en la que se compromete a integrar equipos paritarios, incluyendo a mujeres; as\u00ed como prevenir, combatir y sancionar la violencia contra las mujeres.<\/span><\/p>\n<p style=\"text-align: justify;\">&nbsp;<\/p>\n<p class=\"x_MsoNormal\" style=\"text-align: justify;\"><span style=\"font-size: 14pt; font-family: arial, helvetica, sans-serif;\">Asimismo, previo a este evento, se llev\u00f3 a cabo la firma de convenio con el Colectivo 50+1, por una democracia paritaria en coordinaci\u00f3n con partidos pol\u00edticos de Sinaloa.<\/span><\/p>\n<p style=\"text-align: justify;\">&nbsp;<\/p>\n<p style=\"text-align: justify;\">&nbsp;<\/p>\n<p style=\"text-align: justify;\"><span style=\"font-size: 14pt; font-family: arial, helvetica, sans-serif;\">REDACCI\u00d3N\/VISI\u00d3N CIUDADANA.<\/span><\/p>\n<div>&nbsp;<\/div>\n","protected":false},"excerpt":{"rendered":"<p>En el marco conmemorativo del D\u00eda Internacional de la Mujer, el Partido Revolucionario Institucional, realiz\u00f3 a nivel nacional la firma de la \u201cAgenda por las Mujeres\u201d, reafirmando el compromiso por un pa\u00eds libre de violencia de g\u00e9nero, en el que se respeten los derechos de las mujeres. &nbsp; Jes\u00fas Vald\u00e9s Palazuelos, presidente del PRI en [&hellip;]<\/p>\n","protected":false},"author":1,"featured_media":6921,"comment_status":"closed","ping_status":"closed","sticky":false,"template":"","format":"standard","meta":{"footnotes":""},"categories":[24],"tags":[],"ppma_author":[31],"class_list":["post-15031","post","type-post","status-publish","format-standard","has-post-thumbnail","hentry","category-relevantes"],"aioseo_notices":[],"authors":[{"term_id":31,"user_id":1,"is_guest":0,"slug":"ivan3vino","display_name":"Iv\u00e1n Trevi\u00f1o","avatar_url":{"url":"https:\/\/visionciudadana.com.mx\/oficial\/wp-content\/uploads\/2025\/09\/columna-ivan-Trevino.png","url2x":"https:\/\/visionciudadana.com.mx\/oficial\/wp-content\/uploads\/2025\/09\/columna-ivan-Trevino.png"},"0":null,"1":"","2":"","3":"","4":"","5":"","6":"","7":"","8":""}],"_links":{"self":[{"href":"https:\/\/visionciudadana.com.mx\/oficial\/wp-json\/wp\/v2\/posts\/15031","targetHints":{"allow":["GET"]}}],"collection":[{"href":"https:\/\/visionciudadana.com.mx\/oficial\/wp-json\/wp\/v2\/posts"}],"about":[{"href":"https:\/\/visionciudadana.com.mx\/oficial\/wp-json\/wp\/v2\/types\/post"}],"author":[{"embeddable":true,"href":"https:\/\/visionciudadana.com.mx\/oficial\/wp-json\/wp\/v2\/users\/1"}],"replies":[{"embeddable":true,"href":"https:\/\/visionciudadana.com.mx\/oficial\/wp-json\/wp\/v2\/comments?post=15031"}],"version-history":[{"count":1,"href":"https:\/\/visionciudadana.com.mx\/oficial\/wp-json\/wp\/v2\/posts\/15031\/revisions"}],"predecessor-version":[{"id":31337,"href":"https:\/\/visionciudadana.com.mx\/oficial\/wp-json\/wp\/v2\/posts\/15031\/revisions\/31337"}],"wp:featuredmedia":[{"embeddable":true,"href":"https:\/\/visionciudadana.com.mx\/oficial\/wp-json\/wp\/v2\/posts\/6921"}],"wp:attachment":[{"href":"https:\/\/visionciudadana.com.mx\/oficial\/wp-json\/wp\/v2\/media?parent=15031"}],"wp:term":[{"taxonomy":"category","embeddable":true,"href":"https:\/\/visionciudadana.com.mx\/oficial\/wp-json\/wp\/v2\/categories?post=15031"},{"taxonomy":"post_tag","embeddable":true,"href":"https:\/\/visionciudadana.com.mx\/oficial\/wp-json\/wp\/v2\/tags?post=15031"},{"taxonomy":"author","embeddable":true,"href":"https:\/\/visionciudadana.com.mx\/oficial\/wp-json\/wp\/v2\/ppma_author?post=15031"}],"curies":[{"name":"wp","href":"https:\/\/api.w.org\/{rel}","templated":true}]}}