{"id":15030,"date":"2021-03-08T23:59:47","date_gmt":"2021-03-08T23:59:47","guid":{"rendered":"https:\/\/visionciudadana.com.mx\/prueba\/2021\/03\/08\/rinde-protesta-noe-heredia-como-director-general-de-cvive\/"},"modified":"2025-06-25T00:32:16","modified_gmt":"2025-06-25T00:32:16","slug":"rinde-protesta-noe-heredia-como-director-general-de-cvive","status":"publish","type":"post","link":"https:\/\/visionciudadana.com.mx\/oficial\/2021\/03\/08\/rinde-protesta-noe-heredia-como-director-general-de-cvive\/","title":{"rendered":"Rinde protesta No\u00e9 Heredia como director general de CVIVE"},"content":{"rendered":"<div style=\"text-align: justify;\"><img fetchpriority=\"high\" decoding=\"async\" src=\"images\/Marzos21\/noe_heredia.PNG\" alt=\"noe heredia\" width=\"440\" height=\"261\" style=\"display: block; margin-left: auto; margin-right: auto;\" \/><\/div>\n<div style=\"text-align: justify;\">&nbsp;<\/div>\n<div style=\"text-align: justify;\"><span style=\"font-size: 14pt; font-family: arial, helvetica, sans-serif;\">La secretaria de Desarrollo Sustentable, Isabel Mendoza Camacho, &nbsp;tom\u00f3 protesta a Cruz No\u00e9 Heredia Ay\u00f3n como director general de la Comisi\u00f3n de Vivienda del Estado de Sinaloa, en sustituci\u00f3n de Salvador Reynosa Garz\u00f3n.&nbsp;<\/span><\/div>\n<div style=\"text-align: justify;\">&nbsp;<\/div>\n<div style=\"text-align: justify;\"><span style=\"font-size: 14pt; font-family: arial, helvetica, sans-serif;\"><\/span><\/div>\n<div style=\"text-align: justify;\"><span style=\"font-size: 14pt; font-family: arial, helvetica, sans-serif;\">La titular de la SEDESU se\u00f1al\u00f3 que la instrucci\u00f3n del gobernador Quirino Ordaz Coppel es continuar con los proyectos para promover una pol\u00ed\u00adtica de vivienda eficaz y efectiva para los sinaloenses.&nbsp;<\/span><\/div>\n<div style=\"text-align: justify;\">&nbsp;<\/div>\n<div style=\"text-align: justify;\"><span style=\"font-size: 14pt; font-family: arial, helvetica, sans-serif;\"><\/span><\/div>\n<div style=\"text-align: justify;\"><span style=\"font-size: 14pt; font-family: arial, helvetica, sans-serif;\">Isabel Mendoza exhort\u00f3 al nuevo funcionario a redoblar esfuerzos para que el Programa Estatal de Vivienda siga avanzando, considerando los preceptos de la propia legislaci\u00f3n sumando pol\u00edticas globales como la Nueva Agenda Urbana y los Objetivos del Desarrollo Sostenible de la Agenda 2030.&nbsp;<\/span><\/div>\n<div style=\"text-align: justify;\">&nbsp;<\/div>\n<div style=\"text-align: justify;\"><span style=\"font-size: 14pt; font-family: arial, helvetica, sans-serif;\"><\/span><\/div>\n<div style=\"text-align: justify;\"><span style=\"font-size: 14pt; font-family: arial, helvetica, sans-serif;\">Cruz No\u00e9 Heredia es egresado de la Maestr\u00eda en Gesti\u00f3n y Pol\u00edticas P\u00fablicas y se ha desempe\u00f1ado como servidor p\u00fablico en el Desarrollo Urbano Tres R\u00edos, en el Sistema Estatal de Seguridad P\u00fablica; fue diputado local y regidor por Culiac\u00e1n.&nbsp;<\/span><\/div>\n<div style=\"text-align: justify;\">&nbsp;<\/div>\n<div style=\"text-align: justify;\"><span style=\"font-size: 14pt; font-family: arial, helvetica, sans-serif;\"><\/span><\/div>\n<div style=\"text-align: justify;\"><span style=\"font-size: 14pt; font-family: arial, helvetica, sans-serif;\">En su mensaje, No\u00e9 Heredia se comprometi\u00f3 a trabajar para brindar resultados positivos a la ciudadan\u00eda en el tema de vivienda digna y agradeci\u00f3 al gobernador Quirino Ordaz Coppel la oportunidad de encabezar las pol\u00edticas p\u00fablicas de CVIVE.<\/span><\/div>\n<div style=\"text-align: justify;\">&nbsp;<\/div>\n<div style=\"text-align: justify;\">&nbsp;<\/div>\n<div style=\"text-align: justify;\">&nbsp;<\/div>\n<div style=\"text-align: justify;\"><span style=\"font-size: 14pt; font-family: arial, helvetica, sans-serif;\">REDACCI\u00d3N\/VISI\u00d3N CIUDADANA.<\/span><\/div>\n","protected":false},"excerpt":{"rendered":"<p>&nbsp; La secretaria de Desarrollo Sustentable, Isabel Mendoza Camacho, &nbsp;tom\u00f3 protesta a Cruz No\u00e9 Heredia Ay\u00f3n como director general de la Comisi\u00f3n de Vivienda del Estado de Sinaloa, en sustituci\u00f3n de Salvador Reynosa Garz\u00f3n.&nbsp; &nbsp; La titular de la SEDESU se\u00f1al\u00f3 que la instrucci\u00f3n del gobernador Quirino Ordaz Coppel es continuar con los proyectos para [&hellip;]<\/p>\n","protected":false},"author":1,"featured_media":6919,"comment_status":"closed","ping_status":"closed","sticky":false,"template":"","format":"standard","meta":{"footnotes":""},"categories":[24],"tags":[],"ppma_author":[31],"class_list":["post-15030","post","type-post","status-publish","format-standard","has-post-thumbnail","hentry","category-relevantes"],"aioseo_notices":[],"authors":[{"term_id":31,"user_id":1,"is_guest":0,"slug":"ivan3vino","display_name":"Iv\u00e1n Trevi\u00f1o","avatar_url":{"url":"https:\/\/visionciudadana.com.mx\/oficial\/wp-content\/uploads\/2025\/09\/columna-ivan-Trevino.png","url2x":"https:\/\/visionciudadana.com.mx\/oficial\/wp-content\/uploads\/2025\/09\/columna-ivan-Trevino.png"},"0":null,"1":"","2":"","3":"","4":"","5":"","6":"","7":"","8":""}],"_links":{"self":[{"href":"https:\/\/visionciudadana.com.mx\/oficial\/wp-json\/wp\/v2\/posts\/15030","targetHints":{"allow":["GET"]}}],"collection":[{"href":"https:\/\/visionciudadana.com.mx\/oficial\/wp-json\/wp\/v2\/posts"}],"about":[{"href":"https:\/\/visionciudadana.com.mx\/oficial\/wp-json\/wp\/v2\/types\/post"}],"author":[{"embeddable":true,"href":"https:\/\/visionciudadana.com.mx\/oficial\/wp-json\/wp\/v2\/users\/1"}],"replies":[{"embeddable":true,"href":"https:\/\/visionciudadana.com.mx\/oficial\/wp-json\/wp\/v2\/comments?post=15030"}],"version-history":[{"count":1,"href":"https:\/\/visionciudadana.com.mx\/oficial\/wp-json\/wp\/v2\/posts\/15030\/revisions"}],"predecessor-version":[{"id":31338,"href":"https:\/\/visionciudadana.com.mx\/oficial\/wp-json\/wp\/v2\/posts\/15030\/revisions\/31338"}],"wp:featuredmedia":[{"embeddable":true,"href":"https:\/\/visionciudadana.com.mx\/oficial\/wp-json\/wp\/v2\/posts\/6919"}],"wp:attachment":[{"href":"https:\/\/visionciudadana.com.mx\/oficial\/wp-json\/wp\/v2\/media?parent=15030"}],"wp:term":[{"taxonomy":"category","embeddable":true,"href":"https:\/\/visionciudadana.com.mx\/oficial\/wp-json\/wp\/v2\/categories?post=15030"},{"taxonomy":"post_tag","embeddable":true,"href":"https:\/\/visionciudadana.com.mx\/oficial\/wp-json\/wp\/v2\/tags?post=15030"},{"taxonomy":"author","embeddable":true,"href":"https:\/\/visionciudadana.com.mx\/oficial\/wp-json\/wp\/v2\/ppma_author?post=15030"}],"curies":[{"name":"wp","href":"https:\/\/api.w.org\/{rel}","templated":true}]}}